{"id":352180,"date":"2018-03-02T09:00:00","date_gmt":"2018-03-02T08:00:00","guid":{"rendered":""},"modified":"2026-01-20T15:43:11","modified_gmt":"2026-01-20T14:43:11","slug":"comment-rediger-le-bail-dun-logement","status":"publish","type":"post","link":"https:\/\/www.monsieurhugo.com\/blog\/2018\/03\/02\/comment-rediger-le-bail-dun-logement\/","title":{"rendered":"Comment bien r\u00e9diger votre bail de location meubl\u00e9 ?"},"content":{"rendered":"<p>[et_pb_section fb_built=\u00a0\u00bb1&Prime; _builder_version=\u00a0\u00bb3.22&Prime;][et_pb_row _builder_version=\u00a0\u00bb3.25&Prime; background_size=\u00a0\u00bbinitial\u00a0\u00bb background_position=\u00a0\u00bbtop_left\u00a0\u00bb background_repeat=\u00a0\u00bbrepeat\u00a0\u00bb][et_pb_column type=\u00a0\u00bb4_4&Prime; _builder_version=\u00a0\u00bb3.25&Prime; custom_padding=\u00a0\u00bb|||\u00a0\u00bb custom_padding__hover=\u00a0\u00bb|||\u00a0\u00bb][et_pb_text _builder_version=\u00a0\u00bb4.4.9&Prime; background_size=\u00a0\u00bbinitial\u00a0\u00bb background_position=\u00a0\u00bbtop_left\u00a0\u00bb background_repeat=\u00a0\u00bbrepeat\u00a0\u00bb hover_enabled=\u00a0\u00bb0&Prime; text_font_size=\u00a0\u00bb19px\u00a0\u00bb]<\/p>\n<p>Le bail est LE contrat de location qui est \u00e9tablie entre vous (propri\u00e9taire) et votre futur locataire et qui fixe les conditions de la location. Il est encadr\u00e9 par la loi avec un certains nombres d\u2019informations obligatoires, des clauses interdites et des annexes \u00e0 ne surtout pas oublier : j\u2019y reviens en d\u00e9tail dans la suite de cet article.<\/p>\n<p>D\u00e8s lors que\u00a0le logement que vous louez est \u00e9quip\u00e9 du mobilier suffisant, \u00e9l\u00e9ments impos\u00e9s par la loi, et que je vais d\u00e9tailler, il devient un logement dit meubl\u00e9.<\/p>\n<p>Vous trouverez aussi un bail de location \u00e0 t\u00e9l\u00e9charger gratuitement au format Word, valid\u00e9 par notre juriste en droit immobilier, conforme Alur, avec toutes les annexes obligatoires.<\/p>\n<ol>\n<li>Les informations relatives aux parties signataires<\/li>\n<li>Les informations indispensables concernant le logement<\/li>\n<li>Votre bien a t&rsquo;il <span style=\"font-family: 'arial' , 'helvetica' , sans-serif;\">l<\/span>es \u00e9quipements obligatoires pour \u00eatre consid\u00e9r\u00e9 comme une location meubl\u00e9e<\/li>\n<li>Comment d\u00e9finir la dur\u00e9e du bail meubl\u00e9<span style=\"font-family: 'arial' , 'helvetica' , sans-serif;\"> ?<\/span><\/li>\n<li>Comment renouveler le bail meubl\u00e9 ou y mettre fin<\/li>\n<li>Le loyer, les charges et le montant du d\u00e9p\u00f4t de garantie<\/li>\n<li>Les documents \u00e0 annexer obligatoirement au bail<\/li>\n<\/ol>\n<h2><span style=\"color: #006fad; font-size: x-large;\">1. Les informations relatives aux parties signataires<\/span><\/h2>\n<p>Comme pour un bail non meubl\u00e9, le contrat de location meubl\u00e9e est conclu entre :<\/p>\n<ul>\n<li>vous, bailleur (il faudra indiquer votre nom, pr\u00e9nom et adresse) ou votre mandataire,<\/li>\n<\/ul>\n<ul>\n<li>et le(s) locataire(s) (nom-pr\u00e9nom) ou, en cas de colocation, les colocataires (noms-pr\u00e9noms)<\/li>\n<\/ul>\n<p>Vous devrez \u00e9tablir ce contrat de bail par \u00e9crit en autant d&rsquo;exemplaires qu&rsquo;il y a de parties (propri\u00e9taire, locataire, colocataires, caution&#8230;).<\/p>\n<p>Le bail peut prendre la forme :<\/p>\n<ul>\n<li>d&rsquo;un acte sous-seing priv\u00e9, c&rsquo;est-\u00e0-dire que le contrat sera r\u00e9dig\u00e9 par vos soins et sign\u00e9 par vous et votre (ou vos) locataire(s)<\/li>\n<li>ou d&rsquo;un <a href=\"http:\/\/www.monsieurhugo.com\/blog\/2018\/02\/le-bail-notarie-avantages.html\" target=\"_blank\" rel=\"noopener noreferrer\"><span style=\"color: blue;\"><u>acte authentique<\/u><\/span><\/a> (contrat r\u00e9dig\u00e9 par un officier public : notaire, huissier&#8230;).<\/li>\n<\/ul>\n<p>Vous avez besoin d&rsquo;un bail de location meubl\u00e9 <span style=\"font-family: 'arial' , 'helvetica' , sans-serif;\">conforme avec toutes les annexes obligatoires et les clauses qui vous prot<span style=\"font-family: 'arial' , 'helvetica' , sans-serif;\">\u00e8gent ?<\/span><\/span><\/p>\n<p>J&rsquo;ai pr\u00e9par\u00e9 avec l&rsquo;avocat de Mons<span style=\"font-family: 'arial' , 'helvetica' , sans-serif;\">ieur Hugo un <strong>bail m<\/strong><span style=\"font-family: 'arial' , 'helvetica' , sans-serif;\"><strong>eubl\u00e9<\/strong> conforme Alur <\/span>au forma<\/span>t Word que vous pouvez <a href=\"http:\/\/file.monsieurhugo.com\/Blog\/Bail%20meuble_Blog_Monsieur%20Hugo.docx\" target=\"_blank\" rel=\"noopener noreferrer\"><span style=\"color: blue;\"><u>t\u00e9l\u00e9charger<\/u><\/span><\/a> et que je vous met \u00e0 disposition gratuitement \ud83d\ude09<\/p>\n<p>N&rsquo;oubliez <span style=\"font-family: 'arial' , 'helvetica' , sans-serif;\">surtout <span style=\"font-family: 'arial' , 'helvetica' , sans-serif;\">pas <span style=\"font-family: 'arial' , 'helvetica' , sans-serif;\">de joindr<span style=\"font-family: 'arial' , 'helvetica' , sans-serif;\">e au bail les <\/span><\/span>annexes obligatoires ! J&rsquo;ai fait un <a href=\"https:\/\/www.monsieurhugo.com\/blog\/2018\/01\/bail-de-location-loi-alur-modele-gratuit-telecharger.html\" target=\"_blank\" rel=\"noopener noreferrer\"><span style=\"color: blue;\"><u>article<\/u><\/span><\/a> d\u00e9di\u00e9 \u00e0 ce sujet o<span style=\"font-family: 'arial' , 'helvetica' , sans-serif;\">u vous pourrez les t\u00e9l\u00e9charger.<\/span><\/span><\/span><\/p>\n<p><span style=\"font-family: 'arial' , 'helvetica' , sans-serif;\"><span style=\"font-family: 'arial' , 'helvetica' , sans-serif;\"><span style=\"font-family: 'arial' , 'helvetica' , sans-serif;\"><span style=\"font-family: 'arial' , 'helvetica' , sans-serif; font-size: large;\">&#8211;&gt; La r\u00e9glem<span style=\"font-family: 'arial' , 'helvetica' , sans-serif;\">entation et les lois <span style=\"font-family: 'arial' , 'helvetica' , sans-serif;\">\u00e9voluent vite,\u00a0 <span style=\"font-family: 'arial' , 'helvetica' , sans-serif;\">je <\/span>mets \u00e0 jour <span style=\"font-family: 'arial' , 'helvetica' , sans-serif;\">les <\/span>d<span style=\"font-family: 'arial' , 'helvetica' , sans-serif;\">ocuments (contrats, mod\u00e8les de lettres&#8230;) r\u00e9guli\u00e8rement. <span style=\"font-family: 'arial' , 'helvetica' , sans-serif;\">I<\/span>nscrivez<span style=\"font-family: 'arial' , 'helvetica' , sans-serif;\">&#8211;<\/span>vous <span style=\"font-family: 'arial' , 'helvetica' , sans-serif;\">\u00e0<\/span> <span style=\"font-family: 'arial' , 'helvetica' , sans-serif;\">ma<\/span> <span style=\"font-family: 'arial' , 'helvetica' , sans-serif;\"><strong>NEWSLETTER<\/strong> pour \u00eatre sur d&rsquo;<span style=\"font-family: 'arial' , 'helvetica' , sans-serif;\">avoir les derni\u00e8res mises \u00e0 jour !<\/span><\/span><\/span><\/span><\/span><\/span> <\/span><\/span><\/span><\/p>\n<h2>2. Les informations indispensables concernant le logement<\/h2>\n<p>Votre bail doit pr\u00e9ciser entre autres :<\/p>\n<ul>\n<li>la localisation du logement : adresse \/ b\u00e2timent \/ \u00e9tage \/ porte&#8230;,<\/li>\n<\/ul>\n<ul>\n<li>le type d&rsquo;habitat : immeuble collectif ou individuel ; et s\u2019il s\u2019agit d\u2019une mono propri\u00e9t\u00e9 ou d\u2019une copropri\u00e9t\u00e9,<\/li>\n<\/ul>\n<ul>\n<li>la p\u00e9riode de construction (avant 1949, de 1949 \u00e0 1974, de 1975 \u00e0 1989, de 1989 \u00e0 2005, depuis 2005),<\/li>\n<\/ul>\n<ul>\n<li>la surface habitable en m\u00b2,<\/li>\n<\/ul>\n<ul>\n<li>le nombre de pi\u00e8ces principales,<\/li>\n<\/ul>\n<ul>\n<li>les annexes (grenier, comble am\u00e9nag\u00e9 ou non, terrasse, balcon, loggia, jardin etc&#8230;),<\/li>\n<\/ul>\n<ul>\n<li>les \u00e9l\u00e9ments d&rsquo;\u00e9quipements du logement (cuisine \u00e9quip\u00e9e, d\u00e9tail des installations sanitaires&#8230;),<\/li>\n<\/ul>\n<ul>\n<li>modalit\u00e9 de production chauffage et d\u2019eau chaude : individuel ou collectif,<\/li>\n<\/ul>\n<ul>\n<li>la destination des locaux : usage d&rsquo;habitation ou usage mixte professionnel et d&rsquo;habitation,<\/li>\n<\/ul>\n<ul>\n<li>dans le cadre d\u2019une copropri\u00e9t\u00e9, \u00e9num\u00e9ration des locaux, parties, \u00e9quipements et accessoires de l&rsquo;immeuble \u00e0 usage commun (garage \u00e0 v\u00e9lo, ascenseur, espaces verts, aires et \u00e9quipements de jeux, laverie, local poubelle, gardiennage, autres prestations et services collectifs&#8230;),<\/li>\n<\/ul>\n<ul>\n<li>le cas \u00e9ch\u00e9ant, \u00e9quipement d&rsquo;acc\u00e8s aux technologies de l&rsquo;information et de la communication (modalit\u00e9s de r\u00e9ception de la t\u00e9l\u00e9vision dans l&rsquo;immeuble, modalit\u00e9s de raccordement internet&#8230;)<\/li>\n<\/ul>\n<h2><span style=\"color: #006fad; font-size: x-large;\">3. Votre bien a t&rsquo;il les \u00e9quipements obligatoires pour \u00eatre consid\u00e9r<span style=\"font-family: 'arial' , 'helvetica' , sans-serif;\">\u00e9 comme <\/span>une location meubl\u00e9e ?<\/span><\/h2>\n<p><span style=\"font-family: 'arial' , 'helvetica' , sans-serif; font-size: large;\">Pour que votre logement puisse \u00eatre lou\u00e9 en meubl\u00e9, la loi\u00a0<\/span>fixe la liste minimale des \u00e9l\u00e9ments de mobilier d&rsquo;un logement meubl\u00e9 (<a href=\"https:\/\/www.legifrance.gouv.fr\/affichTexte.do?cidTexte=JORFTEXT000030967884&amp;categorieLien=id\" target=\"_blank\" rel=\"noopener noreferrer\"><span style=\"color: blue;\"><u>d\u00e9cret n\u00b0 2015-981 du 31 juillet 2015<\/u><\/span><\/a>). Cette liste est non exhaustive mais minimale. Vous pouvez la compl\u00e9ter :<\/p>\n<ul>\n<li><span style=\"font-size: large;\">une literie comprenant une couette ou une couverture, <\/span><\/li>\n<li><span style=\"font-size: large;\">un dispositif d\u2019occultation des fen\u00eatres dans les pi\u00e8ces destin\u00e9es \u00e0 \u00eatre utilis\u00e9es comme chambre \u00e0 coucher (volets ou stores), <\/span><\/li>\n<li><span style=\"font-size: large;\">des plaques de cuisson, <\/span><\/li>\n<li><span style=\"font-size: large;\">un four ou un four \u00e0 micro-ondes, <\/span><\/li>\n<li><span style=\"font-size: large;\">un r\u00e9frig\u00e9rateur et un cong\u00e9lateur ou, au minimum, un r\u00e9frig\u00e9rateur dot\u00e9 d\u2019un compartiment permettant de disposer d\u2019une temp\u00e9rature inf\u00e9rieure ou \u00e9gale \u00e0 \u20136\u00b0C, <\/span><\/li>\n<li><span style=\"font-size: large;\">de la vaisselle (assiettes, verres et couverts), <\/span><\/li>\n<li><span style=\"font-size: large;\">des ustensiles de cuisine, <\/span><\/li>\n<li><span style=\"font-size: large;\">une table et des si\u00e8ges (au minimum 2), <\/span><\/li>\n<li><span style=\"font-size: large;\">des \u00e9tag\u00e8res de rangement, <\/span><\/li>\n<li><span style=\"font-size: large;\">des luminaires, <\/span><\/li>\n<li><span style=\"font-size: large;\">du mat\u00e9riel d\u2019entretien m\u00e9nager (pelle, balai, aspirateur).<\/span><\/li>\n<\/ul>\n<h2><span style=\"color: #006fad; font-size: x-large;\">4. Comm<span style=\"font-family: 'arial' , 'helvetica' , sans-serif;\">ent d\u00e9finir <\/span>la dur\u00e9e du bail meubl\u00e9 ?<\/span><\/h2>\n<p>Comme pour un bail non meubl\u00e9, le contrat d\u00e9bute \u00e0 la date d\u00e9finie dans le bail.<\/p>\n<p>Toutefois la dur\u00e9e du bail d&rsquo;une location meubl\u00e9e est diff\u00e9rente. Elle est d\u2019<strong>1 an avec tacite reconduction<\/strong> \u00e0 son terme (pour une dur\u00e9e d&rsquo;un an et dans les m\u00eames conditions).<\/p>\n<p>Il existe toutefois une exception : les locations consenties \u00e0 un <strong>\u00e9tudiant<\/strong>. Elles sont conclues pour une <strong>dur\u00e9e de 9 mois<\/strong>, et ne sont pas reconduites tacitement \u00e0 leur terme.<\/p>\n<p><span style=\"font-size: large;\">Prochainement je vous ferais un article d\u00e9di\u00e9 sur le bail \u00e9tudiant \ud83d\ude09<\/span><span style=\"font-family: 'arial' , 'helvetica' , sans-serif;\">\u00a0<\/span><\/p>\n<h2><span style=\"font-family: 'arial' , 'helvetica' , sans-serif;\">5. Comment renouveler le bail meubl\u00e9 ou y mettre fin ?<\/span><span style=\"font-family: 'arial' , 'helvetica' , sans-serif;\">\u00a0<\/span><\/h2>\n<p>Comme je vous l&rsquo;indiquais plus haut, le bail\u00a0se renouvelle automatiquement \u00e0 son terme si les parties ne donnent pas cong\u00e9.<\/p>\n<p>Le locataire d&rsquo;un bail meubl\u00e9 peut mettre fin au bail \u00e0 tout moment, apr\u00e8s avoir donn\u00e9 cong\u00e9.<\/p>\n<p>En tant que bailleur, vous pouvez, quant \u00e0 vous, mettre fin au bail uniquement \u00e0 son \u00e9ch\u00e9ance et apr\u00e8s avoir donn\u00e9 cong\u00e9 \u00e0 votre locataire.<\/p>\n<p>Vous devez toutefois respecter un des 3 motifs qui vous permettent de donner cong\u00e9 \u00e0 la fin du bail :<\/p>\n<ul>\n<li>soit pour reprendre le logement en vue de l&rsquo;occuper vous-m\u00eame ou une personne de votre famille,<\/li>\n<\/ul>\n<ul>\n<li>soit pour vendre le bien,<\/li>\n<\/ul>\n<ul>\n<li>soit pour un motif s\u00e9rieux et l\u00e9gitime (troubles du voisinage, loyers non pay\u00e9s&#8230;).<\/li>\n<\/ul>\n<p>La seule exception reste les baux \u00e9tudiants. Leur renouvellement n&rsquo;est pas possible. Le bail prend fin \u00e0 son terme sans que vous ou votre locataire ne soient oblig\u00e9es de donner cong\u00e9.<\/p>\n<p>Un nouveau bail doit alors \u00eatre sign\u00e9 si les parties souhaitent poursuivre la location.<\/p>\n<h2>6. Le loyer, les charges et le montant du d\u00e9p\u00f4t de garantie<\/h2>\n<h3>6.1 Le loyer<\/h3>\n<p>Le d\u00e9tail du montant du loyer mensuel et des charges doit \u00eatre pr\u00e9cis\u00e9 dans le bail.<\/p>\n<p>Vous pouvez fixer librement le loyer. Sauf si votre logement est situ\u00e9 dans une commune des 28 agglom\u00e9rations consid\u00e9r\u00e9es comme zones tendues. Dans ce cas, le montant du loyer est alors r\u00e9glement\u00e9.<\/p>\n<p>Il devra alors \u00eatre \u00e9quivalent au loyer du locataire pr\u00e9c\u00e9dent, sauf :<\/p>\n<ul>\n<li>si le locataire est parti depuis plus de 18 mois,<\/li>\n<\/ul>\n<ul>\n<li>si vous avez entrepris d\u2019importants travaux d\u2019am\u00e9lioration,<\/li>\n<\/ul>\n<ul>\n<li>si le loyer est manifestement sous-\u00e9valu\u00e9 par rapport aux loyers pratiqu\u00e9s dans le quartier.<\/li>\n<\/ul>\n<p>Le mode de paiement (date ou p\u00e9riode de paiement) et les modalit\u00e9s de r\u00e9vision (date de r\u00e9vision ou trimestre de r\u00e9f\u00e9rence de l&rsquo;IRL) du loyer doivent \u00e9galement \u00eatre pr\u00e9cis\u00e9s.<\/p>\n<h3>6.2 Les charges<\/h3>\n<p>Si elles font l&rsquo;objet d&rsquo;un forfait, elles peuvent <a href=\"https:\/\/www.service-public.fr\/particuliers\/vosdroits\/F2066\" target=\"_blank\" rel=\"noopener noreferrer\"><span style=\"color: blue;\"><u>\u00eatre r\u00e9vis\u00e9es<\/u><\/span><\/a> chaque ann\u00e9e dans les m\u00eames conditions que le loyer, c&rsquo;est-\u00e0-dire en fonction de la variation annuelle de <a href=\"https:\/\/www.service-public.fr\/particuliers\/vosdroits\/F13723\" target=\"_blank\" rel=\"noopener noreferrer\"><span style=\"color: blue;\"><u>l&rsquo;IRL<\/u><\/span><\/a>.<\/p>\n<h3>6.3 Les garanties<\/h3>\n<p>Le montant du d\u00e9p\u00f4t de garantie ne peut \u00eatre sup\u00e9rieur \u00e0 deux mois de loyers hors charges.<\/p>\n<h2>7. Les documents \u00e0 annexer obligatoirement au bail<\/h2>\n<p>Le diagnostic technique immobilier est exig\u00e9 par la loi. Il incombe au propri\u00e9taire de l\u2019annexer au contrat de bail vide. Il comprend :<br \/> &#8211; un <a href=\"https:\/\/www.service-public.fr\/particuliers\/vosdroits\/F16096\">diagnostic de performance \u00e9nerg\u00e9tique (DPE)<\/a> ;<br \/> &#8211; un <a href=\"https:\/\/www.service-public.fr\/particuliers\/vosdroits\/F1142\">constat de risque d&rsquo;exposition au plomb (CREP)<\/a> si le logement date d&rsquo;avant janvier 1949 ;<br \/> &#8211; un <a href=\"https:\/\/www.service-public.fr\/particuliers\/vosdroits\/F12239\">\u00e9tat des risques naturels, miniers et technologiques (ERNMT)<\/a> si le logement est situ\u00e9 dans une zone \u00e0 risque ;<br \/> &#8211; un <a href=\"https:\/\/www.service-public.fr\/particuliers\/vosdroits\/F18692\">\u00e9tat de l&rsquo;installation int\u00e9rieure de l&rsquo;\u00e9lectricit\u00e9<\/a> si l&rsquo;installation a plus de 15 ans ;<br \/> &#8211; un <a href=\"https:\/\/www.service-public.fr\/particuliers\/vosdroits\/F17337\">\u00e9tat de l&rsquo;installation int\u00e9rieure du gaz<\/a> si l&rsquo;installation a plus de 15 ans ou si le dernier certificat de conformit\u00e9 a plus de 15 ans.<br \/> D&rsquo;autres documents doivent \u00e9galement \u00eatre annex\u00e9s au bail :<br \/> &#8211; une <a href=\"http:\/\/legifrance.gouv.fr\/affichTexte.do?cidTexte=JORFTEXT000030649902\">notice informative<\/a> ;<\/p>\n<p>&#8211; <a href=\"https:\/\/www.service-public.fr\/particuliers\/vosdroits\/F31270\">l&rsquo;\u00e9tat des lieux d&rsquo;entr\u00e9e<\/a> \u00e9tabli lors de la remise des cl\u00e9s et <a href=\"https:\/\/www.service-public.fr\/particuliers\/vosdroits\/F33671\">l&rsquo;\u00e9tat des lieux de sortie<\/a> r\u00e9alis\u00e9 lors de la restitution des cl\u00e9s ;<\/p>\n<p>&#8211; <a href=\"https:\/\/www.service-public.fr\/particuliers\/vosdroits\/F1349\">l&rsquo;attestation d&rsquo;assurance contre les risques locatifs<\/a> que le locataire doit obligatoirement souscrire ;<br \/> &#8211; l&rsquo;\u00e9num\u00e9ration des \u00e9quipements d&rsquo;acc\u00e8s aux technologies de l&rsquo;information et de la communication (c\u00e2ble, TNT, fibre&#8230;) ;<br \/> &#8211; une copie de la <a href=\"https:\/\/www.service-public.fr\/particuliers\/vosdroits\/F1351\">convention Anah<\/a> si le logement lou\u00e9 est conventionn\u00e9 ;<br \/> &#8211; une copie de la <a href=\"https:\/\/www.service-public.fr\/particuliers\/vosdroits\/F31697\">grille de v\u00e9tust\u00e9<\/a> si le locataire et le propri\u00e9taire ont convenu d&rsquo;en appliquer une ;<br \/> &#8211; si le logement est situ\u00e9 dans un immeuble en copropri\u00e9t\u00e9, un extrait du <a href=\"https:\/\/www.service-public.fr\/particuliers\/vosdroits\/F2589\">r\u00e8glement de copropri\u00e9t\u00e9<\/a>.<\/p>\n<h2><span style=\"color: #006fad; font-family: 'arial' , 'helvetica' , sans-serif; font-size: x-large;\">Conclusion<\/span><\/h2>\n<p><span style=\"font-size: large;\">Retenez que pour pouvoir louer en meubl\u00e9, vous devrez respecter la liste minimale des \u00e9quipements impos\u00e9e par la loi.<\/span><\/p>\n<p><span style=\"font-size: large;\">Le bail vous engage avec votre locataire. <\/span><span style=\"font-size: large;\">Il est donc important de s\u2019assurer qu\u2019il soit bien r\u00e9dig\u00e9 et conforme \u00e0 la r\u00e9glementation.\u00a0<\/span><\/p>\n<p><span style=\"font-size: large;\">Pour \u00e9viter que vous utilisiez un contrat de location impr\u00e9cis et sources de litiges, je vous propose de <a href=\"http:\/\/file.monsieurhugo.com\/Blog\/Bail%20meuble_Blog_Monsieur%20Hugo.docx\" target=\"_blank\" rel=\"noopener noreferrer\"><span style=\"color: blue;\"><u>t\u00e9l\u00e9charger<\/u><\/span><\/a> <span style=\"color: black;\">gratuitement votre bail de location meubl\u00e9e<\/span><span style=\"color: black;\">\u00a0<\/span>conforme Alur au format word, valid\u00e9 par un avocat <span style=\"font-family: 'arial' , 'helvetica' , sans-serif;\">Je vous mets aussi \u00e0 disposition gratuitement les annexes \u00e0 ne sur<span style=\"font-family: 'arial' , 'helvetica' , sans-serif;\">tout pas oubli<span style=\"font-family: 'arial' , 'helvetica' , sans-serif;\">er..<\/span><\/span><\/span>. que vous pourrez t\u00e9l\u00e9charger dans cet <a href=\"https:\/\/www.monsieurhugo.com\/blog\/2018\/01\/bail-de-location-loi-alur-modele-gratuit-telecharger.html\" target=\"_blank\" rel=\"noopener noreferrer\"><span style=\"color: blue;\"><u>article<\/u><\/span><\/a>.<\/span><\/p>\n<p><span style=\"font-size: large;\">Je vous sugg\u00e8re aussi :<\/span><\/p>\n<ul>\n<li><span style=\"font-size: large;\"><a href=\"http:\/\/www.monsieurhugo.com\/blog\/2018\/02\/les-charges-locatives-et-moi.html\" target=\"_blank\" rel=\"noopener noreferrer\"><span style=\"color: blue;\"><u>Les charges locatives. Comment les r\u00e9gulariser ?<\/u><\/span><\/a><\/span><\/li>\n<li><span style=\"font-size: large;\"><a href=\"http:\/\/www.monsieurhugo.com\/blog\/2018\/01\/quittance-de-loyer-modele-a-telecharger.html\" target=\"_blank\" rel=\"noopener noreferrer\"><span style=\"color: blue;\"><u>Tout savoir sur la quittance de loyer &#8211; Mod\u00e8le type \u00e0 t\u00e9l\u00e9charger<\/u><\/span><\/a><\/span><\/li>\n<\/ul>\n<p>[\/et_pb_text][\/et_pb_column][\/et_pb_row][\/et_pb_section]<\/p>\n","protected":false},"excerpt":{"rendered":"<p>Le bail est LE contrat de location qui est \u00e9tablie entre vous (propri\u00e9taire) et votre futur locataire et qui fixe les conditions de la location. Il est encadr\u00e9 par la loi avec un certains nombres d\u2019informations obligatoires, des clauses interdites et des annexes \u00e0 ne surtout pas oublier : j\u2019y reviens en d\u00e9tail dans la [&hellip;]<\/p>\n","protected":false},"author":1,"featured_media":353219,"comment_status":"closed","ping_status":"closed","sticky":false,"template":"","format":"standard","meta":{"_acf_changed":false,"_et_pb_use_builder":"on","_et_pb_old_content":"<table class=\"tr-caption-container\" style=\"margin-left: auto; margin-right: auto; text-align: center;\" cellspacing=\"0\" cellpadding=\"0\" align=\"center\"><tbody><tr><td style=\"text-align: center;\"><img src=\"https:\/\/2.bp.blogspot.com\/-T4xq66K0AH8\/W4ZwUg36FwI\/AAAAAAAAAFc\/lTzTbx6mxA4_1_N07ULR2qhp83FAXj_1gCLcBGAs\/s1600\/bail%2Bmeubl%25C3%25A9.jpeg\" alt=\"Comment r\u00e9diger le bail d'un logement meubl\u00e9\" \/><\/td><\/tr><tr><td class=\"tr-caption\" style=\"text-align: center;\">\u00a0<\/td><\/tr><\/tbody><\/table><p>Le bail est LE contrat de location qui est \u00e9tablie entre vous (propri\u00e9taire) et votre futur locataire et qui fixe les conditions de la location. Il est encadr\u00e9 par la loi avec un certains nombres d\u2019informations obligatoires, des clauses interdites et des annexes \u00e0 ne surtout pas oublier : j\u2019y reviens en d\u00e9tail dans la suite de cet article.<\/p><p>D\u00e8s lors que\u00a0le logement que vous louez est \u00e9quip\u00e9 du mobilier suffisant, \u00e9l\u00e9ments impos\u00e9s par la loi, et que je vais d\u00e9tailler, il devient un logement dit meubl\u00e9.<\/p><p>Vous trouverez aussi un bail de location \u00e0 t\u00e9l\u00e9charger gratuitement au format Word, valid\u00e9 par notre juriste en droit immobilier, conforme Alur, avec toutes les annexes obligatoires.<\/p><ol><li>Les informations relatives aux parties signataires<\/li><li>Les informations indispensables concernant le logement<\/li><li>Votre bien a t'il <span style=\"font-family: 'arial' , 'helvetica' , sans-serif;\">l<\/span>es \u00e9quipements obligatoires pour \u00eatre consid\u00e9r\u00e9 comme une location meubl\u00e9e<\/li><li>Comment d\u00e9finir la dur\u00e9e du bail meubl\u00e9<span style=\"font-family: 'arial' , 'helvetica' , sans-serif;\"> ?<\/span><\/li><li>Comment renouveler le bail meubl\u00e9 ou y mettre fin\u00a0<\/li><li>Le loyer, les charges et le montant du d\u00e9p\u00f4t de garantie<\/li><li>Les documents \u00e0 annexer obligatoirement au bail<\/li><\/ol><h2><span style=\"color: #006fad; font-size: x-large;\">1. Les informations relatives aux parties signataires<\/span><\/h2><p>Comme pour un bail non meubl\u00e9, le contrat de location meubl\u00e9e est conclu entre :<\/p><ul><li>vous, bailleur (il faudra indiquer votre nom, pr\u00e9nom et adresse) ou votre mandataire,<\/li><\/ul><ul><li>et le(s) locataire(s) (nom-pr\u00e9nom) ou, en cas de colocation, les colocataires (noms-pr\u00e9noms)<\/li><\/ul><p>Vous devrez \u00e9tablir ce contrat de bail par \u00e9crit en autant d'exemplaires qu'il y a de parties (propri\u00e9taire, locataire, colocataires, caution...).\u00a0<\/p><p>Le bail peut prendre la forme :\u00a0<\/p><ul><li>d'un acte sous-seing priv\u00e9, c'est-\u00e0-dire que le contrat sera r\u00e9dig\u00e9 par vos soins et sign\u00e9 par vous et votre (ou vos) locataire(s)<\/li><li>ou d'un <a href=\"http:\/\/www.monsieurhugo.com\/blog\/2018\/02\/le-bail-notarie-avantages.html\" target=\"_blank\" rel=\"noopener noreferrer\"><span style=\"color: blue;\"><u>acte authentique<\/u><\/span><\/a> (contrat r\u00e9dig\u00e9 par un officier public : notaire, huissier...).<\/li><\/ul><p>Vous avez besoin d'un bail de location meubl\u00e9 <span style=\"font-family: 'arial' , 'helvetica' , sans-serif;\">conforme avec toutes les annexes obligatoires et les clauses qui vous prot<span style=\"font-family: 'arial' , 'helvetica' , sans-serif;\">\u00e8gent ?<\/span><\/span><\/p><p>J'ai pr\u00e9par\u00e9 avec l'avocat de Mons<span style=\"font-family: 'arial' , 'helvetica' , sans-serif;\">ieur Hugo un <strong>bail m<\/strong><span style=\"font-family: 'arial' , 'helvetica' , sans-serif;\"><strong>eubl\u00e9<\/strong> conforme Alur <\/span>au forma<\/span>t Word que vous pouvez <a href=\"http:\/\/file.monsieurhugo.com\/Blog\/Bail%20meuble_Blog_Monsieur%20Hugo.docx\" target=\"_blank\" rel=\"noopener noreferrer\"><span style=\"color: blue;\"><u>t\u00e9l\u00e9charger<\/u><\/span><\/a> et que je vous met \u00e0 disposition gratuitement ;-)<\/p><p>N'oubliez <span style=\"font-family: 'arial' , 'helvetica' , sans-serif;\">surtout <span style=\"font-family: 'arial' , 'helvetica' , sans-serif;\">pas <span style=\"font-family: 'arial' , 'helvetica' , sans-serif;\">de joindr<span style=\"font-family: 'arial' , 'helvetica' , sans-serif;\">e au bail les <\/span><\/span>annexes obligatoires ! J'ai fait un <a href=\"https:\/\/www.monsieurhugo.com\/blog\/2018\/01\/bail-de-location-loi-alur-modele-gratuit-telecharger.html\" target=\"_blank\" rel=\"noopener noreferrer\"><span style=\"color: blue;\"><u>article<\/u><\/span><\/a> d\u00e9di\u00e9 \u00e0 ce sujet o<span style=\"font-family: 'arial' , 'helvetica' , sans-serif;\">u vous pourrez les t\u00e9l\u00e9charger.<\/span><\/span><\/span><\/p><p><span style=\"font-family: 'arial' , 'helvetica' , sans-serif;\"><span style=\"font-family: 'arial' , 'helvetica' , sans-serif;\"><span style=\"font-family: 'arial' , 'helvetica' , sans-serif;\"><span style=\"font-family: 'arial' , 'helvetica' , sans-serif; font-size: large;\">--> La r\u00e9glem<span style=\"font-family: 'arial' , 'helvetica' , sans-serif;\">entation et les lois <span style=\"font-family: 'arial' , 'helvetica' , sans-serif;\">\u00e9voluent vite,\u00a0 <span style=\"font-family: 'arial' , 'helvetica' , sans-serif;\">je <\/span>mets \u00e0 jour <span style=\"font-family: 'arial' , 'helvetica' , sans-serif;\">les <\/span>d<span style=\"font-family: 'arial' , 'helvetica' , sans-serif;\">ocuments (contrats, mod\u00e8les de lettres...) r\u00e9guli\u00e8rement. <span style=\"font-family: 'arial' , 'helvetica' , sans-serif;\">I<\/span>nscrivez<span style=\"font-family: 'arial' , 'helvetica' , sans-serif;\">-<\/span>vous <span style=\"font-family: 'arial' , 'helvetica' , sans-serif;\">\u00e0<\/span> <span style=\"font-family: 'arial' , 'helvetica' , sans-serif;\">ma<\/span> <span style=\"font-family: 'arial' , 'helvetica' , sans-serif;\"><strong>NEWSLETTER<\/strong> pour \u00eatre sur d'<span style=\"font-family: 'arial' , 'helvetica' , sans-serif;\">avoir les derni\u00e8res mises \u00e0 jour !<\/span><\/span><\/span><\/span><\/span><\/span> <\/span><\/span><\/span><\/p><h2>2. Les informations indispensables concernant le logement<\/h2><p>Votre bail doit pr\u00e9ciser entre autres :<\/p><ul><li>la localisation du logement : adresse \/ b\u00e2timent \/ \u00e9tage \/ porte...,<\/li><\/ul><ul><li>le type d'habitat : immeuble collectif ou individuel ; et s\u2019il s\u2019agit d\u2019une mono propri\u00e9t\u00e9 ou d\u2019une copropri\u00e9t\u00e9,<\/li><\/ul><ul><li>la p\u00e9riode de construction (avant 1949, de 1949 \u00e0 1974, de 1975 \u00e0 1989, de 1989 \u00e0 2005, depuis 2005),<\/li><\/ul><ul><li>la surface habitable en m\u00b2,<\/li><\/ul><ul><li>le nombre de pi\u00e8ces principales,<\/li><\/ul><ul><li>les annexes (grenier, comble am\u00e9nag\u00e9 ou non, terrasse, balcon, loggia, jardin etc...),\u00a0<\/li><\/ul><ul><li>les \u00e9l\u00e9ments d'\u00e9quipements du logement (cuisine \u00e9quip\u00e9e, d\u00e9tail des installations sanitaires...),<\/li><\/ul><ul><li>modalit\u00e9 de production chauffage et d\u2019eau chaude : individuel ou collectif,<\/li><\/ul><ul><li>la destination des locaux : usage d'habitation ou usage mixte professionnel et d'habitation,<\/li><\/ul><ul><li>dans le cadre d\u2019une copropri\u00e9t\u00e9, \u00e9num\u00e9ration des locaux, parties, \u00e9quipements et accessoires de l'immeuble \u00e0 usage commun (garage \u00e0 v\u00e9lo, ascenseur, espaces verts, aires et \u00e9quipements de jeux, laverie, local poubelle, gardiennage, autres prestations et services collectifs...),<\/li><\/ul><ul><li>le cas \u00e9ch\u00e9ant, \u00e9quipement d'acc\u00e8s aux technologies de l'information et de la communication (modalit\u00e9s de r\u00e9ception de la t\u00e9l\u00e9vision dans l'immeuble, modalit\u00e9s de raccordement internet...)<\/li><\/ul><h2><span style=\"color: #006fad; font-size: x-large;\">3. Votre bien a t'il les \u00e9quipements obligatoires pour \u00eatre consid\u00e9r<span style=\"font-family: 'arial' , 'helvetica' , sans-serif;\">\u00e9 comme <\/span>une location meubl\u00e9e ?<\/span><\/h2><p><span style=\"font-family: 'arial' , 'helvetica' , sans-serif; font-size: large;\">Pour que votre logement puisse \u00eatre lou\u00e9 en meubl\u00e9, la loi\u00a0<\/span>fixe la liste minimale des \u00e9l\u00e9ments de mobilier d'un logement meubl\u00e9 (<a href=\"https:\/\/www.legifrance.gouv.fr\/affichTexte.do?cidTexte=JORFTEXT000030967884&categorieLien=id\" target=\"_blank\" rel=\"noopener noreferrer\"><span style=\"color: blue;\"><u>d\u00e9cret n\u00b0 2015-981 du 31 juillet 2015<\/u><\/span><\/a>). Cette liste est non exhaustive mais minimale. Vous pouvez la compl\u00e9ter :<\/p><ul><li><span style=\"font-size: large;\">une literie comprenant une couette ou une couverture, <\/span><\/li><li><span style=\"font-size: large;\">un dispositif d\u2019occultation des fen\u00eatres dans les pi\u00e8ces destin\u00e9es \u00e0 \u00eatre utilis\u00e9es comme chambre \u00e0 coucher (volets ou stores), <\/span><\/li><li><span style=\"font-size: large;\">des plaques de cuisson, <\/span><\/li><li><span style=\"font-size: large;\">un four ou un four \u00e0 micro-ondes, <\/span><\/li><li><span style=\"font-size: large;\">un r\u00e9frig\u00e9rateur et un cong\u00e9lateur ou, au minimum, un r\u00e9frig\u00e9rateur dot\u00e9 d\u2019un compartiment permettant de disposer d\u2019une temp\u00e9rature inf\u00e9rieure ou \u00e9gale \u00e0 \u20136\u00b0C, <\/span><\/li><li><span style=\"font-size: large;\">de la vaisselle (assiettes, verres et couverts), <\/span><\/li><li><span style=\"font-size: large;\">des ustensiles de cuisine, <\/span><\/li><li><span style=\"font-size: large;\">une table et des si\u00e8ges (au minimum 2), <\/span><\/li><li><span style=\"font-size: large;\">des \u00e9tag\u00e8res de rangement, <\/span><\/li><li><span style=\"font-size: large;\">des luminaires, <\/span><\/li><li><span style=\"font-size: large;\">du mat\u00e9riel d\u2019entretien m\u00e9nager (pelle, balai, aspirateur).<\/span><\/li><\/ul><h2><span style=\"color: #006fad; font-size: x-large;\">4. Comm<span style=\"font-family: 'arial' , 'helvetica' , sans-serif;\">ent d\u00e9finir <\/span>la dur\u00e9e du bail meubl\u00e9 ?<\/span><\/h2><p>Comme pour un bail non meubl\u00e9, le contrat d\u00e9bute \u00e0 la date d\u00e9finie dans le bail.\u00a0<\/p><p>Toutefois la dur\u00e9e du bail d'une location meubl\u00e9e est diff\u00e9rente. Elle est d\u2019<strong>1 an avec tacite reconduction<\/strong> \u00e0 son terme (pour une dur\u00e9e d'un an et dans les m\u00eames conditions).<\/p><p>Il existe toutefois une exception : les locations consenties \u00e0 un <strong>\u00e9tudiant<\/strong>. Elles sont conclues pour une <strong>dur\u00e9e de 9 mois<\/strong>, et ne sont pas reconduites tacitement \u00e0 leur terme.<\/p><p><span style=\"font-size: large;\"><br \/>Prochainement je vous ferais un article d\u00e9di\u00e9 sur le bail \u00e9tudiant ;-)<\/span><\/p><p><span style=\"font-family: 'arial' , 'helvetica' , sans-serif;\">\u00a0<\/span><\/p><h2><span style=\"font-family: 'arial' , 'helvetica' , sans-serif;\">5. Comment renouveler le bail meubl\u00e9 ou y mettre fin ?<\/span><span style=\"font-family: 'arial' , 'helvetica' , sans-serif;\">\u00a0<\/span><\/h2><p>Comme je vous l'indiquais plus haut, le bail\u00a0se renouvelle automatiquement \u00e0 son terme si les parties ne donnent pas cong\u00e9.<\/p><p>Le locataire d'un bail meubl\u00e9 peut mettre fin au bail \u00e0 tout moment, apr\u00e8s avoir donn\u00e9 cong\u00e9.\u00a0<\/p><p>En tant que bailleur, vous pouvez, quant \u00e0 vous, mettre fin au bail uniquement \u00e0 son \u00e9ch\u00e9ance et apr\u00e8s avoir donn\u00e9 cong\u00e9 \u00e0 votre locataire.\u00a0<\/p><p>Vous devez toutefois respecter un des 3 motifs qui vous permettent de donner cong\u00e9 \u00e0 la fin du bail :<\/p><ul><li>soit pour reprendre le logement en vue de l'occuper vous-m\u00eame ou une personne de votre famille,\u00a0<\/li><\/ul><ul><li>soit pour vendre le bien,\u00a0<\/li><\/ul><ul><li>soit pour un motif s\u00e9rieux et l\u00e9gitime (troubles du voisinage, loyers non pay\u00e9s...).<\/li><\/ul><p>La seule exception reste les baux \u00e9tudiants. Leur renouvellement n'est pas possible. Le bail prend fin \u00e0 son terme sans que vous ou votre locataire ne soient oblig\u00e9es de donner cong\u00e9.<br \/>Un nouveau bail doit alors \u00eatre sign\u00e9 si les parties souhaitent poursuivre la location.<\/p><h2>6. Le loyer, les charges et le montant du d\u00e9p\u00f4t de garantie<\/h2><h3>6.1 Le loyer\u00a0<\/h3><p>Le d\u00e9tail du montant du loyer mensuel et des charges doit \u00eatre pr\u00e9cis\u00e9 dans le bail.<\/p><p>Vous pouvez fixer librement le loyer. Sauf si votre logement est situ\u00e9 dans une commune des 28 agglom\u00e9rations consid\u00e9r\u00e9es comme zones tendues. Dans ce cas, le montant du loyer est alors r\u00e9glement\u00e9.\u00a0<\/p><p>Il devra alors \u00eatre \u00e9quivalent au loyer du locataire pr\u00e9c\u00e9dent, sauf :<\/p><ul><li>si le locataire est parti depuis plus de 18 mois,<\/li><\/ul><ul><li>si vous avez entrepris d\u2019importants travaux d\u2019am\u00e9lioration,\u00a0<\/li><\/ul><ul><li>si le loyer est manifestement sous-\u00e9valu\u00e9 par rapport aux loyers pratiqu\u00e9s dans le quartier.<\/li><\/ul><p>Le mode de paiement (date ou p\u00e9riode de paiement) et les modalit\u00e9s de r\u00e9vision (date de r\u00e9vision ou trimestre de r\u00e9f\u00e9rence de l'IRL) du loyer doivent \u00e9galement \u00eatre pr\u00e9cis\u00e9s.<\/p><h3>6.2 Les charges\u00a0<\/h3><p>Si elles font l'objet d'un forfait, elles peuvent <a href=\"https:\/\/www.service-public.fr\/particuliers\/vosdroits\/F2066\" target=\"_blank\" rel=\"noopener noreferrer\"><span style=\"color: blue;\"><u>\u00eatre r\u00e9vis\u00e9es<\/u><\/span><\/a> chaque ann\u00e9e dans les m\u00eames conditions que le loyer, c'est-\u00e0-dire en fonction de la variation annuelle de <a href=\"https:\/\/www.service-public.fr\/particuliers\/vosdroits\/F13723\" target=\"_blank\" rel=\"noopener noreferrer\"><span style=\"color: blue;\"><u>l'IRL<\/u><\/span><\/a>.<\/p><h3>6.3 Les garanties\u00a0<\/h3><p>Le montant du d\u00e9p\u00f4t de garantie ne peut \u00eatre sup\u00e9rieur \u00e0 deux mois de loyers hors charges.<\/p><h2>\u00a0<\/h2><h2>7. Les documents \u00e0 annexer obligatoirement au bail<\/h2><p>Le diagnostic technique immobilier est exig\u00e9 par la loi. Il incombe au propri\u00e9taire de l\u2019annexer au contrat de bail vide. Il comprend :<br \/>- un <a href=\"https:\/\/www.service-public.fr\/particuliers\/vosdroits\/F16096\">diagnostic de performance \u00e9nerg\u00e9tique (DPE)<\/a> ;<br \/>- un <a href=\"https:\/\/www.service-public.fr\/particuliers\/vosdroits\/F1142\">constat de risque d'exposition au plomb (CREP)<\/a> si le logement date d'avant janvier 1949 ;<br \/>- un <a href=\"https:\/\/www.service-public.fr\/particuliers\/vosdroits\/F12239\">\u00e9tat des risques naturels, miniers et technologiques (ERNMT)<\/a> si le logement est situ\u00e9 dans une zone \u00e0 risque ;<br \/>- un <a href=\"https:\/\/www.service-public.fr\/particuliers\/vosdroits\/F18692\">\u00e9tat de l'installation int\u00e9rieure de l'\u00e9lectricit\u00e9<\/a> si l'installation a plus de 15 ans ;<br \/>- un <a href=\"https:\/\/www.service-public.fr\/particuliers\/vosdroits\/F17337\">\u00e9tat de l'installation int\u00e9rieure du gaz<\/a> si l'installation a plus de 15 ans ou si le dernier certificat de conformit\u00e9 a plus de 15 ans.<br \/>\u00a0<\/p><p>D'autres documents doivent \u00e9galement \u00eatre annex\u00e9s au bail :<br \/>- une <a href=\"http:\/\/legifrance.gouv.fr\/affichTexte.do?cidTexte=JORFTEXT000030649902\">notice informative<\/a> ;<\/p><p>- <a href=\"https:\/\/www.service-public.fr\/particuliers\/vosdroits\/F31270\">l'\u00e9tat des lieux d'entr\u00e9e<\/a> \u00e9tabli lors de la remise des cl\u00e9s et <a href=\"https:\/\/www.service-public.fr\/particuliers\/vosdroits\/F33671\">l'\u00e9tat des lieux de sortie<\/a> r\u00e9alis\u00e9 lors de la restitution des cl\u00e9s ;<\/p><p>- <a href=\"https:\/\/www.service-public.fr\/particuliers\/vosdroits\/F1349\">l'attestation d'assurance contre les risques locatifs<\/a> que le locataire doit obligatoirement souscrire ;<br \/>- l'\u00e9num\u00e9ration des \u00e9quipements d'acc\u00e8s aux technologies de l'information et de la communication (c\u00e2ble, TNT, fibre...) ;<br \/>- une copie de la <a href=\"https:\/\/www.service-public.fr\/particuliers\/vosdroits\/F1351\">convention Anah<\/a> si le logement lou\u00e9 est conventionn\u00e9 ;<br \/>- une copie de la <a href=\"https:\/\/www.service-public.fr\/particuliers\/vosdroits\/F31697\">grille de v\u00e9tust\u00e9<\/a> si le locataire et le propri\u00e9taire ont convenu d'en appliquer une ;<br \/>- si le logement est situ\u00e9 dans un immeuble en copropri\u00e9t\u00e9, un extrait du <a href=\"https:\/\/www.service-public.fr\/particuliers\/vosdroits\/F2589\">r\u00e8glement de copropri\u00e9t\u00e9<\/a>.<\/p><h2><span style=\"color: #006fad; font-family: 'arial' , 'helvetica' , sans-serif; font-size: x-large;\">Conclusion<\/span><\/h2><p><span style=\"font-size: large;\">Retenez que pour pouvoir louer en meubl\u00e9, vous devrez respecter la liste minimale des \u00e9quipements impos\u00e9e par la loi.<\/span><\/p><p><span style=\"font-size: large;\">Le bail vous engage avec votre locataire. <\/span><span style=\"font-size: large;\">Il est donc important de s\u2019assurer qu\u2019il soit bien r\u00e9dig\u00e9 et conforme \u00e0 la r\u00e9glementation.\u00a0<\/span><\/p><p><span style=\"font-size: large;\">Pour \u00e9viter que vous utilisiez un contrat de location impr\u00e9cis et sources de litiges, je vous propose de <a href=\"http:\/\/file.monsieurhugo.com\/Blog\/Bail%20meuble_Blog_Monsieur%20Hugo.docx\" target=\"_blank\" rel=\"noopener noreferrer\"><span style=\"color: blue;\"><u>t\u00e9l\u00e9charger<\/u><\/span><\/a> <span style=\"color: black;\">gratuitement votre bail de location meubl\u00e9e<\/span><span style=\"color: black;\">\u00a0<\/span>conforme Alur au format word, valid\u00e9 par un avocat <span style=\"font-family: 'arial' , 'helvetica' , sans-serif;\">Je vous mets aussi \u00e0 disposition gratuitement les annexes \u00e0 ne sur<span style=\"font-family: 'arial' , 'helvetica' , sans-serif;\">tout pas oubli<span style=\"font-family: 'arial' , 'helvetica' , sans-serif;\">er..<\/span><\/span><\/span>. que vous pourrez t\u00e9l\u00e9charger dans cet <a href=\"https:\/\/www.monsieurhugo.com\/blog\/2018\/01\/bail-de-location-loi-alur-modele-gratuit-telecharger.html\" target=\"_blank\" rel=\"noopener noreferrer\"><span style=\"color: blue;\"><u>article<\/u><\/span><\/a>.<\/span><\/p><p><span style=\"font-size: large;\">Maintenant, je vous laisse compl\u00e9ter votre bail de location.<\/span><\/p><p><span style=\"font-size: large;\">Bonne location !<\/span><\/p><p><span style=\"font-size: large;\">A tr\u00e8s vite,\u00a0<\/span><\/p><p><span style=\"font-size: large;\"><strong><span style=\"color: #006fad;\">Monsieur Hugo<\/span><\/strong>, votre assistant personnel en gestion locative.<\/span><\/p><p><span style=\"font-size: large;\">\u00a0<\/span><span style=\"font-size: large;\"><span style=\"font-family: 'arial' , 'helvetica' , sans-serif;\"><span style=\"font-size: large;\"><strong>\u00a0<\/strong><\/span><\/span><\/span><\/p><p><span style=\"font-size: large;\"><span style=\"font-family: 'arial' , 'helvetica' , sans-serif;\"><span style=\"font-size: large;\"><strong>Restons en conta<\/strong><span style=\"font-family: 'arial' , 'helvetica' , sans-serif;\"><strong>ct !<\/strong><\/span><\/span><\/span><\/span><\/p><p><span style=\"font-size: large;\"><strong><span style=\"font-family: 'arial' , 'helvetica' , sans-serif;\">Inscrive<span style=\"font-family: 'arial' , 'helvetica' , sans-serif;\">z-vous \u00e0 <span style=\"font-family: 'arial' , 'helvetica' , sans-serif;\">ma <span style=\"font-family: 'arial' , 'helvetica' , sans-serif;\">NEWSLETTER <\/span><\/span><\/span><\/span><\/strong><span style=\"font-family: 'arial' , 'helvetica' , sans-serif;\"><span style=\"font-family: 'arial' , 'helvetica' , sans-serif;\"><span style=\"font-family: 'arial' , 'helvetica' , sans-serif;\">pour <span style=\"font-family: 'arial' , 'helvetica' , sans-serif;\">recevoir<\/span> les dernie<span style=\"font-family: 'arial' , 'helvetica' , sans-serif;\">rs docu<span style=\"font-family: 'arial' , 'helvetica' , sans-serif;\">ments contractu<span style=\"font-family: 'arial' , 'helvetica' , sans-serif;\">els \u00e0 jour (bail, \u00e9tat des lieux, mod\u00e8les de lettres, acte de ca<span style=\"font-family: 'arial' , 'helvetica' , sans-serif;\">ution<\/span>...), je les mets \u00e0 jour r\u00e9guli\u00e8rement en fonction des \u00e9volution<span style=\"font-family: 'arial' , 'helvetica' , sans-serif;\">s r\u00e9glementaires.<\/span> <\/span><\/span><\/span><\/span><\/span><\/span><\/span><\/p><p><span style=\"font-size: large;\"><span style=\"font-family: 'arial' , 'helvetica' , sans-serif;\"><span style=\"font-size: large;\"><span style=\"font-family: 'arial' , 'helvetica' , sans-serif;\"><strong>Retrouvez-moi sur<\/strong> <a href=\"https:\/\/www.facebook.com\/assistantmonsieurhugo\" target=\"_blank\" rel=\"noopener noreferrer\"><span style=\"color: blue;\"><u>Facebook<\/u><\/span><\/a><\/span><u> <\/u><\/span><\/span>\u00a0<\/span><\/p><p><span style=\"font-size: large;\">Je vous sugg\u00e8re aussi :<\/span><\/p><p><span style=\"font-size: large;\">> <a href=\"http:\/\/www.monsieurhugo.com\/blog\/2018\/02\/les-charges-locatives-et-moi.html\" target=\"_blank\" rel=\"noopener noreferrer\"><span style=\"color: blue;\"><u>Les charges locatives. Comment les r\u00e9gulariser ?<\/u><\/span><\/a><\/span><\/p><p><span style=\"font-size: large;\">> <a href=\"http:\/\/www.monsieurhugo.com\/blog\/2018\/01\/quittance-de-loyer-modele-a-telecharger.html\" target=\"_blank\" rel=\"noopener noreferrer\"><span style=\"color: blue;\"><u>Tout savoir sur la quittance de loyer - Mod\u00e8le type \u00e0 t\u00e9l\u00e9charger<\/u><\/span><\/a><\/span><\/p>","_et_gb_content_width":"","footnotes":""},"categories":[53],"tags":[],"class_list":["post-352180","post","type-post","status-publish","format-standard","has-post-thumbnail","hentry","category-bail"],"acf":[],"yoast_head":"<!-- This site is optimized with the Yoast SEO plugin v27.5 - https:\/\/yoast.com\/product\/yoast-seo-wordpress\/ -->\n<title>Comment bien r\u00e9diger votre bail de location meubl\u00e9 ? - Monsieur Hugo<\/title>\n<meta name=\"robots\" content=\"index, follow, max-snippet:-1, max-image-preview:large, max-video-preview:-1\" \/>\n<link rel=\"canonical\" href=\"https:\/\/www.monsieurhugo.com\/blog\/2018\/03\/02\/comment-rediger-le-bail-dun-logement\/\" \/>\n<meta property=\"og:locale\" content=\"fr_FR\" \/>\n<meta property=\"og:type\" content=\"article\" \/>\n<meta property=\"og:title\" content=\"Comment bien r\u00e9diger votre bail de location meubl\u00e9 ? - Monsieur Hugo\" \/>\n<meta property=\"og:description\" content=\"Le bail est LE contrat de location qui est \u00e9tablie entre vous (propri\u00e9taire) et votre futur locataire et qui fixe les conditions de la location. Il est encadr\u00e9 par la loi avec un certains nombres d\u2019informations obligatoires, des clauses interdites et des annexes \u00e0 ne surtout pas oublier : j\u2019y reviens en d\u00e9tail dans la [&hellip;]\" \/>\n<meta property=\"og:url\" content=\"https:\/\/www.monsieurhugo.com\/blog\/2018\/03\/02\/comment-rediger-le-bail-dun-logement\/\" \/>\n<meta property=\"og:site_name\" content=\"Monsieur Hugo\" \/>\n<meta property=\"article:publisher\" content=\"https:\/\/www.facebook.com\/assistantmonsieurhugo\/\" \/>\n<meta property=\"article:published_time\" content=\"2018-03-02T08:00:00+00:00\" \/>\n<meta property=\"article:modified_time\" content=\"2026-01-20T14:43:11+00:00\" \/>\n<meta property=\"og:image\" content=\"https:\/\/www.monsieurhugo.com\/blog\/wp-content\/uploads\/2018\/03\/bail-meubl\u00e9.jpg\" \/>\n\t<meta property=\"og:image:width\" content=\"800\" \/>\n\t<meta property=\"og:image:height\" content=\"533\" \/>\n\t<meta property=\"og:image:type\" content=\"image\/jpeg\" \/>\n<meta name=\"author\" content=\"Bruno Cantegrel\" \/>\n<meta name=\"twitter:card\" content=\"summary_large_image\" \/>\n<meta name=\"twitter:creator\" content=\"@monsieurhugo_\" \/>\n<meta name=\"twitter:site\" content=\"@monsieurhugo_\" \/>\n<meta name=\"twitter:label1\" content=\"\u00c9crit par\" \/>\n\t<meta name=\"twitter:data1\" content=\"Bruno Cantegrel\" \/>\n\t<meta name=\"twitter:label2\" content=\"Dur\u00e9e de lecture estim\u00e9e\" \/>\n\t<meta name=\"twitter:data2\" content=\"8 minutes\" \/>\n<script type=\"application\/ld+json\" class=\"yoast-schema-graph\">{\"@context\":\"https:\\\/\\\/schema.org\",\"@graph\":[{\"@type\":\"Article\",\"@id\":\"https:\\\/\\\/www.monsieurhugo.com\\\/blog\\\/2018\\\/03\\\/02\\\/comment-rediger-le-bail-dun-logement\\\/#article\",\"isPartOf\":{\"@id\":\"https:\\\/\\\/www.monsieurhugo.com\\\/blog\\\/2018\\\/03\\\/02\\\/comment-rediger-le-bail-dun-logement\\\/\"},\"author\":{\"name\":\"Bruno Cantegrel\",\"@id\":\"https:\\\/\\\/www.monsieurhugo.com\\\/blog\\\/#\\\/schema\\\/person\\\/c46c67fabd9bedfa0ce7d1f4142116c3\"},\"headline\":\"Comment bien r\u00e9diger votre bail de location meubl\u00e9 ?\",\"datePublished\":\"2018-03-02T08:00:00+00:00\",\"dateModified\":\"2026-01-20T14:43:11+00:00\",\"mainEntityOfPage\":{\"@id\":\"https:\\\/\\\/www.monsieurhugo.com\\\/blog\\\/2018\\\/03\\\/02\\\/comment-rediger-le-bail-dun-logement\\\/\"},\"wordCount\":1742,\"publisher\":{\"@id\":\"https:\\\/\\\/www.monsieurhugo.com\\\/blog\\\/#organization\"},\"image\":{\"@id\":\"https:\\\/\\\/www.monsieurhugo.com\\\/blog\\\/2018\\\/03\\\/02\\\/comment-rediger-le-bail-dun-logement\\\/#primaryimage\"},\"thumbnailUrl\":\"https:\\\/\\\/www.monsieurhugo.com\\\/blog\\\/wp-content\\\/uploads\\\/2018\\\/03\\\/bail-meubl\u00e9.jpg\",\"articleSection\":[\"Contrat de bail\"],\"inLanguage\":\"fr-FR\"},{\"@type\":\"WebPage\",\"@id\":\"https:\\\/\\\/www.monsieurhugo.com\\\/blog\\\/2018\\\/03\\\/02\\\/comment-rediger-le-bail-dun-logement\\\/\",\"url\":\"https:\\\/\\\/www.monsieurhugo.com\\\/blog\\\/2018\\\/03\\\/02\\\/comment-rediger-le-bail-dun-logement\\\/\",\"name\":\"Comment bien r\u00e9diger votre bail de location meubl\u00e9 ? - Monsieur Hugo\",\"isPartOf\":{\"@id\":\"https:\\\/\\\/www.monsieurhugo.com\\\/blog\\\/#website\"},\"primaryImageOfPage\":{\"@id\":\"https:\\\/\\\/www.monsieurhugo.com\\\/blog\\\/2018\\\/03\\\/02\\\/comment-rediger-le-bail-dun-logement\\\/#primaryimage\"},\"image\":{\"@id\":\"https:\\\/\\\/www.monsieurhugo.com\\\/blog\\\/2018\\\/03\\\/02\\\/comment-rediger-le-bail-dun-logement\\\/#primaryimage\"},\"thumbnailUrl\":\"https:\\\/\\\/www.monsieurhugo.com\\\/blog\\\/wp-content\\\/uploads\\\/2018\\\/03\\\/bail-meubl\u00e9.jpg\",\"datePublished\":\"2018-03-02T08:00:00+00:00\",\"dateModified\":\"2026-01-20T14:43:11+00:00\",\"breadcrumb\":{\"@id\":\"https:\\\/\\\/www.monsieurhugo.com\\\/blog\\\/2018\\\/03\\\/02\\\/comment-rediger-le-bail-dun-logement\\\/#breadcrumb\"},\"inLanguage\":\"fr-FR\",\"potentialAction\":[{\"@type\":\"ReadAction\",\"target\":[\"https:\\\/\\\/www.monsieurhugo.com\\\/blog\\\/2018\\\/03\\\/02\\\/comment-rediger-le-bail-dun-logement\\\/\"]}]},{\"@type\":\"ImageObject\",\"inLanguage\":\"fr-FR\",\"@id\":\"https:\\\/\\\/www.monsieurhugo.com\\\/blog\\\/2018\\\/03\\\/02\\\/comment-rediger-le-bail-dun-logement\\\/#primaryimage\",\"url\":\"https:\\\/\\\/www.monsieurhugo.com\\\/blog\\\/wp-content\\\/uploads\\\/2018\\\/03\\\/bail-meubl\u00e9.jpg\",\"contentUrl\":\"https:\\\/\\\/www.monsieurhugo.com\\\/blog\\\/wp-content\\\/uploads\\\/2018\\\/03\\\/bail-meubl\u00e9.jpg\",\"width\":800,\"height\":533},{\"@type\":\"BreadcrumbList\",\"@id\":\"https:\\\/\\\/www.monsieurhugo.com\\\/blog\\\/2018\\\/03\\\/02\\\/comment-rediger-le-bail-dun-logement\\\/#breadcrumb\",\"itemListElement\":[{\"@type\":\"ListItem\",\"position\":1,\"name\":\"Logiciel Gestion Locative En Ligne\",\"item\":\"https:\\\/\\\/www.monsieurhugo.com\\\/blog\\\/\"},{\"@type\":\"ListItem\",\"position\":2,\"name\":\"Contrat de bail\",\"item\":\"https:\\\/\\\/www.monsieurhugo.com\\\/blog\\\/category\\\/bail\\\/\"},{\"@type\":\"ListItem\",\"position\":3,\"name\":\"Comment bien r\u00e9diger votre bail de location meubl\u00e9 ?\"}]},{\"@type\":\"WebSite\",\"@id\":\"https:\\\/\\\/www.monsieurhugo.com\\\/blog\\\/#website\",\"url\":\"https:\\\/\\\/www.monsieurhugo.com\\\/blog\\\/\",\"name\":\"Monsieur Hugo\",\"description\":\"Votre logiciel de gestion locative\",\"publisher\":{\"@id\":\"https:\\\/\\\/www.monsieurhugo.com\\\/blog\\\/#organization\"},\"potentialAction\":[{\"@type\":\"SearchAction\",\"target\":{\"@type\":\"EntryPoint\",\"urlTemplate\":\"https:\\\/\\\/www.monsieurhugo.com\\\/blog\\\/?s={search_term_string}\"},\"query-input\":{\"@type\":\"PropertyValueSpecification\",\"valueRequired\":true,\"valueName\":\"search_term_string\"}}],\"inLanguage\":\"fr-FR\"},{\"@type\":\"Organization\",\"@id\":\"https:\\\/\\\/www.monsieurhugo.com\\\/blog\\\/#organization\",\"name\":\"Monsieur Hugo\",\"url\":\"https:\\\/\\\/www.monsieurhugo.com\\\/blog\\\/\",\"logo\":{\"@type\":\"ImageObject\",\"inLanguage\":\"fr-FR\",\"@id\":\"https:\\\/\\\/www.monsieurhugo.com\\\/blog\\\/#\\\/schema\\\/logo\\\/image\\\/\",\"url\":\"https:\\\/\\\/www.monsieurhugo.com\\\/blog\\\/wp-content\\\/uploads\\\/2020\\\/06\\\/Logotype-final-v2.png\",\"contentUrl\":\"https:\\\/\\\/www.monsieurhugo.com\\\/blog\\\/wp-content\\\/uploads\\\/2020\\\/06\\\/Logotype-final-v2.png\",\"width\":898,\"height\":234,\"caption\":\"Monsieur Hugo\"},\"image\":{\"@id\":\"https:\\\/\\\/www.monsieurhugo.com\\\/blog\\\/#\\\/schema\\\/logo\\\/image\\\/\"},\"sameAs\":[\"https:\\\/\\\/www.facebook.com\\\/assistantmonsieurhugo\\\/\",\"https:\\\/\\\/x.com\\\/monsieurhugo_\",\"https:\\\/\\\/www.linkedin.com\\\/company\\\/18421005\\\/\"]},{\"@type\":\"Person\",\"@id\":\"https:\\\/\\\/www.monsieurhugo.com\\\/blog\\\/#\\\/schema\\\/person\\\/c46c67fabd9bedfa0ce7d1f4142116c3\",\"name\":\"Bruno Cantegrel\",\"image\":{\"@type\":\"ImageObject\",\"inLanguage\":\"fr-FR\",\"@id\":\"https:\\\/\\\/secure.gravatar.com\\\/avatar\\\/627f29f4ef165adeb61765fbeaf70336b3653293cbe1ba89fccd189379833b3a?s=96&d=mm&r=g\",\"url\":\"https:\\\/\\\/secure.gravatar.com\\\/avatar\\\/627f29f4ef165adeb61765fbeaf70336b3653293cbe1ba89fccd189379833b3a?s=96&d=mm&r=g\",\"contentUrl\":\"https:\\\/\\\/secure.gravatar.com\\\/avatar\\\/627f29f4ef165adeb61765fbeaf70336b3653293cbe1ba89fccd189379833b3a?s=96&d=mm&r=g\",\"caption\":\"Bruno Cantegrel\"},\"description\":\"Fondateur de Monsieur Hugo, dipl\u00f4m\u00e9 d'un MBA \u00e0 l'EDHEC et professeur \u00e0 HEC Paris. Expert en investissement locatif avec plus de 20 ans d'exp\u00e9rience, il est l'auteur de l'ouvrage 'Trouver un locataire pour son logement' aux \u00e9ditions Studyrama\",\"sameAs\":[\"https:\\\/\\\/www.monsieurhugo.com\\\/blog\\\/a-propos\\\/\",\"https:\\\/\\\/www.linkedin.com\\\/in\\\/bruno-bruno-4336096\\\/\"],\"alumniOf\":[{\"@type\":\"Organization\",\"name\":\"EDHEC Business School\"},{\"@type\":\"Organization\",\"name\":\"HEC Paris\"}],\"knowsAbout\":[\"Gestion locative\",\"Investissement immobilier\",\"Droit immobilier\",\"Proptech\"]}]}<\/script>\n<!-- \/ Yoast SEO plugin. -->","yoast_head_json":{"title":"Comment bien r\u00e9diger votre bail de location meubl\u00e9 ? - Monsieur Hugo","robots":{"index":"index","follow":"follow","max-snippet":"max-snippet:-1","max-image-preview":"max-image-preview:large","max-video-preview":"max-video-preview:-1"},"canonical":"https:\/\/www.monsieurhugo.com\/blog\/2018\/03\/02\/comment-rediger-le-bail-dun-logement\/","og_locale":"fr_FR","og_type":"article","og_title":"Comment bien r\u00e9diger votre bail de location meubl\u00e9 ? - Monsieur Hugo","og_description":"Le bail est LE contrat de location qui est \u00e9tablie entre vous (propri\u00e9taire) et votre futur locataire et qui fixe les conditions de la location. Il est encadr\u00e9 par la loi avec un certains nombres d\u2019informations obligatoires, des clauses interdites et des annexes \u00e0 ne surtout pas oublier : j\u2019y reviens en d\u00e9tail dans la [&hellip;]","og_url":"https:\/\/www.monsieurhugo.com\/blog\/2018\/03\/02\/comment-rediger-le-bail-dun-logement\/","og_site_name":"Monsieur Hugo","article_publisher":"https:\/\/www.facebook.com\/assistantmonsieurhugo\/","article_published_time":"2018-03-02T08:00:00+00:00","article_modified_time":"2026-01-20T14:43:11+00:00","og_image":[{"width":800,"height":533,"url":"https:\/\/www.monsieurhugo.com\/blog\/wp-content\/uploads\/2018\/03\/bail-meubl\u00e9.jpg","type":"image\/jpeg"}],"author":"Bruno Cantegrel","twitter_card":"summary_large_image","twitter_creator":"@monsieurhugo_","twitter_site":"@monsieurhugo_","twitter_misc":{"\u00c9crit par":"Bruno Cantegrel","Dur\u00e9e de lecture estim\u00e9e":"8 minutes"},"schema":{"@context":"https:\/\/schema.org","@graph":[{"@type":"Article","@id":"https:\/\/www.monsieurhugo.com\/blog\/2018\/03\/02\/comment-rediger-le-bail-dun-logement\/#article","isPartOf":{"@id":"https:\/\/www.monsieurhugo.com\/blog\/2018\/03\/02\/comment-rediger-le-bail-dun-logement\/"},"author":{"name":"Bruno Cantegrel","@id":"https:\/\/www.monsieurhugo.com\/blog\/#\/schema\/person\/c46c67fabd9bedfa0ce7d1f4142116c3"},"headline":"Comment bien r\u00e9diger votre bail de location meubl\u00e9 ?","datePublished":"2018-03-02T08:00:00+00:00","dateModified":"2026-01-20T14:43:11+00:00","mainEntityOfPage":{"@id":"https:\/\/www.monsieurhugo.com\/blog\/2018\/03\/02\/comment-rediger-le-bail-dun-logement\/"},"wordCount":1742,"publisher":{"@id":"https:\/\/www.monsieurhugo.com\/blog\/#organization"},"image":{"@id":"https:\/\/www.monsieurhugo.com\/blog\/2018\/03\/02\/comment-rediger-le-bail-dun-logement\/#primaryimage"},"thumbnailUrl":"https:\/\/www.monsieurhugo.com\/blog\/wp-content\/uploads\/2018\/03\/bail-meubl\u00e9.jpg","articleSection":["Contrat de bail"],"inLanguage":"fr-FR"},{"@type":"WebPage","@id":"https:\/\/www.monsieurhugo.com\/blog\/2018\/03\/02\/comment-rediger-le-bail-dun-logement\/","url":"https:\/\/www.monsieurhugo.com\/blog\/2018\/03\/02\/comment-rediger-le-bail-dun-logement\/","name":"Comment bien r\u00e9diger votre bail de location meubl\u00e9 ? - Monsieur Hugo","isPartOf":{"@id":"https:\/\/www.monsieurhugo.com\/blog\/#website"},"primaryImageOfPage":{"@id":"https:\/\/www.monsieurhugo.com\/blog\/2018\/03\/02\/comment-rediger-le-bail-dun-logement\/#primaryimage"},"image":{"@id":"https:\/\/www.monsieurhugo.com\/blog\/2018\/03\/02\/comment-rediger-le-bail-dun-logement\/#primaryimage"},"thumbnailUrl":"https:\/\/www.monsieurhugo.com\/blog\/wp-content\/uploads\/2018\/03\/bail-meubl\u00e9.jpg","datePublished":"2018-03-02T08:00:00+00:00","dateModified":"2026-01-20T14:43:11+00:00","breadcrumb":{"@id":"https:\/\/www.monsieurhugo.com\/blog\/2018\/03\/02\/comment-rediger-le-bail-dun-logement\/#breadcrumb"},"inLanguage":"fr-FR","potentialAction":[{"@type":"ReadAction","target":["https:\/\/www.monsieurhugo.com\/blog\/2018\/03\/02\/comment-rediger-le-bail-dun-logement\/"]}]},{"@type":"ImageObject","inLanguage":"fr-FR","@id":"https:\/\/www.monsieurhugo.com\/blog\/2018\/03\/02\/comment-rediger-le-bail-dun-logement\/#primaryimage","url":"https:\/\/www.monsieurhugo.com\/blog\/wp-content\/uploads\/2018\/03\/bail-meubl\u00e9.jpg","contentUrl":"https:\/\/www.monsieurhugo.com\/blog\/wp-content\/uploads\/2018\/03\/bail-meubl\u00e9.jpg","width":800,"height":533},{"@type":"BreadcrumbList","@id":"https:\/\/www.monsieurhugo.com\/blog\/2018\/03\/02\/comment-rediger-le-bail-dun-logement\/#breadcrumb","itemListElement":[{"@type":"ListItem","position":1,"name":"Logiciel Gestion Locative En Ligne","item":"https:\/\/www.monsieurhugo.com\/blog\/"},{"@type":"ListItem","position":2,"name":"Contrat de bail","item":"https:\/\/www.monsieurhugo.com\/blog\/category\/bail\/"},{"@type":"ListItem","position":3,"name":"Comment bien r\u00e9diger votre bail de location meubl\u00e9 ?"}]},{"@type":"WebSite","@id":"https:\/\/www.monsieurhugo.com\/blog\/#website","url":"https:\/\/www.monsieurhugo.com\/blog\/","name":"Monsieur Hugo","description":"Votre logiciel de gestion locative","publisher":{"@id":"https:\/\/www.monsieurhugo.com\/blog\/#organization"},"potentialAction":[{"@type":"SearchAction","target":{"@type":"EntryPoint","urlTemplate":"https:\/\/www.monsieurhugo.com\/blog\/?s={search_term_string}"},"query-input":{"@type":"PropertyValueSpecification","valueRequired":true,"valueName":"search_term_string"}}],"inLanguage":"fr-FR"},{"@type":"Organization","@id":"https:\/\/www.monsieurhugo.com\/blog\/#organization","name":"Monsieur Hugo","url":"https:\/\/www.monsieurhugo.com\/blog\/","logo":{"@type":"ImageObject","inLanguage":"fr-FR","@id":"https:\/\/www.monsieurhugo.com\/blog\/#\/schema\/logo\/image\/","url":"https:\/\/www.monsieurhugo.com\/blog\/wp-content\/uploads\/2020\/06\/Logotype-final-v2.png","contentUrl":"https:\/\/www.monsieurhugo.com\/blog\/wp-content\/uploads\/2020\/06\/Logotype-final-v2.png","width":898,"height":234,"caption":"Monsieur Hugo"},"image":{"@id":"https:\/\/www.monsieurhugo.com\/blog\/#\/schema\/logo\/image\/"},"sameAs":["https:\/\/www.facebook.com\/assistantmonsieurhugo\/","https:\/\/x.com\/monsieurhugo_","https:\/\/www.linkedin.com\/company\/18421005\/"]},{"@type":"Person","@id":"https:\/\/www.monsieurhugo.com\/blog\/#\/schema\/person\/c46c67fabd9bedfa0ce7d1f4142116c3","name":"Bruno Cantegrel","image":{"@type":"ImageObject","inLanguage":"fr-FR","@id":"https:\/\/secure.gravatar.com\/avatar\/627f29f4ef165adeb61765fbeaf70336b3653293cbe1ba89fccd189379833b3a?s=96&d=mm&r=g","url":"https:\/\/secure.gravatar.com\/avatar\/627f29f4ef165adeb61765fbeaf70336b3653293cbe1ba89fccd189379833b3a?s=96&d=mm&r=g","contentUrl":"https:\/\/secure.gravatar.com\/avatar\/627f29f4ef165adeb61765fbeaf70336b3653293cbe1ba89fccd189379833b3a?s=96&d=mm&r=g","caption":"Bruno Cantegrel"},"description":"Fondateur de Monsieur Hugo, dipl\u00f4m\u00e9 d'un MBA \u00e0 l'EDHEC et professeur \u00e0 HEC Paris. Expert en investissement locatif avec plus de 20 ans d'exp\u00e9rience, il est l'auteur de l'ouvrage 'Trouver un locataire pour son logement' aux \u00e9ditions Studyrama","sameAs":["https:\/\/www.monsieurhugo.com\/blog\/a-propos\/","https:\/\/www.linkedin.com\/in\/bruno-bruno-4336096\/"],"alumniOf":[{"@type":"Organization","name":"EDHEC Business School"},{"@type":"Organization","name":"HEC Paris"}],"knowsAbout":["Gestion locative","Investissement immobilier","Droit immobilier","Proptech"]}]}},"_links":{"self":[{"href":"https:\/\/www.monsieurhugo.com\/blog\/wp-json\/wp\/v2\/posts\/352180","targetHints":{"allow":["GET"]}}],"collection":[{"href":"https:\/\/www.monsieurhugo.com\/blog\/wp-json\/wp\/v2\/posts"}],"about":[{"href":"https:\/\/www.monsieurhugo.com\/blog\/wp-json\/wp\/v2\/types\/post"}],"author":[{"embeddable":true,"href":"https:\/\/www.monsieurhugo.com\/blog\/wp-json\/wp\/v2\/users\/1"}],"replies":[{"embeddable":true,"href":"https:\/\/www.monsieurhugo.com\/blog\/wp-json\/wp\/v2\/comments?post=352180"}],"version-history":[{"count":1,"href":"https:\/\/www.monsieurhugo.com\/blog\/wp-json\/wp\/v2\/posts\/352180\/revisions"}],"predecessor-version":[{"id":355944,"href":"https:\/\/www.monsieurhugo.com\/blog\/wp-json\/wp\/v2\/posts\/352180\/revisions\/355944"}],"wp:featuredmedia":[{"embeddable":true,"href":"https:\/\/www.monsieurhugo.com\/blog\/wp-json\/wp\/v2\/media\/353219"}],"wp:attachment":[{"href":"https:\/\/www.monsieurhugo.com\/blog\/wp-json\/wp\/v2\/media?parent=352180"}],"wp:term":[{"taxonomy":"category","embeddable":true,"href":"https:\/\/www.monsieurhugo.com\/blog\/wp-json\/wp\/v2\/categories?post=352180"},{"taxonomy":"post_tag","embeddable":true,"href":"https:\/\/www.monsieurhugo.com\/blog\/wp-json\/wp\/v2\/tags?post=352180"}],"curies":[{"name":"wp","href":"https:\/\/api.w.org\/{rel}","templated":true}]}}