{"id":352176,"date":"2018-03-13T09:00:00","date_gmt":"2018-03-13T08:00:00","guid":{"rendered":""},"modified":"2026-01-20T15:43:11","modified_gmt":"2026-01-20T14:43:11","slug":"comment-donner-conge-au-locataire-dune","status":"publish","type":"post","link":"https:\/\/www.monsieurhugo.com\/blog\/2018\/03\/13\/comment-donner-conge-au-locataire-dune\/","title":{"rendered":"Comment donner cong\u00e9 au locataire d&rsquo;une location non meubl\u00e9e ?"},"content":{"rendered":"\n\n[et_pb_section fb_built=\u00a0\u00bb1&Prime; _builder_version=\u00a0\u00bb3.22&Prime;][et_pb_row _builder_version=\u00a0\u00bb3.25&Prime; background_size=\u00a0\u00bbinitial\u00a0\u00bb background_position=\u00a0\u00bbtop_left\u00a0\u00bb background_repeat=\u00a0\u00bbrepeat\u00a0\u00bb][et_pb_column type=\u00a0\u00bb4_4&Prime; _builder_version=\u00a0\u00bb3.25&Prime; custom_padding=\u00a0\u00bb|||\u00a0\u00bb custom_padding__hover=\u00a0\u00bb|||\u00a0\u00bb][et_pb_text _builder_version=\u00a0\u00bb4.4.9&Prime; background_size=\u00a0\u00bbinitial\u00a0\u00bb background_position=\u00a0\u00bbtop_left\u00a0\u00bb background_repeat=\u00a0\u00bbrepeat\u00a0\u00bb hover_enabled=\u00a0\u00bb0&Prime; text_font_size=\u00a0\u00bb19px\u00a0\u00bb]<p class=\"separator\">Mon ami Patrick, qui vit dans le Nord de la France m&rsquo;a contact\u00e9 r\u00e9cemment pour m&rsquo;indiquer que son propri\u00e9taire lui demandait de quitter le logement qu&rsquo;il occupe depuis maintenant 5 ans.<\/p>\n<p>\u00ab\u00a0Tu te rends compte, me dit-il, du jour au lendemain, il m&rsquo;adresse un courrier en me demandant de partir \u00e0 la fin du bail !\u00a0\u00bb<\/p>\n<p>Les questions que Patrick m&rsquo;a pos\u00e9es \u00e9taient multiples : \u00ab\u00a0le propri\u00e9taire en-a-t-il le droit, peut-on l&rsquo;en emp\u00eacher, y-a-t-il des recours possibles&#8230;\u00a0\u00bb. Je vais essayer de les r\u00e9sumer dans l&rsquo;article qui suit.<\/p>\n<p>Car oui, en tant que propri\u00e9taire d\u2019un logement vide, vous pouvez donner cong\u00e9 \u00e0 votre locataire \u00e0 l&rsquo;\u00e9ch\u00e9ance du bail&#8230; \u00e0 condition toutefois de respecter certaines conditions de formes et de d\u00e9lais.<\/p>\n<p>Car en mati\u00e8re de location, \u00e0 usage de r\u00e9sidence principale, et contrairement au cong\u00e9 du locataire, le cong\u00e9 du bailleur est strictement encadr\u00e9 par la loi.<\/p>\n<p>La loi vous permet de donner cong\u00e9 dans 3 cas. Mais comme pour chaque loi, il existe des exceptions&#8230;<\/p>\n<ol>\n<li>Quelles sont les conditions de forme du cong\u00e9 ?<\/li>\n<li>Quel est le d\u00e9lai du pr\u00e9avis ?<\/li>\n<li>Les 3 cas pour donner cong\u00e9<\/li>\n<li>Le locataire peut-il contester le cong\u00e9 ?<\/li>\n<li>Et qu&rsquo;en est-il du paiement du loyer et des charges pendant le pr\u00e9avis ?<\/li>\n<li>Les 2 cas de locataires prot\u00e9g\u00e9s<\/li>\n<li>Cas particulier : et si le logement ne constitue pas la r\u00e9sidence principale du locataire ?<\/li>\n<\/ol>\n<h2>1. Quelles sont les conditions de forme du cong\u00e9 ?<\/h2>\n<h3>1.1 La notification du cong\u00e9<\/h3>\n<p>Comme je vous l&rsquo;indiquais dans l&rsquo;introduction, la loi est tr\u00e8s stricte sur le cong\u00e9 donn\u00e9 au locataire par le propri\u00e9taire d&rsquo;un logement.<\/p>\n<p>Si vous ne voulez pas voir votre demande contest\u00e9e par l&rsquo;occupant, respectez les conditions de forme en donnant cong\u00e9 au locataire soit :<\/p>\n<ul>\n<li>par courrier recommand\u00e9 avec accus\u00e9 de r\u00e9ception,<\/li>\n<li>ou par acte d&rsquo;huissier<\/li>\n<li>ou par remise en main propre avec r\u00e9c\u00e9piss\u00e9 ou \u00e9margement.<\/li>\n<\/ul>\n<p>N&rsquo;adressez jamais de courrier simple. Car cela posera toujours le probl\u00e8me de la preuve. Le locataire pourra toujours contester avoir re\u00e7u le courier.<\/p>\n<p>Je vous recommande pour ma part de faire d\u00e9livrer le cong\u00e9 par acte d&rsquo;huissier. Je vous l&rsquo;expliquerai plus tard mais son avis de passage suffit \u00e0 faire courir le d\u00e9lai de pr\u00e9avis.<\/p>\n<h3>1.2 A qui adresser le cong\u00e9 ?<\/h3>\n<p>Le cong\u00e9 doit \u00eatre envoy\u00e9 \u00e0 tous les titulaires du bail. Qu\u2019il s\u2019agisse d\u2019un bail avec un seul locataire ou d\u2019une colocation.<\/p>\n<p>S&rsquo;il y a plusieurs locataires ou colocataires, vous devrez ainsi adresser la notification \u00e0 chacun des co-titulaires du bail, ou \u00e0 chacun des concubins\/\u00e9poux ou partenaires de Pacs.<\/p>\n<h3>1.3 Une notice \u00e0 annexer au courier<\/h3>\n<p>Depuis le 1er janvier 2018, en location vide, vous devez annexer \u00e0 votre courrier de r\u00e9siliation <span style=\"color: #073763;\"><u><a href=\"https:\/\/www.legifrance.gouv.fr\/affichTexte.do?cidTexte=JORFTEXT000036236664&amp;dateTexte=&amp;oldAction=rechJO&amp;categorieLien=id&amp;idJO=JORFCONT000036236427#JORFARTI000036236675\" target=\"_blank\" rel=\"noopener noreferrer\">une notice<\/a><\/u><\/span>,\u00a0dont le contenu a \u00e9t\u00e9 fix\u00e9 par d\u00e9cret. Elle r\u00e9sume au locataire vos obligations et ses droits en terme de cong\u00e9. La notice lui indique \u00e9galement les voies de recours et d&rsquo;indemnisations \u00e9ventuelles.<\/p>\n<h2>2- Les d\u00e9lais de pr\u00e9avis<\/h2>\n<p>Un bail pour une location non meubl\u00e9 est en principe sign\u00e9 pour 3 ans. Vous pouvez donner cong\u00e9 au locataire \u00e0 l&rsquo;\u00e9ch\u00e9ance du bail.<\/p>\n<p>En location non meubl\u00e9e, le d\u00e9lai de pr\u00e9avis est de 6 mois. Ce d\u00e9lai court :<\/p>\n<ul>\n<li>\u00e0 compter du jour de la r\u00e9ception de la lettre recommand\u00e9e par le locataire,<\/li>\n<li>\u00e0 compter de la signification de l&rsquo;acte d&rsquo;huissier,<\/li>\n<li>\u00e0 compter de la remise en main propre.<\/li>\n<\/ul>\n<p>Si le d\u00e9lai de pr\u00e9avis n&rsquo;est pas respect\u00e9, le cong\u00e9 n&rsquo;est pas valable et le contrat est alors reconduit pour 3 ans.<\/p>\n<p>Dans le cas de la lettre recommand\u00e9e, le d\u00e9lai court \u00e0 partir du moment o\u00f9 le locataire accuse r\u00e9ception du courrier. Il vous faudra donc pr\u00e9voir dans les d\u00e9lais d\u2019envoi, les d\u00e9lais de r\u00e9ception et de r\u00e9cup\u00e9ration du courrier par le destinataire.<\/p>\n<p>Dans le cas du cong\u00e9 par huissier, l\u2019avis de passage suffit. M\u00eame si le locataire est absent, le d\u00e9lai de pr\u00e9avis court et le cong\u00e9 est valable.<\/p>\n<h2>3. Les 3 cas pour donner cong\u00e9<\/h2>\n<p>Comme je vous l&rsquo;indiquais, un propri\u00e9taire peut donner cong\u00e9 \u00e0 l\u2019\u00e9ch\u00e9ance du bail en respectant un pr\u00e9avis. Toutefois, la loi ne vous autorise en tant que propri\u00e9taire \u00e0 reprendre le logement que dans 3 cas.<\/p>\n<h3>3.1 Cong\u00e9 pour vendre<\/h3>\n<p>Le cong\u00e9 peut \u00eatre motiv\u00e9 par la volont\u00e9 de vendre le logement lou\u00e9.<\/p>\n<p>Il vous faudra, dans ce cas, indiquer au locataire dans la lettre le motif de cong\u00e9.<\/p>\n<p>La loi du 6 juillet 1989 pr\u00e9cise que pour les locations non meubl\u00e9es, le locataire b\u00e9n\u00e9ficie d\u2019un droit de pr\u00e9emption lorsqu\u2019il re\u00e7oit un cong\u00e9 pour vente.<\/p>\n<p>Cela signifie que le locataire est prioritaire sur l\u2019acquisition du logement.<\/p>\n<p>La lettre de cong\u00e9 adress\u00e9e au locataire doit :<\/p>\n<ul>\n<li>indiquer le prix de vente et le mode de paiement (au comptant ou par paiements \u00e9chelonn\u00e9s),<\/li>\n<li>d\u00e9crire pr\u00e9cis\u00e9ment ce que comprend la vente (logement et annexes).<\/li>\n<\/ul>\n<p>\u00c0 d\u00e9faut de ces indications, le cong\u00e9 n&rsquo;est pas valable et le bail est reconduit pour la m\u00eame dur\u00e9e.<\/p>\n<p>L&rsquo;offre de vente au locataire est valable pendant les 2 premiers mois du pr\u00e9avis l\u00e9gal :<\/p>\n<ul>\n<li>soit le locataire accepte d&rsquo;acheter le logement et dans ce cas il doit en informer le propri\u00e9taire par lettre recommand\u00e9e avec avis de r\u00e9ception et au plus tard dans les 2 premiers mois du pr\u00e9avis l\u00e9gal du bailleur,<\/li>\n<li>soit le locataire refuse d&rsquo;acheter ou ne donne pas de r\u00e9ponse dans le d\u00e9lai l\u00e9gal et il doit alors quitter le logement \u00e0 la fin du bail.<\/li>\n<\/ul>\n<h3>3.2 Cong\u00e9 pour reprendre le logement<\/h3>\n<p>Le deuxi\u00e8me motif qui vous permet en tant que propri\u00e9taire de donner cong\u00e9 \u00e0 votre locataire est que vous souhaitez habiter le logement. Pour cela, vous devrez en faire imp\u00e9rativement votre r\u00e9sidence principale.<\/p>\n<p>La loi vous autorise \u00e9galement \u00e0 y loger un proche qui devra lui aussi utiliser ce logement comme sa r\u00e9sidence principale.<\/p>\n<p>L\u2019article 15 de la loi de 89 \u00e9num\u00e8re pr\u00e9cis\u00e9ment les personnes qui peuvent habiter le logement apr\u00e8s un cong\u00e9 pour reprise :<\/p>\n<ul>\n<li>le bailleur lui-m\u00eame,<\/li>\n<li>son conjoint,<\/li>\n<li>son partenaire pacs\u00e9,<\/li>\n<li>son concubin notoire vivant avec lui depuis au moins un an \u00e0 la date du cong\u00e9,<\/li>\n<li>ses ascendants ou descendants,<\/li>\n<li>les ascendants ou descendants de son conjoint, de son concubin notoire ou de son partenaire li\u00e9 par un PACS.<\/li>\n<\/ul>\n<p>La lettre de cong\u00e9 adress\u00e9e au locataire doit pr\u00e9ciser le motif qui conduit le bailleur \u00e0 ne pas renouveler le bail.<\/p>\n<p>S&rsquo;il s&rsquo;agit d&rsquo;un cong\u00e9 pour reprise, le courrier doit en outre indiquer :<\/p>\n<ul>\n<li>le nom du b\u00e9n\u00e9ficiaire,<\/li>\n<li>son adresse,<\/li>\n<li>la nature du lien existant entre le b\u00e9n\u00e9ficiaire et le bailleur.<\/li>\n<\/ul>\n<h3>3.3 Cong\u00e9 pour reprise pour motif l\u00e9gitime et s\u00e9rieux<\/h3>\n<p>En fin de bail, vous pouvez refuser que la location se poursuive et d\u00e9cider de donner cong\u00e9 \u00e0 votre locataire pour motif l\u00e9gitime et s\u00e9rieux.<\/p>\n<p>La loi n&rsquo;a malheureusement pas d\u00e9fini ce qu&rsquo;il faut entendre par motif l\u00e9gitime et s\u00e9rieux.<\/p>\n<p>Si votre locataire conteste le cong\u00e9, c&rsquo;est au juge du tribunal d&rsquo;instance dont d\u00e9pend le logement lou\u00e9 de d\u00e9cider si le motif invoqu\u00e9 par le propri\u00e9taire entre dans cette d\u00e9finition.<\/p>\n<p>Il vous faudra donc pr\u00e9ciser dans la lettre le motif qui entra\u00eene le non renouvellement du bail. Il pourra s&rsquo;agir de troubles de voisinage, des retards r\u00e9p\u00e9t\u00e9s du paiement du loyer, d&rsquo;un d\u00e9faut d&rsquo;assurance, de sous-location, de d\u00e9gradations&#8230;<\/p>\n<h2>4. Le locataire peut-il contester le cong\u00e9 donn\u00e9 par le propri\u00e9taire ?<\/h2>\n<p>Le locataire peut contester le motif de reprise pour vente ou reprise pour habiter si, apr\u00e8s avoir quitt\u00e9 les lieux, il apporte la preuve que :<\/p>\n<ul>\n<li>le logement n\u2019a pas \u00e9t\u00e9 mis en vente,<\/li>\n<li>le logement n&rsquo;a jamais \u00e9t\u00e9 repris,<\/li>\n<li>ou que le logement est vide,<\/li>\n<li>ou qu&rsquo;il est utilis\u00e9 comme r\u00e9sidence secondaire.<\/li>\n<\/ul>\n<p>Il peut alors demander au tribunal d&rsquo;instance dont d\u00e9pend le logement lou\u00e9 de lui accorder des dommages et int\u00e9r\u00eats en r\u00e9paration du pr\u00e9judice subi.<\/p>\n<p>En cas de cong\u00e9 frauduleux (motif mensonger), le bailleur s&rsquo;expose \u00e9galement \u00e0 une amende p\u00e9nale.<\/p>\n<h2>5. Et qu&rsquo;en est-il du paiement du loyer et des charges pendant le pr\u00e9avis ?<\/h2>\n<p>Comme en location meubl\u00e9e, lorsque le cong\u00e9 est donn\u00e9 par le propri\u00e9taire, le locataire est redevable du loyer et des charges pour le temps o\u00f9 il a effectivement occup\u00e9 les lieux.<\/p>\n<p>Si le locataire quitte les lieux pendant le d\u00e9lai de pr\u00e9avis, il n\u2019est plus redevable du loyer apr\u00e8s l&rsquo;\u00e9tablissement de l&rsquo;\u00e9tat des lieux et de la remise des cl\u00e9s.<\/p>\n<h2>6- Les 2 cas de locataires prot\u00e9g\u00e9s<\/h2>\n<p>En fonction de leur \u00e2ge et de leurs ressources, certains locataires b\u00e9n\u00e9ficient d&rsquo;une protection.<\/p>\n<h3>6.1 Le locataire a moins de 65 ans<\/h3>\n<p>Le locataire est prot\u00e9g\u00e9 et le cong\u00e9 pour reprise ne peut-\u00eatre appliqu\u00e9 si :<\/p>\n<ul>\n<li>il h\u00e9berge une personne \u00e2g\u00e9e de plus de 65 ans (\u00e0 la date d&rsquo;\u00e9ch\u00e9ance du bail) et que cette personne est fiscalement \u00e0 charge,<\/li>\n<li>ET si (\u00e0 la date de notification) le montant cumul\u00e9 des ressources de toutes les personnes vivant dans le logement sont inf\u00e9rieures aux plafonds.<\/li>\n<\/ul>\n<p>Notez bien que ces 2 conditions sont cumulatives.<\/p>\n<h3>6.2 Le locataire a plus de 65 ans<\/h3>\n<p>Le locataire est prot\u00e9g\u00e9 si ses ressources sont inf\u00e9rieures \u00e0 la date de la notification aux plafonds pr\u00e9vus par la loi.<\/p>\n<p>Ces plafonds des ressources d\u00e9pendent de la composition du foyer et du lieu de r\u00e9sidence. Elles sont fix\u00e9es par d\u00e9cret chaque ann\u00e9e.<\/p>\n<p>Notez toutefois que cette disposition de protection des locataires ne s\u2019applique pas si en tant que bailleur, vous \u00eates \u00e0 la date du cong\u00e9 :<\/p>\n<ul>\n<li>vous-m\u00eame \u00e2g\u00e9 de plus de 65 ans<\/li>\n<li>OU que vous avez vous-m\u00eame des ressources inf\u00e9rieures \u00e0 celles fix\u00e9es pour d\u00e9finir le locataire prot\u00e9g\u00e9,<\/li>\n<li>OU si vous proposez une solution de relogement au locataire.<\/li>\n<\/ul>\n<p>Contrairement au locataire, ces conditions ne sont pas cumulatives. Une seule de ces raisons suffit \u00e0 donner cong\u00e9 au locataire.<\/p>\n<h2>7. Cas particulier : et si le logement ne constitue pas la r\u00e9sidence principale du locataire ?<\/h2>\n<p>Si le logement ne constitue pas la r\u00e9sidence principale du locataire, la dur\u00e9e du pr\u00e9avis inscrite dans le bail s\u2019impose.<\/p>\n<p>Vous devrez alors en tant que propri\u00e9taire avertir dans les d\u00e9lais le locataire par lettre recommand\u00e9e avec accus\u00e9 de r\u00e9ception de la prise de cong\u00e9. Vous \u00eates alors dispenser d&rsquo;avoir \u00e0 motiver vos raisons.<\/p>\n<p><strong>Conclusion <\/strong><\/p>\n<p>Donner cong\u00e9 \u00e0 son locataire est strictement encadr\u00e9 par la loi.<\/p>\n<p>Ne pas respecter les conditions de forme entra\u00eene la nullit\u00e9 de l&rsquo;action et la tacite reconduction du bail.<\/p>\n<p><span style=\"font-size: large;\">Je vous sugg\u00e8re aussi :<\/span><\/p>\n<ul>\n<li><span style=\"font-size: large;\"><a href=\"https:\/\/www.monsieurhugo.com\/blog\/2018\/03\/comment-calculer-la-rentabilite-dun.html\" target=\"_blank\" rel=\"noopener noreferrer\"><span style=\"color: blue;\"><u>Comment calculer la rentabilit\u00e9 d&rsquo;un bien lou\u00e9 ?<\/u><\/span><\/a><\/span><\/li>\n<li><span style=\"font-size: large;\"><a href=\"https:\/\/www.monsieurhugo.com\/blog\/2018\/01\/etat-des-lieux-modele-a-telecharger.html\" target=\"_blank\" rel=\"noopener noreferrer\"><span style=\"color: blue;\"><u>Comment \u00e9tablir un \u00e9tat des lieux ?<\/u><\/span><\/a><\/span><\/li>\n<\/ul>\n[\/et_pb_text][\/et_pb_column][\/et_pb_row][\/et_pb_section]\n\n","protected":false},"excerpt":{"rendered":"<p>Mon ami Patrick, qui vit dans le Nord de la France m&rsquo;a contact\u00e9 r\u00e9cemment pour m&rsquo;indiquer que son propri\u00e9taire lui demandait de quitter le logement qu&rsquo;il occupe depuis maintenant 5 ans. \u00ab\u00a0Tu te rends compte, me dit-il, du jour au lendemain, il m&rsquo;adresse un courrier en me demandant de partir \u00e0 la fin du bail [&hellip;]<\/p>\n","protected":false},"author":1,"featured_media":353205,"comment_status":"closed","ping_status":"closed","sticky":false,"template":"","format":"standard","meta":{"_acf_changed":false,"_et_pb_use_builder":"on","_et_pb_old_content":"<p class=\"separator\"><img src=\"https:\/\/1.bp.blogspot.com\/-5rZSclFi85c\/W41xh9FPk5I\/AAAAAAAAAGA\/37PCoGqjMSo5AT4kWhTNfn078CKYYtIFQCLcBGAs\/s1600\/Cong%25C3%25A9%2B%25C3%25A0%2Bl%2527initiative%2Bdu%2Bbailleur%2B-%2BMonsieur%2BHugo.jpeg\" alt=\"Donner cong\u00e9 au locataire - gestion locative - Monsieur Hugo\" \/><\/p><p>Mon ami Patrick, qui vit dans le Nord de la France m'a contact\u00e9 r\u00e9cemment pour m'indiquer que son propri\u00e9taire lui demandait de quitter le logement qu'il occupe depuis maintenant 5 ans.<\/p><p>\"Tu te rends compte, me dit-il, du jour au lendemain, il m'adresse un courrier en me demandant de partir \u00e0 la fin du bail !\"<\/p><p>Les questions que Patrick m'a pos\u00e9es \u00e9taient multiples : \"le propri\u00e9taire en-a-t-il le droit, peut-on l'en emp\u00eacher, y-a-t-il des recours possibles...\". Je vais essayer de les r\u00e9sumer dans l'article qui suit.<\/p><p>Car oui, en tant que propri\u00e9taire d\u2019un logement vide, vous pouvez donner cong\u00e9 \u00e0 votre locataire \u00e0 l'\u00e9ch\u00e9ance du bail... \u00e0 condition toutefois de respecter certaines conditions de formes et de d\u00e9lais.<\/p><p>Car en mati\u00e8re de location, \u00e0 usage de r\u00e9sidence principale, et contrairement au cong\u00e9 du locataire, le cong\u00e9 du bailleur est strictement encadr\u00e9 par la loi.<\/p><p>La loi vous permet de donner cong\u00e9 dans 3 cas. Mais comme pour chaque loi, il existe des exceptions...<\/p><ol><li>Quelles sont les conditions de forme du cong\u00e9 ?<\/li><li>Quel est le d\u00e9lai du pr\u00e9avis ?<\/li><li>Les 3 cas pour donner cong\u00e9<\/li><li>Le locataire peut-il contester le cong\u00e9 ?<\/li><li>Et qu'en est-il du paiement du loyer et des charges pendant le pr\u00e9avis ?<\/li><li>Les 2 cas de locataires prot\u00e9g\u00e9s<\/li><li>Cas particulier : et si le logement ne constitue pas la r\u00e9sidence principale du locataire ?<\/li><\/ol><h2>1. Quelles sont les conditions de forme du cong\u00e9 ?<\/h2><h3>1.1 La notification du cong\u00e9<\/h3><p>Comme je vous l'indiquais dans l'introduction, la loi est tr\u00e8s stricte sur le cong\u00e9 donn\u00e9 au locataire par le propri\u00e9taire d'un logement.<\/p><p>Si vous ne voulez pas voir votre demande contest\u00e9e par l'occupant, respectez les conditions de forme en donnant cong\u00e9 au locataire soit :<\/p><ul><li>par courrier recommand\u00e9 avec accus\u00e9 de r\u00e9ception,<\/li><li>ou par acte d'huissier<\/li><li>ou par remise en main propre avec r\u00e9c\u00e9piss\u00e9 ou \u00e9margement.<\/li><\/ul><p>N'adressez jamais de courrier simple. Car cela posera toujours le probl\u00e8me de la preuve. Le locataire pourra toujours contester avoir re\u00e7u le courier.<\/p><p>Je vous recommande pour ma part de faire d\u00e9livrer le cong\u00e9 par acte d'huissier. Je vous l'expliquerai plus tard mais son avis de passage suffit \u00e0 faire courir le d\u00e9lai de pr\u00e9avis.<\/p><h3>1.2 A qui adresser le cong\u00e9 ?<\/h3><p>Le cong\u00e9 doit \u00eatre envoy\u00e9 \u00e0 tous les titulaires du bail. Qu\u2019il s\u2019agisse d\u2019un bail avec un seul locataire ou d\u2019une colocation.<\/p><p>S'il y a plusieurs locataires ou colocataires, vous devrez ainsi adresser la notification \u00e0 chacun des co-titulaires du bail, ou \u00e0 chacun des concubins\/\u00e9poux ou partenaires de Pacs.<\/p><h3>1.3 Une notice \u00e0 annexer au courier<\/h3><p>Depuis le 1er janvier 2018, en location vide, vous devez annexer \u00e0 votre courrier de r\u00e9siliation <span style=\"color: #073763;\"><u><a href=\"https:\/\/www.legifrance.gouv.fr\/affichTexte.do?cidTexte=JORFTEXT000036236664&dateTexte=&oldAction=rechJO&categorieLien=id&idJO=JORFCONT000036236427#JORFARTI000036236675\" target=\"_blank\" rel=\"noopener noreferrer\">une notice<\/a><\/u><\/span>,\u00a0dont le contenu a \u00e9t\u00e9 fix\u00e9 par d\u00e9cret. Elle r\u00e9sume au locataire vos obligations et ses droits en terme de cong\u00e9. La notice lui indique \u00e9galement les voies de recours et d'indemnisations \u00e9ventuelles.<\/p><h2>2- Les d\u00e9lais de pr\u00e9avis<\/h2><p>Un bail pour une location non meubl\u00e9 est en principe sign\u00e9 pour 3 ans. Vous pouvez donner cong\u00e9 au locataire \u00e0 l'\u00e9ch\u00e9ance du bail.<\/p><p>En location non meubl\u00e9e, le d\u00e9lai de pr\u00e9avis est de 6 mois. Ce d\u00e9lai court :<\/p><ul><li>\u00e0 compter du jour de la r\u00e9ception de la lettre recommand\u00e9e par le locataire,<\/li><li>\u00e0 compter de la signification de l'acte d'huissier,<\/li><li>\u00e0 compter de la remise en main propre.<\/li><\/ul><p>Si le d\u00e9lai de pr\u00e9avis n'est pas respect\u00e9, le cong\u00e9 n'est pas valable et le contrat est alors reconduit pour 3 ans.<\/p><p>Dans le cas de la lettre recommand\u00e9e, le d\u00e9lai court \u00e0 partir du moment o\u00f9 le locataire accuse r\u00e9ception du courrier. Il vous faudra donc pr\u00e9voir dans les d\u00e9lais d\u2019envoi, les d\u00e9lais de r\u00e9ception et de r\u00e9cup\u00e9ration du courrier par le destinataire.<\/p><p>Dans le cas du cong\u00e9 par huissier, l\u2019avis de passage suffit. M\u00eame si le locataire est absent, le d\u00e9lai de pr\u00e9avis court et le cong\u00e9 est valable.<\/p><h2>3. Les 3 cas pour donner cong\u00e9<\/h2><p>Comme je vous l'indiquais, un propri\u00e9taire peut donner cong\u00e9 \u00e0 l\u2019\u00e9ch\u00e9ance du bail en respectant un pr\u00e9avis. Toutefois, la loi ne vous autorise en tant que propri\u00e9taire \u00e0 reprendre le logement que dans 3 cas.<\/p><h3>3.1 Cong\u00e9 pour vendre<\/h3><p>Le cong\u00e9 peut \u00eatre motiv\u00e9 par la volont\u00e9 de vendre le logement lou\u00e9.<\/p><p>Il vous faudra, dans ce cas, indiquer au locataire dans la lettre le motif de cong\u00e9.<\/p><p>La loi du 6 juillet 1989 pr\u00e9cise que pour les locations non meubl\u00e9es, le locataire b\u00e9n\u00e9ficie d\u2019un droit de pr\u00e9emption lorsqu\u2019il re\u00e7oit un cong\u00e9 pour vente.<\/p><p>Cela signifie que le locataire est prioritaire sur l\u2019acquisition du logement.<\/p><p>La lettre de cong\u00e9 adress\u00e9e au locataire doit :<\/p><ul><li>indiquer le prix de vente et le mode de paiement (au comptant ou par paiements \u00e9chelonn\u00e9s),<\/li><li>d\u00e9crire pr\u00e9cis\u00e9ment ce que comprend la vente (logement et annexes).<\/li><\/ul><p>\u00c0 d\u00e9faut de ces indications, le cong\u00e9 n'est pas valable et le bail est reconduit pour la m\u00eame dur\u00e9e.<\/p><p>L'offre de vente au locataire est valable pendant les 2 premiers mois du pr\u00e9avis l\u00e9gal :<\/p><ul><li>soit le locataire accepte d'acheter le logement et dans ce cas il doit en informer le propri\u00e9taire par lettre recommand\u00e9e avec avis de r\u00e9ception et au plus tard dans les 2 premiers mois du pr\u00e9avis l\u00e9gal du bailleur,<\/li><li>soit le locataire refuse d'acheter ou ne donne pas de r\u00e9ponse dans le d\u00e9lai l\u00e9gal et il doit alors quitter le logement \u00e0 la fin du bail.<\/li><\/ul><h3>3.2 Cong\u00e9 pour reprendre le logement<\/h3><p>Le deuxi\u00e8me motif qui vous permet en tant que propri\u00e9taire de donner cong\u00e9 \u00e0 votre locataire est que vous souhaitez habiter le logement. Pour cela, vous devrez en faire imp\u00e9rativement votre r\u00e9sidence principale.<\/p><p>La loi vous autorise \u00e9galement \u00e0 y loger un proche qui devra lui aussi utiliser ce logement comme sa r\u00e9sidence principale.<\/p><p>L\u2019article 15 de la loi de 89 \u00e9num\u00e8re pr\u00e9cis\u00e9ment les personnes qui peuvent habiter le logement apr\u00e8s un cong\u00e9 pour reprise :<\/p><ul><li>le bailleur lui-m\u00eame,<\/li><li>son conjoint,<\/li><li>son partenaire pacs\u00e9,<\/li><li>son concubin notoire vivant avec lui depuis au moins un an \u00e0 la date du cong\u00e9,<\/li><li>ses ascendants ou descendants,<\/li><li>les ascendants ou descendants de son conjoint, de son concubin notoire ou de son partenaire li\u00e9 par un PACS.<\/li><\/ul><p>La lettre de cong\u00e9 adress\u00e9e au locataire doit pr\u00e9ciser le motif qui conduit le bailleur \u00e0 ne pas renouveler le bail.<\/p><p>S'il s'agit d'un cong\u00e9 pour reprise, le courrier doit en outre indiquer :<\/p><ul><li>le nom du b\u00e9n\u00e9ficiaire,<\/li><li>son adresse,<\/li><li>la nature du lien existant entre le b\u00e9n\u00e9ficiaire et le bailleur.<\/li><\/ul><h3>3.3 Cong\u00e9 pour reprise pour motif l\u00e9gitime et s\u00e9rieux<\/h3><p>En fin de bail, vous pouvez refuser que la location se poursuive et d\u00e9cider de donner cong\u00e9 \u00e0 votre locataire pour motif l\u00e9gitime et s\u00e9rieux.<\/p><p>La loi n'a malheureusement pas d\u00e9fini ce qu'il faut entendre par motif l\u00e9gitime et s\u00e9rieux.<\/p><p>Si votre locataire conteste le cong\u00e9, c'est au juge du tribunal d'instance dont d\u00e9pend le logement lou\u00e9 de d\u00e9cider si le motif invoqu\u00e9 par le propri\u00e9taire entre dans cette d\u00e9finition.<\/p><p>Il vous faudra donc pr\u00e9ciser dans la lettre le motif qui entra\u00eene le non renouvellement du bail. Il pourra s'agir de troubles de voisinage, des retards r\u00e9p\u00e9t\u00e9s du paiement du loyer, d'un d\u00e9faut d'assurance, de sous-location, de d\u00e9gradations...<\/p><h2>4. Le locataire peut-il contester le cong\u00e9 donn\u00e9 par le propri\u00e9taire ?<\/h2><p>Le locataire peut contester le motif de reprise pour vente ou reprise pour habiter si, apr\u00e8s avoir quitt\u00e9 les lieux, il apporte la preuve que :<\/p><ul><li>le logement n\u2019a pas \u00e9t\u00e9 mis en vente,<\/li><li>le logement n'a jamais \u00e9t\u00e9 repris,<\/li><li>ou que le logement est vide,<\/li><li>ou qu'il est utilis\u00e9 comme r\u00e9sidence secondaire.<\/li><\/ul><p>Il peut alors demander au tribunal d'instance dont d\u00e9pend le logement lou\u00e9 de lui accorder des dommages et int\u00e9r\u00eats en r\u00e9paration du pr\u00e9judice subi.<\/p><p>En cas de cong\u00e9 frauduleux (motif mensonger), le bailleur s'expose \u00e9galement \u00e0 une amende p\u00e9nale.<\/p><h2>5. Et qu'en est-il du paiement du loyer et des charges pendant le pr\u00e9avis ?<\/h2><p>Comme en location meubl\u00e9e, lorsque le cong\u00e9 est donn\u00e9 par le propri\u00e9taire, le locataire est redevable du loyer et des charges pour le temps o\u00f9 il a effectivement occup\u00e9 les lieux.<\/p><p>Si le locataire quitte les lieux pendant le d\u00e9lai de pr\u00e9avis, il n\u2019est plus redevable du loyer apr\u00e8s l'\u00e9tablissement de l'\u00e9tat des lieux et de la remise des cl\u00e9s.<\/p><h2>6- Les 2 cas de locataires prot\u00e9g\u00e9s<\/h2><p>En fonction de leur \u00e2ge et de leurs ressources, certains locataires b\u00e9n\u00e9ficient d'une protection.<\/p><h3>6.1 Le locataire a moins de 65 ans<\/h3><p>Le locataire est prot\u00e9g\u00e9 et le cong\u00e9 pour reprise ne peut-\u00eatre appliqu\u00e9 si :<\/p><ul><li>il h\u00e9berge une personne \u00e2g\u00e9e de plus de 65 ans (\u00e0 la date d'\u00e9ch\u00e9ance du bail) et que cette personne est fiscalement \u00e0 charge,<\/li><li>ET si (\u00e0 la date de notification) le montant cumul\u00e9 des ressources de toutes les personnes vivant dans le logement sont inf\u00e9rieures aux plafonds.<\/li><\/ul><p>Notez bien que ces 2 conditions sont cumulatives.<\/p><h3>6.2 Le locataire a plus de 65 ans<\/h3><p>Le locataire est prot\u00e9g\u00e9 si ses ressources sont inf\u00e9rieures \u00e0 la date de la notification aux plafonds pr\u00e9vus par la loi.<\/p><p>Ces plafonds des ressources d\u00e9pendent de la composition du foyer et du lieu de r\u00e9sidence. Elles sont fix\u00e9es par d\u00e9cret chaque ann\u00e9e.<\/p><p>Notez toutefois que cette disposition de protection des locataires ne s\u2019applique pas si en tant que bailleur, vous \u00eates \u00e0 la date du cong\u00e9 :<\/p><ul><li>vous-m\u00eame \u00e2g\u00e9 de plus de 65 ans<\/li><li>OU que vous avez vous-m\u00eame des ressources inf\u00e9rieures \u00e0 celles fix\u00e9es pour d\u00e9finir le locataire prot\u00e9g\u00e9,<\/li><li>OU si vous proposez une solution de relogement au locataire.<\/li><\/ul><p>Contrairement au locataire, ces conditions ne sont pas cumulatives. Une seule de ces raisons suffit \u00e0 donner cong\u00e9 au locataire.<\/p><h2>7. Cas particulier : et si le logement ne constitue pas la r\u00e9sidence principale du locataire ?<\/h2><p>Si le logement ne constitue pas la r\u00e9sidence principale du locataire, la dur\u00e9e du pr\u00e9avis inscrite dans le bail s\u2019impose.<\/p><p>Vous devrez alors en tant que propri\u00e9taire avertir dans les d\u00e9lais le locataire par lettre recommand\u00e9e avec accus\u00e9 de r\u00e9ception de la prise de cong\u00e9. Vous \u00eates alors dispenser d'avoir \u00e0 motiver vos raisons.<\/p><p>\u00a0<br \/><strong>Conclusion <\/strong><\/p><p>Donner cong\u00e9 \u00e0 son locataire est strictement encadr\u00e9 par la loi.<\/p><p>Ne pas respecter les conditions de forme entra\u00eene la nullit\u00e9 de l'action et la tacite reconduction du bail.<\/p><p>Bonne location !<\/p><p>A tr\u00e8s vite,<\/p><p><strong><span style=\"color: #006fad;\">Monsieur Hugo<\/span><\/strong>, votre assistant personnel en gestion locative.<\/p><p><span style=\"font-size: large;\"><br \/><span style=\"font-family: 'arial' , 'helvetica' , sans-serif;\"><span style=\"font-size: large;\"><strong>Restons en conta<\/strong><span style=\"font-family: 'arial' , 'helvetica' , sans-serif;\"><strong>ct !<\/strong><\/span><\/span><\/span><\/span><\/p><p><span style=\"font-size: large;\"><strong><span style=\"font-family: 'arial' , 'helvetica' , sans-serif;\">Inscrive<span style=\"font-family: 'arial' , 'helvetica' , sans-serif;\">z-vous \u00e0 <span style=\"font-family: 'arial' , 'helvetica' , sans-serif;\">ma <span style=\"font-family: 'arial' , 'helvetica' , sans-serif;\">NEWSLETTER <\/span><\/span><\/span><\/span><\/strong><span style=\"font-family: 'arial' , 'helvetica' , sans-serif;\"><span style=\"font-family: 'arial' , 'helvetica' , sans-serif;\"><span style=\"font-family: 'arial' , 'helvetica' , sans-serif;\">pour <span style=\"font-family: 'arial' , 'helvetica' , sans-serif;\">recevoir<\/span> les dernie<span style=\"font-family: 'arial' , 'helvetica' , sans-serif;\">rs docu<span style=\"font-family: 'arial' , 'helvetica' , sans-serif;\">ments contractu<span style=\"font-family: 'arial' , 'helvetica' , sans-serif;\">els \u00e0 jour (bail, \u00e9tat des lieux, mod\u00e8les de lettres, acte de ca<span style=\"font-family: 'arial' , 'helvetica' , sans-serif;\">ution<\/span>...), je les mets \u00e0 jour r\u00e9guli\u00e8rement en fonction des \u00e9volution<span style=\"font-family: 'arial' , 'helvetica' , sans-serif;\">s r\u00e9glementaires.<\/span> <\/span><\/span><\/span><\/span><\/span><\/span><\/span><\/p><p><span style=\"font-size: large;\"><span style=\"font-family: 'arial' , 'helvetica' , sans-serif;\"><span style=\"font-size: large;\"><span style=\"font-family: 'arial' , 'helvetica' , sans-serif;\"><strong>Retrouvez-moi sur<\/strong> <a href=\"https:\/\/www.facebook.com\/assistantmonsieurhugo\" target=\"_blank\" rel=\"noopener noreferrer\"><span style=\"color: blue;\"><u>Facebook<\/u><\/span><\/a><\/span><u> <\/u><\/span><\/span>\u00a0<\/span><\/p><p><span style=\"font-size: large;\">Je vous sugg\u00e8re aussi :<\/span><\/p><p><span style=\"font-size: large;\">> <a href=\"https:\/\/www.monsieurhugo.com\/blog\/2018\/03\/comment-calculer-la-rentabilite-dun.html\" target=\"_blank\" rel=\"noopener noreferrer\"><span style=\"color: blue;\"><u>Comment calculer la rentabilit\u00e9 d'un bien lou\u00e9 ?<\/u><\/span><\/a><\/span><\/p><p><span style=\"font-size: large;\">> <a href=\"https:\/\/www.monsieurhugo.com\/blog\/2018\/01\/etat-des-lieux-modele-a-telecharger.html\" target=\"_blank\" rel=\"noopener noreferrer\"><span style=\"color: blue;\"><u>Comment \u00e9tablir un \u00e9tat des lieux ?<\/u><\/span><\/a><\/span><\/p><p>\u00a0<\/p>","_et_gb_content_width":"","footnotes":""},"categories":[73],"tags":[],"class_list":["post-352176","post","type-post","status-publish","format-standard","has-post-thumbnail","hentry","category-etat-des-lieux"],"acf":[],"yoast_head":"<!-- This site is optimized with the Yoast SEO plugin v27.5 - https:\/\/yoast.com\/product\/yoast-seo-wordpress\/ -->\n<title>Comment donner cong\u00e9 au locataire d&#039;une location non meubl\u00e9e ? - Monsieur Hugo<\/title>\n<meta name=\"robots\" content=\"index, follow, max-snippet:-1, max-image-preview:large, max-video-preview:-1\" \/>\n<link rel=\"canonical\" href=\"https:\/\/www.monsieurhugo.com\/blog\/2018\/03\/13\/comment-donner-conge-au-locataire-dune\/\" \/>\n<meta property=\"og:locale\" content=\"fr_FR\" \/>\n<meta property=\"og:type\" content=\"article\" \/>\n<meta property=\"og:title\" content=\"Comment donner cong\u00e9 au locataire d&#039;une location non meubl\u00e9e ? - Monsieur Hugo\" \/>\n<meta property=\"og:description\" content=\"Mon ami Patrick, qui vit dans le Nord de la France m&#039;a contact\u00e9 r\u00e9cemment pour m&#039;indiquer que son propri\u00e9taire lui demandait de quitter le logement qu&#039;il occupe depuis maintenant 5 ans. &quot;Tu te rends compte, me dit-il, du jour au lendemain, il m&#039;adresse un courrier en me demandant de partir \u00e0 la fin du bail [&hellip;]\" \/>\n<meta property=\"og:url\" content=\"https:\/\/www.monsieurhugo.com\/blog\/2018\/03\/13\/comment-donner-conge-au-locataire-dune\/\" \/>\n<meta property=\"og:site_name\" content=\"Monsieur Hugo\" \/>\n<meta property=\"article:publisher\" content=\"https:\/\/www.facebook.com\/assistantmonsieurhugo\/\" \/>\n<meta property=\"article:published_time\" content=\"2018-03-13T08:00:00+00:00\" \/>\n<meta property=\"article:modified_time\" content=\"2026-01-20T14:43:11+00:00\" \/>\n<meta property=\"og:image\" content=\"https:\/\/www.monsieurhugo.com\/blog\/wp-content\/uploads\/2018\/03\/donner-conges-location-non-meubl\u00e9e.jpeg\" \/>\n\t<meta property=\"og:image:width\" content=\"1000\" \/>\n\t<meta property=\"og:image:height\" content=\"667\" \/>\n\t<meta property=\"og:image:type\" content=\"image\/jpeg\" \/>\n<meta name=\"author\" content=\"Bruno Cantegrel\" \/>\n<meta name=\"twitter:card\" content=\"summary_large_image\" \/>\n<meta name=\"twitter:creator\" content=\"@monsieurhugo_\" \/>\n<meta name=\"twitter:site\" content=\"@monsieurhugo_\" \/>\n<meta name=\"twitter:label1\" content=\"\u00c9crit par\" \/>\n\t<meta name=\"twitter:data1\" content=\"Bruno Cantegrel\" \/>\n\t<meta name=\"twitter:label2\" content=\"Dur\u00e9e de lecture estim\u00e9e\" \/>\n\t<meta name=\"twitter:data2\" content=\"9 minutes\" \/>\n<script type=\"application\/ld+json\" class=\"yoast-schema-graph\">{\"@context\":\"https:\\\/\\\/schema.org\",\"@graph\":[{\"@type\":\"Article\",\"@id\":\"https:\\\/\\\/www.monsieurhugo.com\\\/blog\\\/2018\\\/03\\\/13\\\/comment-donner-conge-au-locataire-dune\\\/#article\",\"isPartOf\":{\"@id\":\"https:\\\/\\\/www.monsieurhugo.com\\\/blog\\\/2018\\\/03\\\/13\\\/comment-donner-conge-au-locataire-dune\\\/\"},\"author\":{\"name\":\"Bruno Cantegrel\",\"@id\":\"https:\\\/\\\/www.monsieurhugo.com\\\/blog\\\/#\\\/schema\\\/person\\\/c46c67fabd9bedfa0ce7d1f4142116c3\"},\"headline\":\"Comment donner cong\u00e9 au locataire d&rsquo;une location non meubl\u00e9e ?\",\"datePublished\":\"2018-03-13T08:00:00+00:00\",\"dateModified\":\"2026-01-20T14:43:11+00:00\",\"mainEntityOfPage\":{\"@id\":\"https:\\\/\\\/www.monsieurhugo.com\\\/blog\\\/2018\\\/03\\\/13\\\/comment-donner-conge-au-locataire-dune\\\/\"},\"wordCount\":1934,\"publisher\":{\"@id\":\"https:\\\/\\\/www.monsieurhugo.com\\\/blog\\\/#organization\"},\"image\":{\"@id\":\"https:\\\/\\\/www.monsieurhugo.com\\\/blog\\\/2018\\\/03\\\/13\\\/comment-donner-conge-au-locataire-dune\\\/#primaryimage\"},\"thumbnailUrl\":\"https:\\\/\\\/www.monsieurhugo.com\\\/blog\\\/wp-content\\\/uploads\\\/2018\\\/03\\\/donner-conges-location-non-meubl\u00e9e.jpeg\",\"articleSection\":[\"\u00c9tat des lieux\"],\"inLanguage\":\"fr-FR\"},{\"@type\":\"WebPage\",\"@id\":\"https:\\\/\\\/www.monsieurhugo.com\\\/blog\\\/2018\\\/03\\\/13\\\/comment-donner-conge-au-locataire-dune\\\/\",\"url\":\"https:\\\/\\\/www.monsieurhugo.com\\\/blog\\\/2018\\\/03\\\/13\\\/comment-donner-conge-au-locataire-dune\\\/\",\"name\":\"Comment donner cong\u00e9 au locataire d'une location non meubl\u00e9e ? - Monsieur Hugo\",\"isPartOf\":{\"@id\":\"https:\\\/\\\/www.monsieurhugo.com\\\/blog\\\/#website\"},\"primaryImageOfPage\":{\"@id\":\"https:\\\/\\\/www.monsieurhugo.com\\\/blog\\\/2018\\\/03\\\/13\\\/comment-donner-conge-au-locataire-dune\\\/#primaryimage\"},\"image\":{\"@id\":\"https:\\\/\\\/www.monsieurhugo.com\\\/blog\\\/2018\\\/03\\\/13\\\/comment-donner-conge-au-locataire-dune\\\/#primaryimage\"},\"thumbnailUrl\":\"https:\\\/\\\/www.monsieurhugo.com\\\/blog\\\/wp-content\\\/uploads\\\/2018\\\/03\\\/donner-conges-location-non-meubl\u00e9e.jpeg\",\"datePublished\":\"2018-03-13T08:00:00+00:00\",\"dateModified\":\"2026-01-20T14:43:11+00:00\",\"breadcrumb\":{\"@id\":\"https:\\\/\\\/www.monsieurhugo.com\\\/blog\\\/2018\\\/03\\\/13\\\/comment-donner-conge-au-locataire-dune\\\/#breadcrumb\"},\"inLanguage\":\"fr-FR\",\"potentialAction\":[{\"@type\":\"ReadAction\",\"target\":[\"https:\\\/\\\/www.monsieurhugo.com\\\/blog\\\/2018\\\/03\\\/13\\\/comment-donner-conge-au-locataire-dune\\\/\"]}]},{\"@type\":\"ImageObject\",\"inLanguage\":\"fr-FR\",\"@id\":\"https:\\\/\\\/www.monsieurhugo.com\\\/blog\\\/2018\\\/03\\\/13\\\/comment-donner-conge-au-locataire-dune\\\/#primaryimage\",\"url\":\"https:\\\/\\\/www.monsieurhugo.com\\\/blog\\\/wp-content\\\/uploads\\\/2018\\\/03\\\/donner-conges-location-non-meubl\u00e9e.jpeg\",\"contentUrl\":\"https:\\\/\\\/www.monsieurhugo.com\\\/blog\\\/wp-content\\\/uploads\\\/2018\\\/03\\\/donner-conges-location-non-meubl\u00e9e.jpeg\",\"width\":1000,\"height\":667},{\"@type\":\"BreadcrumbList\",\"@id\":\"https:\\\/\\\/www.monsieurhugo.com\\\/blog\\\/2018\\\/03\\\/13\\\/comment-donner-conge-au-locataire-dune\\\/#breadcrumb\",\"itemListElement\":[{\"@type\":\"ListItem\",\"position\":1,\"name\":\"Logiciel Gestion Locative En Ligne\",\"item\":\"https:\\\/\\\/www.monsieurhugo.com\\\/blog\\\/\"},{\"@type\":\"ListItem\",\"position\":2,\"name\":\"\u00c9tat des lieux\",\"item\":\"https:\\\/\\\/www.monsieurhugo.com\\\/blog\\\/category\\\/etat-des-lieux\\\/\"},{\"@type\":\"ListItem\",\"position\":3,\"name\":\"Comment donner cong\u00e9 au locataire d&rsquo;une location non meubl\u00e9e ?\"}]},{\"@type\":\"WebSite\",\"@id\":\"https:\\\/\\\/www.monsieurhugo.com\\\/blog\\\/#website\",\"url\":\"https:\\\/\\\/www.monsieurhugo.com\\\/blog\\\/\",\"name\":\"Monsieur Hugo\",\"description\":\"Votre logiciel de gestion locative\",\"publisher\":{\"@id\":\"https:\\\/\\\/www.monsieurhugo.com\\\/blog\\\/#organization\"},\"potentialAction\":[{\"@type\":\"SearchAction\",\"target\":{\"@type\":\"EntryPoint\",\"urlTemplate\":\"https:\\\/\\\/www.monsieurhugo.com\\\/blog\\\/?s={search_term_string}\"},\"query-input\":{\"@type\":\"PropertyValueSpecification\",\"valueRequired\":true,\"valueName\":\"search_term_string\"}}],\"inLanguage\":\"fr-FR\"},{\"@type\":\"Organization\",\"@id\":\"https:\\\/\\\/www.monsieurhugo.com\\\/blog\\\/#organization\",\"name\":\"Monsieur Hugo\",\"url\":\"https:\\\/\\\/www.monsieurhugo.com\\\/blog\\\/\",\"logo\":{\"@type\":\"ImageObject\",\"inLanguage\":\"fr-FR\",\"@id\":\"https:\\\/\\\/www.monsieurhugo.com\\\/blog\\\/#\\\/schema\\\/logo\\\/image\\\/\",\"url\":\"https:\\\/\\\/www.monsieurhugo.com\\\/blog\\\/wp-content\\\/uploads\\\/2020\\\/06\\\/Logotype-final-v2.png\",\"contentUrl\":\"https:\\\/\\\/www.monsieurhugo.com\\\/blog\\\/wp-content\\\/uploads\\\/2020\\\/06\\\/Logotype-final-v2.png\",\"width\":898,\"height\":234,\"caption\":\"Monsieur Hugo\"},\"image\":{\"@id\":\"https:\\\/\\\/www.monsieurhugo.com\\\/blog\\\/#\\\/schema\\\/logo\\\/image\\\/\"},\"sameAs\":[\"https:\\\/\\\/www.facebook.com\\\/assistantmonsieurhugo\\\/\",\"https:\\\/\\\/x.com\\\/monsieurhugo_\",\"https:\\\/\\\/www.linkedin.com\\\/company\\\/18421005\\\/\"]},{\"@type\":\"Person\",\"@id\":\"https:\\\/\\\/www.monsieurhugo.com\\\/blog\\\/#\\\/schema\\\/person\\\/c46c67fabd9bedfa0ce7d1f4142116c3\",\"name\":\"Bruno Cantegrel\",\"image\":{\"@type\":\"ImageObject\",\"inLanguage\":\"fr-FR\",\"@id\":\"https:\\\/\\\/secure.gravatar.com\\\/avatar\\\/627f29f4ef165adeb61765fbeaf70336b3653293cbe1ba89fccd189379833b3a?s=96&d=mm&r=g\",\"url\":\"https:\\\/\\\/secure.gravatar.com\\\/avatar\\\/627f29f4ef165adeb61765fbeaf70336b3653293cbe1ba89fccd189379833b3a?s=96&d=mm&r=g\",\"contentUrl\":\"https:\\\/\\\/secure.gravatar.com\\\/avatar\\\/627f29f4ef165adeb61765fbeaf70336b3653293cbe1ba89fccd189379833b3a?s=96&d=mm&r=g\",\"caption\":\"Bruno Cantegrel\"},\"description\":\"Fondateur de Monsieur Hugo, dipl\u00f4m\u00e9 d'un MBA \u00e0 l'EDHEC et professeur \u00e0 HEC Paris. Expert en investissement locatif avec plus de 20 ans d'exp\u00e9rience, il est l'auteur de l'ouvrage 'Trouver un locataire pour son logement' aux \u00e9ditions Studyrama\",\"sameAs\":[\"https:\\\/\\\/www.monsieurhugo.com\\\/blog\\\/a-propos\\\/\",\"https:\\\/\\\/www.linkedin.com\\\/in\\\/bruno-bruno-4336096\\\/\"],\"alumniOf\":[{\"@type\":\"Organization\",\"name\":\"EDHEC Business School\"},{\"@type\":\"Organization\",\"name\":\"HEC Paris\"}],\"knowsAbout\":[\"Gestion locative\",\"Investissement immobilier\",\"Droit immobilier\",\"Proptech\"]}]}<\/script>\n<!-- \/ Yoast SEO plugin. -->","yoast_head_json":{"title":"Comment donner cong\u00e9 au locataire d'une location non meubl\u00e9e ? - Monsieur Hugo","robots":{"index":"index","follow":"follow","max-snippet":"max-snippet:-1","max-image-preview":"max-image-preview:large","max-video-preview":"max-video-preview:-1"},"canonical":"https:\/\/www.monsieurhugo.com\/blog\/2018\/03\/13\/comment-donner-conge-au-locataire-dune\/","og_locale":"fr_FR","og_type":"article","og_title":"Comment donner cong\u00e9 au locataire d'une location non meubl\u00e9e ? - Monsieur Hugo","og_description":"Mon ami Patrick, qui vit dans le Nord de la France m'a contact\u00e9 r\u00e9cemment pour m'indiquer que son propri\u00e9taire lui demandait de quitter le logement qu'il occupe depuis maintenant 5 ans. \"Tu te rends compte, me dit-il, du jour au lendemain, il m'adresse un courrier en me demandant de partir \u00e0 la fin du bail [&hellip;]","og_url":"https:\/\/www.monsieurhugo.com\/blog\/2018\/03\/13\/comment-donner-conge-au-locataire-dune\/","og_site_name":"Monsieur Hugo","article_publisher":"https:\/\/www.facebook.com\/assistantmonsieurhugo\/","article_published_time":"2018-03-13T08:00:00+00:00","article_modified_time":"2026-01-20T14:43:11+00:00","og_image":[{"width":1000,"height":667,"url":"https:\/\/www.monsieurhugo.com\/blog\/wp-content\/uploads\/2018\/03\/donner-conges-location-non-meubl\u00e9e.jpeg","type":"image\/jpeg"}],"author":"Bruno Cantegrel","twitter_card":"summary_large_image","twitter_creator":"@monsieurhugo_","twitter_site":"@monsieurhugo_","twitter_misc":{"\u00c9crit par":"Bruno Cantegrel","Dur\u00e9e de lecture estim\u00e9e":"9 minutes"},"schema":{"@context":"https:\/\/schema.org","@graph":[{"@type":"Article","@id":"https:\/\/www.monsieurhugo.com\/blog\/2018\/03\/13\/comment-donner-conge-au-locataire-dune\/#article","isPartOf":{"@id":"https:\/\/www.monsieurhugo.com\/blog\/2018\/03\/13\/comment-donner-conge-au-locataire-dune\/"},"author":{"name":"Bruno Cantegrel","@id":"https:\/\/www.monsieurhugo.com\/blog\/#\/schema\/person\/c46c67fabd9bedfa0ce7d1f4142116c3"},"headline":"Comment donner cong\u00e9 au locataire d&rsquo;une location non meubl\u00e9e ?","datePublished":"2018-03-13T08:00:00+00:00","dateModified":"2026-01-20T14:43:11+00:00","mainEntityOfPage":{"@id":"https:\/\/www.monsieurhugo.com\/blog\/2018\/03\/13\/comment-donner-conge-au-locataire-dune\/"},"wordCount":1934,"publisher":{"@id":"https:\/\/www.monsieurhugo.com\/blog\/#organization"},"image":{"@id":"https:\/\/www.monsieurhugo.com\/blog\/2018\/03\/13\/comment-donner-conge-au-locataire-dune\/#primaryimage"},"thumbnailUrl":"https:\/\/www.monsieurhugo.com\/blog\/wp-content\/uploads\/2018\/03\/donner-conges-location-non-meubl\u00e9e.jpeg","articleSection":["\u00c9tat des lieux"],"inLanguage":"fr-FR"},{"@type":"WebPage","@id":"https:\/\/www.monsieurhugo.com\/blog\/2018\/03\/13\/comment-donner-conge-au-locataire-dune\/","url":"https:\/\/www.monsieurhugo.com\/blog\/2018\/03\/13\/comment-donner-conge-au-locataire-dune\/","name":"Comment donner cong\u00e9 au locataire d'une location non meubl\u00e9e ? - Monsieur Hugo","isPartOf":{"@id":"https:\/\/www.monsieurhugo.com\/blog\/#website"},"primaryImageOfPage":{"@id":"https:\/\/www.monsieurhugo.com\/blog\/2018\/03\/13\/comment-donner-conge-au-locataire-dune\/#primaryimage"},"image":{"@id":"https:\/\/www.monsieurhugo.com\/blog\/2018\/03\/13\/comment-donner-conge-au-locataire-dune\/#primaryimage"},"thumbnailUrl":"https:\/\/www.monsieurhugo.com\/blog\/wp-content\/uploads\/2018\/03\/donner-conges-location-non-meubl\u00e9e.jpeg","datePublished":"2018-03-13T08:00:00+00:00","dateModified":"2026-01-20T14:43:11+00:00","breadcrumb":{"@id":"https:\/\/www.monsieurhugo.com\/blog\/2018\/03\/13\/comment-donner-conge-au-locataire-dune\/#breadcrumb"},"inLanguage":"fr-FR","potentialAction":[{"@type":"ReadAction","target":["https:\/\/www.monsieurhugo.com\/blog\/2018\/03\/13\/comment-donner-conge-au-locataire-dune\/"]}]},{"@type":"ImageObject","inLanguage":"fr-FR","@id":"https:\/\/www.monsieurhugo.com\/blog\/2018\/03\/13\/comment-donner-conge-au-locataire-dune\/#primaryimage","url":"https:\/\/www.monsieurhugo.com\/blog\/wp-content\/uploads\/2018\/03\/donner-conges-location-non-meubl\u00e9e.jpeg","contentUrl":"https:\/\/www.monsieurhugo.com\/blog\/wp-content\/uploads\/2018\/03\/donner-conges-location-non-meubl\u00e9e.jpeg","width":1000,"height":667},{"@type":"BreadcrumbList","@id":"https:\/\/www.monsieurhugo.com\/blog\/2018\/03\/13\/comment-donner-conge-au-locataire-dune\/#breadcrumb","itemListElement":[{"@type":"ListItem","position":1,"name":"Logiciel Gestion Locative En Ligne","item":"https:\/\/www.monsieurhugo.com\/blog\/"},{"@type":"ListItem","position":2,"name":"\u00c9tat des lieux","item":"https:\/\/www.monsieurhugo.com\/blog\/category\/etat-des-lieux\/"},{"@type":"ListItem","position":3,"name":"Comment donner cong\u00e9 au locataire d&rsquo;une location non meubl\u00e9e ?"}]},{"@type":"WebSite","@id":"https:\/\/www.monsieurhugo.com\/blog\/#website","url":"https:\/\/www.monsieurhugo.com\/blog\/","name":"Monsieur Hugo","description":"Votre logiciel de gestion locative","publisher":{"@id":"https:\/\/www.monsieurhugo.com\/blog\/#organization"},"potentialAction":[{"@type":"SearchAction","target":{"@type":"EntryPoint","urlTemplate":"https:\/\/www.monsieurhugo.com\/blog\/?s={search_term_string}"},"query-input":{"@type":"PropertyValueSpecification","valueRequired":true,"valueName":"search_term_string"}}],"inLanguage":"fr-FR"},{"@type":"Organization","@id":"https:\/\/www.monsieurhugo.com\/blog\/#organization","name":"Monsieur Hugo","url":"https:\/\/www.monsieurhugo.com\/blog\/","logo":{"@type":"ImageObject","inLanguage":"fr-FR","@id":"https:\/\/www.monsieurhugo.com\/blog\/#\/schema\/logo\/image\/","url":"https:\/\/www.monsieurhugo.com\/blog\/wp-content\/uploads\/2020\/06\/Logotype-final-v2.png","contentUrl":"https:\/\/www.monsieurhugo.com\/blog\/wp-content\/uploads\/2020\/06\/Logotype-final-v2.png","width":898,"height":234,"caption":"Monsieur Hugo"},"image":{"@id":"https:\/\/www.monsieurhugo.com\/blog\/#\/schema\/logo\/image\/"},"sameAs":["https:\/\/www.facebook.com\/assistantmonsieurhugo\/","https:\/\/x.com\/monsieurhugo_","https:\/\/www.linkedin.com\/company\/18421005\/"]},{"@type":"Person","@id":"https:\/\/www.monsieurhugo.com\/blog\/#\/schema\/person\/c46c67fabd9bedfa0ce7d1f4142116c3","name":"Bruno Cantegrel","image":{"@type":"ImageObject","inLanguage":"fr-FR","@id":"https:\/\/secure.gravatar.com\/avatar\/627f29f4ef165adeb61765fbeaf70336b3653293cbe1ba89fccd189379833b3a?s=96&d=mm&r=g","url":"https:\/\/secure.gravatar.com\/avatar\/627f29f4ef165adeb61765fbeaf70336b3653293cbe1ba89fccd189379833b3a?s=96&d=mm&r=g","contentUrl":"https:\/\/secure.gravatar.com\/avatar\/627f29f4ef165adeb61765fbeaf70336b3653293cbe1ba89fccd189379833b3a?s=96&d=mm&r=g","caption":"Bruno Cantegrel"},"description":"Fondateur de Monsieur Hugo, dipl\u00f4m\u00e9 d'un MBA \u00e0 l'EDHEC et professeur \u00e0 HEC Paris. Expert en investissement locatif avec plus de 20 ans d'exp\u00e9rience, il est l'auteur de l'ouvrage 'Trouver un locataire pour son logement' aux \u00e9ditions Studyrama","sameAs":["https:\/\/www.monsieurhugo.com\/blog\/a-propos\/","https:\/\/www.linkedin.com\/in\/bruno-bruno-4336096\/"],"alumniOf":[{"@type":"Organization","name":"EDHEC Business School"},{"@type":"Organization","name":"HEC Paris"}],"knowsAbout":["Gestion locative","Investissement immobilier","Droit immobilier","Proptech"]}]}},"_links":{"self":[{"href":"https:\/\/www.monsieurhugo.com\/blog\/wp-json\/wp\/v2\/posts\/352176","targetHints":{"allow":["GET"]}}],"collection":[{"href":"https:\/\/www.monsieurhugo.com\/blog\/wp-json\/wp\/v2\/posts"}],"about":[{"href":"https:\/\/www.monsieurhugo.com\/blog\/wp-json\/wp\/v2\/types\/post"}],"author":[{"embeddable":true,"href":"https:\/\/www.monsieurhugo.com\/blog\/wp-json\/wp\/v2\/users\/1"}],"replies":[{"embeddable":true,"href":"https:\/\/www.monsieurhugo.com\/blog\/wp-json\/wp\/v2\/comments?post=352176"}],"version-history":[{"count":2,"href":"https:\/\/www.monsieurhugo.com\/blog\/wp-json\/wp\/v2\/posts\/352176\/revisions"}],"predecessor-version":[{"id":357870,"href":"https:\/\/www.monsieurhugo.com\/blog\/wp-json\/wp\/v2\/posts\/352176\/revisions\/357870"}],"wp:featuredmedia":[{"embeddable":true,"href":"https:\/\/www.monsieurhugo.com\/blog\/wp-json\/wp\/v2\/media\/353205"}],"wp:attachment":[{"href":"https:\/\/www.monsieurhugo.com\/blog\/wp-json\/wp\/v2\/media?parent=352176"}],"wp:term":[{"taxonomy":"category","embeddable":true,"href":"https:\/\/www.monsieurhugo.com\/blog\/wp-json\/wp\/v2\/categories?post=352176"},{"taxonomy":"post_tag","embeddable":true,"href":"https:\/\/www.monsieurhugo.com\/blog\/wp-json\/wp\/v2\/tags?post=352176"}],"curies":[{"name":"wp","href":"https:\/\/api.w.org\/{rel}","templated":true}]}}