{"id":352174,"date":"2018-03-15T09:00:00","date_gmt":"2018-03-15T08:00:00","guid":{"rendered":""},"modified":"2026-01-20T15:43:11","modified_gmt":"2026-01-20T14:43:11","slug":"comment-rediger-le-bail-dun-logement_15","status":"publish","type":"post","link":"https:\/\/www.monsieurhugo.com\/blog\/2018\/03\/15\/comment-rediger-le-bail-dun-logement_15\/","title":{"rendered":"Comment r\u00e9diger le bail d&rsquo;un logement vide ?"},"content":{"rendered":"<p>[et_pb_section fb_built=\u00a0\u00bb1&Prime; _builder_version=\u00a0\u00bb3.22&Prime;][et_pb_row _builder_version=\u00a0\u00bb3.25&Prime; background_size=\u00a0\u00bbinitial\u00a0\u00bb background_position=\u00a0\u00bbtop_left\u00a0\u00bb background_repeat=\u00a0\u00bbrepeat\u00a0\u00bb][et_pb_column type=\u00a0\u00bb4_4&Prime; _builder_version=\u00a0\u00bb3.25&Prime; custom_padding=\u00a0\u00bb|||\u00a0\u00bb custom_padding__hover=\u00a0\u00bb|||\u00a0\u00bb][et_pb_text _builder_version=\u00a0\u00bb4.4.9&Prime; background_size=\u00a0\u00bbinitial\u00a0\u00bb background_position=\u00a0\u00bbtop_left\u00a0\u00bb background_repeat=\u00a0\u00bbrepeat\u00a0\u00bb hover_enabled=\u00a0\u00bb0&Prime; text_font_size=\u00a0\u00bb19px\u00a0\u00bb]<\/p>\n<p>Connaissez-vous la loi Alur ? Oui en effet, c&rsquo;est bien cette loi qui encadre aujourd&rsquo;hui le bail d\u2019habitation.<\/p>\n<p>Avant 2015, c&rsquo;\u00e9tait la loi du 6 juillet 1989 qui r\u00e9gissait le bail.<\/p>\n<p>Depuis le 1er ao\u00fbt 2015, dans le but d&rsquo;am\u00e9liorer les relations locatives, la loi Alur est venue compl\u00e9ter la loi logement de 89. Le bail doit \u00eatre conforme \u00e0 un contrat type r\u00e9glementaire. Il doit ainsi respecter les dispositions obligatoires de la loi Alur.<\/p>\n<p>Le bail d\u2019une location vide doit contenir un certain nombre d\u2019informations obligatoires concernant les parties, le logement et le loyer. Les parties peuvent pr\u00e9voir d&rsquo;y inclure d&rsquo;autres clauses sous r\u00e9serve qu&rsquo;elles ne figurent pas parmi la liste des clauses abusives.<\/p>\n<ol>\n<li>Qu&rsquo;est ce qu&rsquo;un bail de location ?<\/li>\n<li>Quelles sont les informations relatives aux parties signataires ?<\/li>\n<li>Les informations obligatoires concernant le logement<\/li>\n<li>Le loyer, les charges et le montant du d\u00e9p\u00f4t de garantie<\/li>\n<li>Quelle est la dur\u00e9e du bail d&rsquo;un logement lou\u00e9 vide ?<\/li>\n<li>Et si on souhaite renouveler ?<\/li>\n<li>Quels sont les documents \u00e0 annexer au bail ?<\/li>\n<li>Y-a-t-il des clauses interdites ?<\/li>\n<\/ol>\n<h2>1. Qu&rsquo;est ce qu&rsquo;un bail de location ?<\/h2>\n<p>Le bail, c&rsquo;est le contrat de location qui fixe les conditions de la location. Il est conclu entre vous, propri\u00e9taire du logement et le locataire et il va d\u00e9finir les droits et les obligations de chaque partie.<\/p>\n<p>Il existe 2 baux principaux \u00e0 usage d&rsquo;habitation : le bail pour un logement lou\u00e9 meubl\u00e9 et celui pour un logement lou\u00e9 vide.<\/p>\n<p>Celui qu&rsquo;on aborde dans ce dossier est le contrat de location pour un logement vide. Il est utilis\u00e9 pour la location d\u2019un logement lou\u00e9 non meubl\u00e9 \u00e0 usage de r\u00e9sidence principale.<\/p>\n<h2>2. Quelles sont les informations dans le bail relatives aux parties signataires ?<\/h2>\n<p>Le contrat de location meubl\u00e9e est conclu entre le bailleur (vous devrez indiquer votre nom, pr\u00e9nom et adresse) ou votre mandataire, et le ou les locataire(s) ou, en cas de colocation, les colocataires.<\/p>\n<p>Le contrat de bail doit \u00eatre \u00e9tabli par \u00e9crit et vous devrez l&rsquo;\u00e9tablir en autant d&rsquo;exemplaires qu&rsquo;il y a de parties (propri\u00e9taire, locataire, colocataires, caution&#8230;).<\/p>\n<p>Votre bail peut prendre la forme :<\/p>\n<ul>\n<li>d&rsquo;un acte sous-seing priv\u00e9, c&rsquo;est-\u00e0-dire que vous r\u00e9digerez le contrat et le signerez avec votre (ou vos) locataire(s) sans la pr\u00e9sence d\u2019un notaire,<\/li>\n<li>ou d&rsquo;un acte authentique. Le bail sera \u00e9tabli par un officier d\u2019\u00e9tat public comp\u00e9tent : notaire, huissier&#8230; qui sera pr\u00e9sent le jour de la signature.<\/li>\n<\/ul>\n<h2>3. Les informations obligatoires concernant le logement<\/h2>\n<p>Dans votre bail r\u00e9glementaire Alur vous devrez pr\u00e9ciser un certains nombres d&rsquo;informations concernant votre logement :<\/p>\n<ul>\n<li>la consistance du logement et sa destination (bail d&rsquo;habitation ou bail mixte, c&rsquo;est-\u00e0-dire bail d&rsquo;habitation et bail professionnel lib\u00e9ral),<\/li>\n<li>la description du logement (maison ou appartement, nombre de pi\u00e8ces) et de ses \u00e9quipements \u00e0 usage privatif et commun,<\/li>\n<li>la nature et le montant des travaux effectu\u00e9s dans le logement depuis le dernier contrat de location (ou le dernier renouvellement),<\/li>\n<li>la surface habitable du logement. Si elle n&rsquo;est pas mentionn\u00e9e ou est erron\u00e9e, le locataire peut intenter une action en diminution de loyer.<\/li>\n<\/ul>\n<p>Notez bien que la surface habitable se calcule au sol d\u00e9duction faite des murs, cloisons, marches et cages d&rsquo;escaliers, gaines, embrasures de portes et de fen\u00eatres.<\/p>\n<p>Vous ne pourrez inclure dans ce calcul certains espaces : combles non am\u00e9nag\u00e9s, caves, sous-sol, remise, garages, terrasses, loggias, balcons, s\u00e9choirs ext\u00e9rieurs, v\u00e9randas, locaux communs, d\u00e9pendances, ou encore les espaces dont la hauteur est inf\u00e9rieure \u00e0 1,80 m\u00e8tre.<\/p>\n<h2>4. Les informations sur le loyer et le d\u00e9p\u00f4t de garantie<\/h2>\n<p>Pour \u00eatre conforme au bail r\u00e9glementaire, vous devrez pr\u00e9ciser :<\/p>\n<ul>\n<li>le montant du loyer et le mode de r\u00e8glement (par exemple, par ch\u00e8que ou pr\u00e9l\u00e8vement automatique) ainsi que les r\u00e8gles de r\u00e9vision \u00e9ventuelle du loyer,<\/li>\n<li>le montant du dernier loyer acquitt\u00e9 par le pr\u00e9c\u00e9dent locataire,<\/li>\n<li>le montant du d\u00e9p\u00f4t de garantie s&rsquo;il est pr\u00e9vu.<\/li>\n<\/ul>\n<p>N&rsquo;oubliez pas que depuis la mise en place de la loi Alur, le montant du d\u00e9p\u00f4t de garantie est plafonn\u00e9 \u00e0 1 mois de loyer (hors charges).<\/p>\n<p>Si votre logement se trouve \u00e0 Paris, votre bail devra \u00e9galement pr\u00e9ciser :<\/p>\n<ul>\n<li>le montant du loyer de r\u00e9f\u00e9rence et du loyer de r\u00e9f\u00e9rence major\u00e9 applicables au moment de la signature du bail,<\/li>\n<li>le montant du compl\u00e9ment de loyer.<\/li>\n<\/ul>\n<h2>5. Quelle est la dur\u00e9e du bail d&rsquo;un logement lou\u00e9 vide ?<\/h2>\n<p>Si vous \u00eates un propri\u00e9taire bailleur particulier (ou une SCI familiale), la r\u00e8gle en mati\u00e8re de bail d&rsquo;habitation nue est de conclure un contrat pour une dur\u00e9e minimale de 3 ans.<\/p>\n<p>Si vous \u00eates une personne morale et que vous poss\u00e9dez le bien par l&rsquo;interm\u00e9diaire d&rsquo;une soci\u00e9t\u00e9 ou d&rsquo;une association dans ce cas le bail est conclu pour une p\u00e9riode minimale de 6 ans.<\/p>\n<p>Par exception, la dur\u00e9e peut \u00eatre inf\u00e9rieure \u00e0 3 ans (ou 6 ans), mais d&rsquo;au minimum 1 an. Mais dans ce cas, les conditions de forme et de fond sont encadr\u00e9es par la loi.<\/p>\n<p>Notez bien que la dur\u00e9e minimale ne s&rsquo;impose pas au locataire qui peut donner cong\u00e9 \u00e0 tout moment en respectant bien entendu un pr\u00e9avis (de 1 \u00e0 3 mois en fonction de la situation g\u00e9ographique du bien et\/ou si le locataire peut justifier d&rsquo;un des motifs l\u00e9gaux lui permettant de r\u00e9duire le pr\u00e9avis).<\/p>\n<h2>6. Et si on souhaite renouveler\u00a0?<\/h2>\n<p>Avant la fin du bail, le locataire ou vous pouvez donner cong\u00e9 en respectant le pr\u00e9avis.<\/p>\n<p>Si le locataire peut encore une fois donner cong\u00e9 \u00e0 tout moment (pr\u00e9avis de 1 ou 3 mois), en tant que propri\u00e9taire, vous devrez pour r\u00e9cup\u00e9rer votre logement, motiver la demande de cong\u00e9.<\/p>\n<p>La loi vous autorise \u00e0 reprendre votre logement uniquement dans 3 cas et en respectant un pr\u00e9avis de 6 mois :<\/p>\n<ul>\n<li>cong\u00e9 pour habiter,<\/li>\n<li>cong\u00e9 pour vendre,<\/li>\n<li>reprise pour motif l\u00e9gitime et s\u00e9rieux.<\/li>\n<\/ul>\n<p>Si ni le locataire, ni vous ne donnez cong\u00e9, dans ce cas, le bail est reconduit automatiquement par tacite reconduction pour :<\/p>\n<ul>\n<li>3 ans lorsque en tant que propri\u00e9taire, vous \u00eates un particulier,<\/li>\n<li>ou 6 ans lorsque vous \u00eates en tant que propri\u00e9taire une personne morale.<\/li>\n<\/ul>\n<p>En savoir plus sur la reprise d&rsquo;un logement par le bailleur.<\/p>\n<h2>7. Quels sont les documents \u00e0 annexer obligatoirement au bail ?<\/h2>\n<p>La loi Alur vous impose d&rsquo;annexer un certain nombres de documents au bail. Il vous incombe en tant que propri\u00e9taire de les joindre au contrat de bail vide.<\/p>\n<p>Les documents comprennent notamment un diagnostic technique immobilier compos\u00e9 d&rsquo; :<\/p>\n<ul>\n<li>un <a href=\"https:\/\/www.service-public.fr\/particuliers\/vosdroits\/F16096\">diagnostic de performance \u00e9nerg\u00e9tique (DPE)<\/a>,<\/li>\n<li>un <a href=\"https:\/\/www.service-public.fr\/particuliers\/vosdroits\/F1142\">constat de risque d&rsquo;exposition au plomb (CREP)<\/a> si le logement date d&rsquo;avant janvier 1949,<\/li>\n<li>un <a href=\"https:\/\/www.service-public.fr\/particuliers\/vosdroits\/F12239\">\u00e9tat des risques naturels, miniers et technologiques (ERNMT)<\/a> si le logement est situ\u00e9 dans une zone \u00e0 risque,<\/li>\n<li>un <a href=\"https:\/\/www.service-public.fr\/particuliers\/vosdroits\/F18692\">\u00e9tat de l&rsquo;installation int\u00e9rieure de l&rsquo;\u00e9lectricit\u00e9<\/a> si l&rsquo;installation a plus de 15 ans,<\/li>\n<li>un <a href=\"https:\/\/www.service-public.fr\/particuliers\/vosdroits\/F17337\">\u00e9tat de l&rsquo;installation int\u00e9rieure du gaz<\/a> si l&rsquo;installation a plus de 15 ans ou si le dernier certificat de conformit\u00e9 a plus de 15 ans.<\/li>\n<\/ul>\n<p>D&rsquo;autres documents doivent \u00e9galement \u00eatre annex\u00e9s au bail :<\/p>\n<ul>\n<li>une <a href=\"http:\/\/legifrance.gouv.fr\/affichTexte.do?cidTexte=JORFTEXT000030649902\">notice informative<\/a>,<\/li>\n<li><a href=\"https:\/\/www.service-public.fr\/particuliers\/vosdroits\/F31270\">l&rsquo;\u00e9tat des lieux d&rsquo;entr\u00e9e<\/a> \u00e9tabli lors de la remise des cl\u00e9s et <a href=\"https:\/\/www.service-public.fr\/particuliers\/vosdroits\/F33671\">l&rsquo;\u00e9tat des lieux de sortie<\/a> r\u00e9alis\u00e9 lors de la restitution des cl\u00e9s,<\/li>\n<li><a href=\"https:\/\/www.service-public.fr\/particuliers\/vosdroits\/F1349\">l&rsquo;attestation d&rsquo;assurance contre les risques locatifs<\/a> que le locataire doit obligatoirement souscrire,<\/li>\n<li>l&rsquo;\u00e9num\u00e9ration des \u00e9quipements d&rsquo;acc\u00e8s aux technologies de l&rsquo;information et de la communication (c\u00e2ble, TNT, fibre&#8230;),<\/li>\n<li>une copie de la <a href=\"https:\/\/www.service-public.fr\/particuliers\/vosdroits\/F1351\">convention Anah<\/a> si le logement lou\u00e9 est conventionn\u00e9,<\/li>\n<li>une copie de la <a href=\"https:\/\/www.service-public.fr\/particuliers\/vosdroits\/F31697\">grille de v\u00e9tust\u00e9<\/a> si le locataire et le propri\u00e9taire ont convenu d&rsquo;en appliquer une,<\/li>\n<li>si le logement est situ\u00e9 dans un immeuble en copropri\u00e9t\u00e9, un extrait du <a href=\"https:\/\/www.service-public.fr\/particuliers\/vosdroits\/F2589\">r\u00e8glement de copropri\u00e9t\u00e9<\/a>.<\/li>\n<\/ul>\n<h2>8. Y-a-t-il des clauses interdites ?<\/h2>\n<p>Je vous conseille vivement de ne pas faire figurer ces clauses dans votre contrat de location\u2026 Ce sont des clauses abusives, list\u00e9es dans l\u2019article 4 de la loi de 1989 et consid\u00e9r\u00e9es comme non \u00e9crites :<\/p>\n<ul>\n<li>clause imposant le paiement des loyers par pr\u00e9l\u00e8vement automatique,<\/li>\n<li>clause imposant une compagnie pour l\u2019assurance locative,<\/li>\n<li>clause interdisant d\u2019h\u00e9berger des personnes ne vivant pas habituellement avec le locataire,<\/li>\n<li>clause interdisant d\u2019exercer une activit\u00e9 politique, syndicale, associative ou confessionnelle.<\/li>\n<\/ul>\n<p><strong>Conclusion<\/strong><\/p>\n<p>Retenez que le bail de location est un contrat qui vous engage avec votre locataire et que vous ressortirez lorsqu\u2019il y aura un litige.<\/p>\n<p>Il est donc important de s\u2019assurer qu\u2019il soit bien r\u00e9dig\u00e9 et conforme \u00e0 la r\u00e9glementation.<\/p>\n<p>Pour \u00e9viter que vous utilisiez un contrat de location impr\u00e9cis et sources de litiges, <a href=\"http:\/\/file.monsieurhugo.com\/Blog\/Bail%20nu_Blog_Monsieur%20Hugo.docx\">t\u00e9l\u00e9chargez<\/a> gratuitement votre bail de location au format Word, conforme Alur. J&rsquo;ai pris<span style=\"font-family: 'arial' , 'helvetica' , sans-serif;\"> le temps de le faire r\u00e9diger par un avocat. N&rsquo;oubliez pas les annexes obligatoires qui sont disponibles dans ce<span style=\"font-family: 'arial' , 'helvetica' , sans-serif;\">t <a href=\"https:\/\/www.monsieurhugo.com\/blog\/2018\/01\/bail-de-location-loi-alur-modele-gratuit-telecharger.html\" target=\"_blank\" rel=\"noopener noreferrer\"><span style=\"color: blue;\"><u>article<\/u><\/span><\/a> d\u00e9di\u00e9 !<\/span><\/span><\/p>\n<p>Maintenant, je vous laisse compl\u00e9ter votre bail de location.<\/p>\n<p>Bonne location !<\/p>\n<p><span style=\"font-size: large;\"><span style=\"font-family: 'arial' , 'helvetica' , sans-serif;\"><span style=\"font-size: large;\"><span style=\"font-family: 'arial' , 'helvetica' , sans-serif;\"><a href=\"https:\/\/www.facebook.com\/assistantmonsieurhugo\" target=\"_blank\" rel=\"noopener noreferrer\"><span style=\"color: blue;\"><u><\/u><\/span><\/a><\/span><\/span><\/span>Je vous sugg\u00e8re aussi :<\/span><\/p>\n<ul>\n<li><span style=\"font-size: large;\"><a href=\"https:\/\/www.monsieurhugo.com\/blog\/2018\/03\/comment-rediger-le-bail-dun-logement_15.html\" target=\"_blank\" rel=\"noopener noreferrer\"><span style=\"color: blue;\"><u>Comment r\u00e9diger le bail d&rsquo;un logement vide ?Mod\u00e8le type \u00e0 t\u00e9l\u00e9charger<\/u><\/span><\/a><\/span><\/li>\n<li><span style=\"font-size: large;\"><span style=\"color: blue;\"><u><span style=\"font-family: 'arial' , 'helvetica' , sans-serif;\"><span style=\"font-size: large;\"><span style=\"font-family: 'arial' , 'helvetica' , sans-serif;\"><span style=\"font-size: medium;\"><span style=\"font-family: 'arial' , 'helvetica' , sans-serif;\"><span style=\"font-size: large;\"><a href=\"https:\/\/www.monsieurhugo.com\/blog\/2018\/03\/comment-rediger-le-bail-dun-logement.html\" target=\"_blank\" rel=\"noopener noreferrer\"><span style=\"color: blue;\"><u>Comment r\u00e9diger le bail d&rsquo;un logement meubl\u00e9 ?<\/u><\/span><\/a><\/span><\/span><\/span><\/span><\/span><\/span> <\/u><\/span><\/span><\/li>\n<li><span style=\"font-size: large;\"><a href=\"https:\/\/www.monsieurhugo.com\/blog\/2018\/03\/comment-donner-conge-au-locataire-dune.html\" target=\"_blank\" rel=\"noopener noreferrer\"><span style=\"color: blue;\"><u>En savoir plus sur le cong\u00e9 \u00e0 l&rsquo;initiative du bailleur<\/u><\/span><\/a><span style=\"font-family: 'arial' , 'helvetica' , sans-serif;\"><span style=\"font-size: medium;\"><br \/><\/span><\/span><\/span><\/li>\n<\/ul>\n<p>[\/et_pb_text][\/et_pb_column][\/et_pb_row][\/et_pb_section]<\/p>\n","protected":false},"excerpt":{"rendered":"<p>Connaissez-vous la loi Alur ? Oui en effet, c&rsquo;est bien cette loi qui encadre aujourd&rsquo;hui le bail d\u2019habitation. Avant 2015, c&rsquo;\u00e9tait la loi du 6 juillet 1989 qui r\u00e9gissait le bail. Depuis le 1er ao\u00fbt 2015, dans le but d&rsquo;am\u00e9liorer les relations locatives, la loi Alur est venue compl\u00e9ter la loi logement de 89. Le [&hellip;]<\/p>\n","protected":false},"author":1,"featured_media":353199,"comment_status":"closed","ping_status":"closed","sticky":false,"template":"","format":"standard","meta":{"_acf_changed":false,"_et_pb_use_builder":"on","_et_pb_old_content":"<p><img src=\"https:\/\/1.bp.blogspot.com\/-iExhSnbGHpo\/W4kIT5nogVI\/AAAAAAAAAFo\/6lIviIoSxlIwTZUWQ1GvvQtlYCAE93jngCLcBGAs\/s1600\/living-room-couch-interior-room-584399.jpeg\" alt=\"bail non meubl\u00e9 - \u00e0 t\u00e9l\u00e9charger gratuitement -Monsieur Hugo\" \/><\/p><p>Connaissez-vous la loi Alur ? Oui en effet, c'est bien cette loi qui encadre aujourd'hui le bail d\u2019habitation.<\/p><p>Avant 2015, c'\u00e9tait la loi du 6 juillet 1989 qui r\u00e9gissait le bail.<\/p><p>Depuis le 1er ao\u00fbt 2015, dans le but d'am\u00e9liorer les relations locatives, la loi Alur est venue compl\u00e9ter la loi logement de 89. Le bail doit \u00eatre conforme \u00e0 un contrat type r\u00e9glementaire. Il doit ainsi respecter les dispositions obligatoires de la loi Alur.<\/p><p>Le bail d\u2019une location vide doit contenir un certain nombre d\u2019informations obligatoires concernant les parties, le logement et le loyer. Les parties peuvent pr\u00e9voir d'y inclure d'autres clauses sous r\u00e9serve qu'elles ne figurent pas parmi la liste des clauses abusives.<\/p><ol><li>Qu'est ce qu'un bail de location ?\u00a0<\/li><li>Quelles sont les informations relatives aux parties signataires ?<\/li><li>Les informations obligatoires concernant le logement\u00a0<\/li><li>Le loyer, les charges et le montant du d\u00e9p\u00f4t de garantie\u00a0<\/li><li>Quelle est la dur\u00e9e du bail d'un logement lou\u00e9 vide ?\u00a0<\/li><li>Et si on souhaite renouveler ?\u00a0<\/li><li>Quels sont les documents \u00e0 annexer au bail ?\u00a0<\/li><li>Y-a-t-il des clauses interdites ?<\/li><\/ol><h2>1. Qu'est ce qu'un bail de location ?<\/h2><p>Le bail, c'est le contrat de location qui fixe les conditions de la location. Il est conclu entre vous, propri\u00e9taire du logement et le locataire et il va d\u00e9finir les droits et les obligations de chaque partie.<\/p><p>Il existe 2 baux principaux \u00e0 usage d'habitation : le bail pour un logement lou\u00e9 meubl\u00e9 et celui pour un logement lou\u00e9 vide.<\/p><p>Celui qu'on aborde dans ce dossier est le contrat de location pour un logement vide. Il est utilis\u00e9 pour la location d\u2019un logement lou\u00e9 non meubl\u00e9 \u00e0 usage de r\u00e9sidence principale.<\/p><h2>2. Quelles sont les informations dans le bail relatives aux parties signataires ?<\/h2><p>Le contrat de location meubl\u00e9e est conclu entre le bailleur (vous devrez indiquer votre nom, pr\u00e9nom et adresse) ou votre mandataire, et le ou les locataire(s) ou, en cas de colocation, les colocataires.<\/p><p>Le contrat de bail doit \u00eatre \u00e9tabli par \u00e9crit et vous devrez l'\u00e9tablir en autant d'exemplaires qu'il y a de parties (propri\u00e9taire, locataire, colocataires, caution...).<\/p><p>Votre bail peut prendre la forme :<\/p><ul><li>d'un acte sous-seing priv\u00e9, c'est-\u00e0-dire que vous r\u00e9digerez le contrat et le signerez avec votre (ou vos) locataire(s) sans la pr\u00e9sence d\u2019un notaire,\u00a0<\/li><li>ou d'un acte authentique. Le bail sera \u00e9tabli par un officier d\u2019\u00e9tat public comp\u00e9tent : notaire, huissier... qui sera pr\u00e9sent le jour de la signature.<\/li><\/ul><h2>3. Les informations obligatoires concernant le logement<\/h2><p>Dans votre bail r\u00e9glementaire Alur vous devrez pr\u00e9ciser un certains nombres d'informations concernant votre logement :<\/p><ul><li>la consistance du logement et sa destination (bail d'habitation ou bail mixte, c'est-\u00e0-dire bail d'habitation et bail professionnel lib\u00e9ral),\u00a0<\/li><li>la description du logement (maison ou appartement, nombre de pi\u00e8ces) et de ses \u00e9quipements \u00e0 usage privatif et commun,\u00a0<\/li><li>la nature et le montant des travaux effectu\u00e9s dans le logement depuis le dernier contrat de location (ou le dernier renouvellement),\u00a0<\/li><li>la surface habitable du logement. Si elle n'est pas mentionn\u00e9e ou est erron\u00e9e, le locataire peut intenter une action en diminution de loyer.\u00a0<\/li><\/ul><p>Notez bien que la surface habitable se calcule au sol d\u00e9duction faite des murs, cloisons, marches et cages d'escaliers, gaines, embrasures de portes et de fen\u00eatres.<\/p><p>Vous ne pourrez inclure dans ce calcul certains espaces : combles non am\u00e9nag\u00e9s, caves, sous-sol, remise, garages, terrasses, loggias, balcons, s\u00e9choirs ext\u00e9rieurs, v\u00e9randas, locaux communs, d\u00e9pendances, ou encore les espaces dont la hauteur est inf\u00e9rieure \u00e0 1,80 m\u00e8tre.<\/p><h2>4. Les informations sur le loyer et le d\u00e9p\u00f4t de garantie<\/h2><p>Pour \u00eatre conforme au bail r\u00e9glementaire, vous devrez pr\u00e9ciser :<\/p><ul><li>le montant du loyer et le mode de r\u00e8glement (par exemple, par ch\u00e8que ou pr\u00e9l\u00e8vement automatique) ainsi que les r\u00e8gles de r\u00e9vision \u00e9ventuelle du loyer,\u00a0<\/li><li>le montant du dernier loyer acquitt\u00e9 par le pr\u00e9c\u00e9dent locataire,\u00a0<\/li><li>le montant du d\u00e9p\u00f4t de garantie s'il est pr\u00e9vu.\u00a0<\/li><\/ul><p>N'oubliez pas que depuis la mise en place de la loi Alur, le montant du d\u00e9p\u00f4t de garantie est plafonn\u00e9 \u00e0 1 mois de loyer (hors charges).<\/p><p>Si votre logement se trouve \u00e0 Paris, votre bail devra \u00e9galement pr\u00e9ciser :<\/p><ul><li>le montant du loyer de r\u00e9f\u00e9rence et du loyer de r\u00e9f\u00e9rence major\u00e9 applicables au moment de la signature du bail,\u00a0<\/li><li>le montant du compl\u00e9ment de loyer.<\/li><\/ul><h2>5. Quelle est la dur\u00e9e du bail d'un logement lou\u00e9 vide ?<\/h2><p>Si vous \u00eates un propri\u00e9taire bailleur particulier (ou une SCI familiale), la r\u00e8gle en mati\u00e8re de bail d'habitation nue est de conclure un contrat pour une dur\u00e9e minimale de 3 ans.<\/p><p>Si vous \u00eates une personne morale et que vous poss\u00e9dez le bien par l'interm\u00e9diaire d'une soci\u00e9t\u00e9 ou d'une association dans ce cas le bail est conclu pour une p\u00e9riode minimale de 6 ans.<\/p><p>Par exception, la dur\u00e9e peut \u00eatre inf\u00e9rieure \u00e0 3 ans (ou 6 ans), mais d'au minimum 1 an. Mais dans ce cas, les conditions de forme et de fond sont encadr\u00e9es par la loi.<\/p><p>Notez bien que la dur\u00e9e minimale ne s'impose pas au locataire qui peut donner cong\u00e9 \u00e0 tout moment en respectant bien entendu un pr\u00e9avis (de 1 \u00e0 3 mois en fonction de la situation g\u00e9ographique du bien et\/ou si le locataire peut justifier d'un des motifs l\u00e9gaux lui permettant de r\u00e9duire le pr\u00e9avis).<\/p><h2>6. Et si on souhaite renouveler\u00a0?<\/h2><p>Avant la fin du bail, le locataire ou vous pouvez donner cong\u00e9 en respectant le pr\u00e9avis.<\/p><p>Si le locataire peut encore une fois donner cong\u00e9 \u00e0 tout moment (pr\u00e9avis de 1 ou 3 mois), en tant que propri\u00e9taire, vous devrez pour r\u00e9cup\u00e9rer votre logement, motiver la demande de cong\u00e9.<\/p><p>La loi vous autorise \u00e0 reprendre votre logement uniquement dans 3 cas et en respectant un pr\u00e9avis de 6 mois :<\/p><ul><li>cong\u00e9 pour habiter,\u00a0<\/li><li>cong\u00e9 pour vendre,\u00a0<\/li><li>reprise pour motif l\u00e9gitime et s\u00e9rieux.\u00a0<\/li><\/ul><p>Si ni le locataire, ni vous ne donnez cong\u00e9, dans ce cas, le bail est reconduit automatiquement par tacite reconduction pour :<\/p><ul><li>3 ans lorsque en tant que propri\u00e9taire, vous \u00eates un particulier,\u00a0<\/li><li>ou 6 ans lorsque vous \u00eates en tant que propri\u00e9taire une personne morale.\u00a0<\/li><\/ul><p>En savoir plus sur la reprise d'un logement par le bailleur.<\/p><h2>7. Quels sont les documents \u00e0 annexer obligatoirement au bail ?<\/h2><p>La loi Alur vous impose d'annexer un certain nombres de documents au bail. Il vous incombe en tant que propri\u00e9taire de les joindre au contrat de bail vide.<\/p><p>Les documents comprennent notamment un diagnostic technique immobilier compos\u00e9 d' :<\/p><ul><li>un <a href=\"https:\/\/www.service-public.fr\/particuliers\/vosdroits\/F16096\">diagnostic de performance \u00e9nerg\u00e9tique (DPE)<\/a>,\u00a0<\/li><li>un <a href=\"https:\/\/www.service-public.fr\/particuliers\/vosdroits\/F1142\">constat de risque d'exposition au plomb (CREP)<\/a> si le logement date d'avant janvier 1949,\u00a0<\/li><li>un <a href=\"https:\/\/www.service-public.fr\/particuliers\/vosdroits\/F12239\">\u00e9tat des risques naturels, miniers et technologiques (ERNMT)<\/a> si le logement est situ\u00e9 dans une zone \u00e0 risque,\u00a0<\/li><li>un <a href=\"https:\/\/www.service-public.fr\/particuliers\/vosdroits\/F18692\">\u00e9tat de l'installation int\u00e9rieure de l'\u00e9lectricit\u00e9<\/a> si l'installation a plus de 15 ans,\u00a0<\/li><li>un <a href=\"https:\/\/www.service-public.fr\/particuliers\/vosdroits\/F17337\">\u00e9tat de l'installation int\u00e9rieure du gaz<\/a> si l'installation a plus de 15 ans ou si le dernier certificat de conformit\u00e9 a plus de 15 ans.\u00a0<\/li><\/ul><p>D'autres documents doivent \u00e9galement \u00eatre annex\u00e9s au bail :<\/p><ul><li>une <a href=\"http:\/\/legifrance.gouv.fr\/affichTexte.do?cidTexte=JORFTEXT000030649902\">notice informative<\/a>,\u00a0<\/li><li><a href=\"https:\/\/www.service-public.fr\/particuliers\/vosdroits\/F31270\">l'\u00e9tat des lieux d'entr\u00e9e<\/a> \u00e9tabli lors de la remise des cl\u00e9s et <a href=\"https:\/\/www.service-public.fr\/particuliers\/vosdroits\/F33671\">l'\u00e9tat des lieux de sortie<\/a> r\u00e9alis\u00e9 lors de la restitution des cl\u00e9s,\u00a0<\/li><li><a href=\"https:\/\/www.service-public.fr\/particuliers\/vosdroits\/F1349\">l'attestation d'assurance contre les risques locatifs<\/a> que le locataire doit obligatoirement souscrire,\u00a0<\/li><li>l'\u00e9num\u00e9ration des \u00e9quipements d'acc\u00e8s aux technologies de l'information et de la communication (c\u00e2ble, TNT, fibre...),\u00a0<\/li><li>une copie de la <a href=\"https:\/\/www.service-public.fr\/particuliers\/vosdroits\/F1351\">convention Anah<\/a> si le logement lou\u00e9 est conventionn\u00e9,\u00a0<\/li><li>une copie de la <a href=\"https:\/\/www.service-public.fr\/particuliers\/vosdroits\/F31697\">grille de v\u00e9tust\u00e9<\/a> si le locataire et le propri\u00e9taire ont convenu d'en appliquer une,\u00a0<\/li><li>si le logement est situ\u00e9 dans un immeuble en copropri\u00e9t\u00e9, un extrait du <a href=\"https:\/\/www.service-public.fr\/particuliers\/vosdroits\/F2589\">r\u00e8glement de copropri\u00e9t\u00e9<\/a>.<\/li><\/ul><h2>8. Y-a-t-il des clauses interdites ?<\/h2><p>Je vous conseille vivement de ne pas faire figurer ces clauses dans votre contrat de location\u2026 Ce sont des clauses abusives, list\u00e9es dans l\u2019article 4 de la loi de 1989 et consid\u00e9r\u00e9es comme non \u00e9crites :<\/p><ul><li>clause imposant le paiement des loyers par pr\u00e9l\u00e8vement automatique,\u00a0<\/li><li>clause imposant une compagnie pour l\u2019assurance locative,\u00a0<\/li><li>clause interdisant d\u2019h\u00e9berger des personnes ne vivant pas habituellement avec le locataire,\u00a0<\/li><li>clause interdisant d\u2019exercer une activit\u00e9 politique, syndicale, associative ou confessionnelle.\u00a0<\/li><\/ul><p><strong>Conclusion<\/strong><\/p><p>Retenez que le bail de location est un contrat qui vous engage avec votre locataire et que vous ressortirez lorsqu\u2019il y aura un litige.<\/p><p>Il est donc important de s\u2019assurer qu\u2019il soit bien r\u00e9dig\u00e9 et conforme \u00e0 la r\u00e9glementation.<\/p><p>Pour \u00e9viter que vous utilisiez un contrat de location impr\u00e9cis et sources de litiges, <a href=\"http:\/\/file.monsieurhugo.com\/Blog\/Bail%20nu_Blog_Monsieur%20Hugo.docx\">t\u00e9l\u00e9chargez<\/a> gratuitement votre bail de location au format Word, conforme Alur. J'ai pris<span style=\"font-family: 'arial' , 'helvetica' , sans-serif;\"> le temps de le faire r\u00e9diger par un avocat. N'oubliez pas les annexes obligatoires qui sont disponibles dans ce<span style=\"font-family: 'arial' , 'helvetica' , sans-serif;\">t <a href=\"https:\/\/www.monsieurhugo.com\/blog\/2018\/01\/bail-de-location-loi-alur-modele-gratuit-telecharger.html\" target=\"_blank\" rel=\"noopener noreferrer\"><span style=\"color: blue;\"><u>article<\/u><\/span><\/a> d\u00e9di\u00e9 !<\/span><\/span>\u00a0<\/p><p>Maintenant, je vous laisse compl\u00e9ter votre bail de location.<\/p><p>Bonne location !<\/p><p>A tr\u00e8s vite,<\/p><p><strong><span style=\"color: #006fad; font-size: large;\">Monsieur Hugo<\/span><\/strong><span style=\"font-size: large;\">, votre assistant personnel en gestion locative.<\/span><\/p><p><span style=\"font-size: large;\"><br \/><span style=\"font-family: 'arial' , 'helvetica' , sans-serif;\"><span style=\"font-size: large;\"><strong>Restons en conta<\/strong><span style=\"font-family: 'arial' , 'helvetica' , sans-serif;\"><strong>ct !<\/strong><\/span><\/span><\/span><\/span><\/p><p><span style=\"font-size: large;\"><strong><span style=\"font-family: 'arial' , 'helvetica' , sans-serif;\">Inscrive<span style=\"font-family: 'arial' , 'helvetica' , sans-serif;\">z-vous \u00e0 <span style=\"font-family: 'arial' , 'helvetica' , sans-serif;\">ma <span style=\"font-family: 'arial' , 'helvetica' , sans-serif;\">NEWSLETTER <\/span><\/span><\/span><\/span><\/strong><span style=\"font-family: 'arial' , 'helvetica' , sans-serif;\"><span style=\"font-family: 'arial' , 'helvetica' , sans-serif;\"><span style=\"font-family: 'arial' , 'helvetica' , sans-serif;\">pour <span style=\"font-family: 'arial' , 'helvetica' , sans-serif;\">recevoir<\/span> les dernie<span style=\"font-family: 'arial' , 'helvetica' , sans-serif;\">rs docu<span style=\"font-family: 'arial' , 'helvetica' , sans-serif;\">ments contractu<span style=\"font-family: 'arial' , 'helvetica' , sans-serif;\">els \u00e0 jour (bail, \u00e9tat des lieux, mod\u00e8les de lettres, acte de ca<span style=\"font-family: 'arial' , 'helvetica' , sans-serif;\">ution<\/span>...), je les mets \u00e0 jour r\u00e9guli\u00e8rement en fonction des \u00e9volution<span style=\"font-family: 'arial' , 'helvetica' , sans-serif;\">s r\u00e9glementaires.<\/span> <\/span><\/span><\/span><\/span><\/span><\/span><\/span><\/p><p><span style=\"font-size: large;\"><span style=\"font-family: 'arial' , 'helvetica' , sans-serif;\"><span style=\"font-size: large;\"><span style=\"font-family: 'arial' , 'helvetica' , sans-serif;\"><strong>Retrouvez-moi sur<\/strong> <a href=\"https:\/\/www.facebook.com\/assistantmonsieurhugo\" target=\"_blank\" rel=\"noopener noreferrer\"><span style=\"color: blue;\"><u>Facebook<\/u><\/span><\/a><\/span><u> <\/u><\/span><\/span>\u00a0<\/span><\/p><p><span style=\"font-size: large;\">Je vous sugg\u00e8re aussi :<\/span><\/p><p><span style=\"font-size: large;\">> <a href=\"https:\/\/www.monsieurhugo.com\/blog\/2018\/03\/comment-rediger-le-bail-dun-logement_15.html\" target=\"_blank\" rel=\"noopener noreferrer\"><span style=\"color: blue;\"><u>Comment r\u00e9diger le bail d'un logement vide ?Mod\u00e8le type \u00e0 t\u00e9l\u00e9charger<\/u><\/span><\/a><\/span><\/p><p><span style=\"font-size: large;\">> <\/span><span style=\"font-size: large;\"><span style=\"color: blue;\"><u><span style=\"font-family: 'arial' , 'helvetica' , sans-serif;\"><span style=\"font-size: large;\"><span style=\"font-family: 'arial' , 'helvetica' , sans-serif;\"><span style=\"font-size: medium;\"><span style=\"font-family: 'arial' , 'helvetica' , sans-serif;\"><span style=\"font-size: large;\"><a href=\"https:\/\/www.monsieurhugo.com\/blog\/2018\/03\/comment-rediger-le-bail-dun-logement.html\" target=\"_blank\" rel=\"noopener noreferrer\"><span style=\"color: blue;\"><u>Comment r\u00e9diger le bail d'un logement meubl\u00e9 ?<\/u><\/span><\/a><\/span><\/span><\/span><\/span><\/span><\/span> <\/u><\/span><\/span><\/p><p><span style=\"font-size: large;\">> <a href=\"https:\/\/www.monsieurhugo.com\/blog\/2018\/03\/comment-donner-conge-au-locataire-dune.html\" target=\"_blank\" rel=\"noopener noreferrer\"><span style=\"color: blue;\"><u>En savoir plus sur le cong\u00e9 \u00e0 l'initiative du bailleur<\/u><\/span><\/a><span style=\"font-family: 'arial' , 'helvetica' , sans-serif;\"><span style=\"font-size: medium;\">\u00a0<\/span><\/span><\/span><\/p><p><span style=\"font-size: large;\"><span style=\"font-family: 'arial' , 'helvetica' , sans-serif;\"><span style=\"font-size: medium;\">\u00a0<\/span><\/span><\/span><\/p><p>\u00a0<\/p>","_et_gb_content_width":"","footnotes":""},"categories":[53],"tags":[],"class_list":["post-352174","post","type-post","status-publish","format-standard","has-post-thumbnail","hentry","category-bail"],"acf":[],"yoast_head":"<!-- This site is optimized with the Yoast SEO plugin v27.5 - https:\/\/yoast.com\/product\/yoast-seo-wordpress\/ -->\n<title>Comment r\u00e9diger le bail d&#039;un logement vide ? - Monsieur Hugo<\/title>\n<meta name=\"robots\" content=\"index, follow, max-snippet:-1, max-image-preview:large, max-video-preview:-1\" \/>\n<link rel=\"canonical\" href=\"https:\/\/www.monsieurhugo.com\/blog\/2018\/03\/15\/comment-rediger-le-bail-dun-logement_15\/\" \/>\n<meta property=\"og:locale\" content=\"fr_FR\" \/>\n<meta property=\"og:type\" content=\"article\" \/>\n<meta property=\"og:title\" content=\"Comment r\u00e9diger le bail d&#039;un logement vide ? - Monsieur Hugo\" \/>\n<meta property=\"og:description\" content=\"Connaissez-vous la loi Alur ? Oui en effet, c&#039;est bien cette loi qui encadre aujourd&#039;hui le bail d\u2019habitation. Avant 2015, c&#039;\u00e9tait la loi du 6 juillet 1989 qui r\u00e9gissait le bail. Depuis le 1er ao\u00fbt 2015, dans le but d&#039;am\u00e9liorer les relations locatives, la loi Alur est venue compl\u00e9ter la loi logement de 89. Le [&hellip;]\" \/>\n<meta property=\"og:url\" content=\"https:\/\/www.monsieurhugo.com\/blog\/2018\/03\/15\/comment-rediger-le-bail-dun-logement_15\/\" \/>\n<meta property=\"og:site_name\" content=\"Monsieur Hugo\" \/>\n<meta property=\"article:publisher\" content=\"https:\/\/www.facebook.com\/assistantmonsieurhugo\/\" \/>\n<meta property=\"article:published_time\" content=\"2018-03-15T08:00:00+00:00\" \/>\n<meta property=\"article:modified_time\" content=\"2026-01-20T14:43:11+00:00\" \/>\n<meta property=\"og:image\" content=\"https:\/\/www.monsieurhugo.com\/blog\/wp-content\/uploads\/2018\/03\/bail-de-location-nu.jpg\" \/>\n\t<meta property=\"og:image:width\" content=\"1000\" \/>\n\t<meta property=\"og:image:height\" content=\"667\" \/>\n\t<meta property=\"og:image:type\" content=\"image\/jpeg\" \/>\n<meta name=\"author\" content=\"Bruno Cantegrel\" \/>\n<meta name=\"twitter:card\" content=\"summary_large_image\" \/>\n<meta name=\"twitter:creator\" content=\"@monsieurhugo_\" \/>\n<meta name=\"twitter:site\" content=\"@monsieurhugo_\" \/>\n<meta name=\"twitter:label1\" content=\"\u00c9crit par\" \/>\n\t<meta name=\"twitter:data1\" content=\"Bruno Cantegrel\" \/>\n\t<meta name=\"twitter:label2\" content=\"Dur\u00e9e de lecture estim\u00e9e\" \/>\n\t<meta name=\"twitter:data2\" content=\"8 minutes\" \/>\n<script type=\"application\/ld+json\" class=\"yoast-schema-graph\">{\"@context\":\"https:\\\/\\\/schema.org\",\"@graph\":[{\"@type\":\"Article\",\"@id\":\"https:\\\/\\\/www.monsieurhugo.com\\\/blog\\\/2018\\\/03\\\/15\\\/comment-rediger-le-bail-dun-logement_15\\\/#article\",\"isPartOf\":{\"@id\":\"https:\\\/\\\/www.monsieurhugo.com\\\/blog\\\/2018\\\/03\\\/15\\\/comment-rediger-le-bail-dun-logement_15\\\/\"},\"author\":{\"name\":\"Bruno Cantegrel\",\"@id\":\"https:\\\/\\\/www.monsieurhugo.com\\\/blog\\\/#\\\/schema\\\/person\\\/c46c67fabd9bedfa0ce7d1f4142116c3\"},\"headline\":\"Comment r\u00e9diger le bail d&rsquo;un logement vide ?\",\"datePublished\":\"2018-03-15T08:00:00+00:00\",\"dateModified\":\"2026-01-20T14:43:11+00:00\",\"mainEntityOfPage\":{\"@id\":\"https:\\\/\\\/www.monsieurhugo.com\\\/blog\\\/2018\\\/03\\\/15\\\/comment-rediger-le-bail-dun-logement_15\\\/\"},\"wordCount\":1664,\"publisher\":{\"@id\":\"https:\\\/\\\/www.monsieurhugo.com\\\/blog\\\/#organization\"},\"image\":{\"@id\":\"https:\\\/\\\/www.monsieurhugo.com\\\/blog\\\/2018\\\/03\\\/15\\\/comment-rediger-le-bail-dun-logement_15\\\/#primaryimage\"},\"thumbnailUrl\":\"https:\\\/\\\/www.monsieurhugo.com\\\/blog\\\/wp-content\\\/uploads\\\/2018\\\/03\\\/bail-de-location-nu.jpg\",\"articleSection\":[\"Contrat de bail\"],\"inLanguage\":\"fr-FR\"},{\"@type\":\"WebPage\",\"@id\":\"https:\\\/\\\/www.monsieurhugo.com\\\/blog\\\/2018\\\/03\\\/15\\\/comment-rediger-le-bail-dun-logement_15\\\/\",\"url\":\"https:\\\/\\\/www.monsieurhugo.com\\\/blog\\\/2018\\\/03\\\/15\\\/comment-rediger-le-bail-dun-logement_15\\\/\",\"name\":\"Comment r\u00e9diger le bail d'un logement vide ? - Monsieur Hugo\",\"isPartOf\":{\"@id\":\"https:\\\/\\\/www.monsieurhugo.com\\\/blog\\\/#website\"},\"primaryImageOfPage\":{\"@id\":\"https:\\\/\\\/www.monsieurhugo.com\\\/blog\\\/2018\\\/03\\\/15\\\/comment-rediger-le-bail-dun-logement_15\\\/#primaryimage\"},\"image\":{\"@id\":\"https:\\\/\\\/www.monsieurhugo.com\\\/blog\\\/2018\\\/03\\\/15\\\/comment-rediger-le-bail-dun-logement_15\\\/#primaryimage\"},\"thumbnailUrl\":\"https:\\\/\\\/www.monsieurhugo.com\\\/blog\\\/wp-content\\\/uploads\\\/2018\\\/03\\\/bail-de-location-nu.jpg\",\"datePublished\":\"2018-03-15T08:00:00+00:00\",\"dateModified\":\"2026-01-20T14:43:11+00:00\",\"breadcrumb\":{\"@id\":\"https:\\\/\\\/www.monsieurhugo.com\\\/blog\\\/2018\\\/03\\\/15\\\/comment-rediger-le-bail-dun-logement_15\\\/#breadcrumb\"},\"inLanguage\":\"fr-FR\",\"potentialAction\":[{\"@type\":\"ReadAction\",\"target\":[\"https:\\\/\\\/www.monsieurhugo.com\\\/blog\\\/2018\\\/03\\\/15\\\/comment-rediger-le-bail-dun-logement_15\\\/\"]}]},{\"@type\":\"ImageObject\",\"inLanguage\":\"fr-FR\",\"@id\":\"https:\\\/\\\/www.monsieurhugo.com\\\/blog\\\/2018\\\/03\\\/15\\\/comment-rediger-le-bail-dun-logement_15\\\/#primaryimage\",\"url\":\"https:\\\/\\\/www.monsieurhugo.com\\\/blog\\\/wp-content\\\/uploads\\\/2018\\\/03\\\/bail-de-location-nu.jpg\",\"contentUrl\":\"https:\\\/\\\/www.monsieurhugo.com\\\/blog\\\/wp-content\\\/uploads\\\/2018\\\/03\\\/bail-de-location-nu.jpg\",\"width\":1000,\"height\":667},{\"@type\":\"BreadcrumbList\",\"@id\":\"https:\\\/\\\/www.monsieurhugo.com\\\/blog\\\/2018\\\/03\\\/15\\\/comment-rediger-le-bail-dun-logement_15\\\/#breadcrumb\",\"itemListElement\":[{\"@type\":\"ListItem\",\"position\":1,\"name\":\"Logiciel Gestion Locative En Ligne\",\"item\":\"https:\\\/\\\/www.monsieurhugo.com\\\/blog\\\/\"},{\"@type\":\"ListItem\",\"position\":2,\"name\":\"Contrat de bail\",\"item\":\"https:\\\/\\\/www.monsieurhugo.com\\\/blog\\\/category\\\/bail\\\/\"},{\"@type\":\"ListItem\",\"position\":3,\"name\":\"Comment r\u00e9diger le bail d&rsquo;un logement vide ?\"}]},{\"@type\":\"WebSite\",\"@id\":\"https:\\\/\\\/www.monsieurhugo.com\\\/blog\\\/#website\",\"url\":\"https:\\\/\\\/www.monsieurhugo.com\\\/blog\\\/\",\"name\":\"Monsieur Hugo\",\"description\":\"Votre logiciel de gestion locative\",\"publisher\":{\"@id\":\"https:\\\/\\\/www.monsieurhugo.com\\\/blog\\\/#organization\"},\"potentialAction\":[{\"@type\":\"SearchAction\",\"target\":{\"@type\":\"EntryPoint\",\"urlTemplate\":\"https:\\\/\\\/www.monsieurhugo.com\\\/blog\\\/?s={search_term_string}\"},\"query-input\":{\"@type\":\"PropertyValueSpecification\",\"valueRequired\":true,\"valueName\":\"search_term_string\"}}],\"inLanguage\":\"fr-FR\"},{\"@type\":\"Organization\",\"@id\":\"https:\\\/\\\/www.monsieurhugo.com\\\/blog\\\/#organization\",\"name\":\"Monsieur Hugo\",\"url\":\"https:\\\/\\\/www.monsieurhugo.com\\\/blog\\\/\",\"logo\":{\"@type\":\"ImageObject\",\"inLanguage\":\"fr-FR\",\"@id\":\"https:\\\/\\\/www.monsieurhugo.com\\\/blog\\\/#\\\/schema\\\/logo\\\/image\\\/\",\"url\":\"https:\\\/\\\/www.monsieurhugo.com\\\/blog\\\/wp-content\\\/uploads\\\/2020\\\/06\\\/Logotype-final-v2.png\",\"contentUrl\":\"https:\\\/\\\/www.monsieurhugo.com\\\/blog\\\/wp-content\\\/uploads\\\/2020\\\/06\\\/Logotype-final-v2.png\",\"width\":898,\"height\":234,\"caption\":\"Monsieur Hugo\"},\"image\":{\"@id\":\"https:\\\/\\\/www.monsieurhugo.com\\\/blog\\\/#\\\/schema\\\/logo\\\/image\\\/\"},\"sameAs\":[\"https:\\\/\\\/www.facebook.com\\\/assistantmonsieurhugo\\\/\",\"https:\\\/\\\/x.com\\\/monsieurhugo_\",\"https:\\\/\\\/www.linkedin.com\\\/company\\\/18421005\\\/\"]},{\"@type\":\"Person\",\"@id\":\"https:\\\/\\\/www.monsieurhugo.com\\\/blog\\\/#\\\/schema\\\/person\\\/c46c67fabd9bedfa0ce7d1f4142116c3\",\"name\":\"Bruno Cantegrel\",\"image\":{\"@type\":\"ImageObject\",\"inLanguage\":\"fr-FR\",\"@id\":\"https:\\\/\\\/secure.gravatar.com\\\/avatar\\\/627f29f4ef165adeb61765fbeaf70336b3653293cbe1ba89fccd189379833b3a?s=96&d=mm&r=g\",\"url\":\"https:\\\/\\\/secure.gravatar.com\\\/avatar\\\/627f29f4ef165adeb61765fbeaf70336b3653293cbe1ba89fccd189379833b3a?s=96&d=mm&r=g\",\"contentUrl\":\"https:\\\/\\\/secure.gravatar.com\\\/avatar\\\/627f29f4ef165adeb61765fbeaf70336b3653293cbe1ba89fccd189379833b3a?s=96&d=mm&r=g\",\"caption\":\"Bruno Cantegrel\"},\"description\":\"Fondateur de Monsieur Hugo, dipl\u00f4m\u00e9 d'un MBA \u00e0 l'EDHEC et professeur \u00e0 HEC Paris. Expert en investissement locatif avec plus de 20 ans d'exp\u00e9rience, il est l'auteur de l'ouvrage 'Trouver un locataire pour son logement' aux \u00e9ditions Studyrama\",\"sameAs\":[\"https:\\\/\\\/www.monsieurhugo.com\\\/blog\\\/a-propos\\\/\",\"https:\\\/\\\/www.linkedin.com\\\/in\\\/bruno-bruno-4336096\\\/\"],\"alumniOf\":[{\"@type\":\"Organization\",\"name\":\"EDHEC Business School\"},{\"@type\":\"Organization\",\"name\":\"HEC Paris\"}],\"knowsAbout\":[\"Gestion locative\",\"Investissement immobilier\",\"Droit immobilier\",\"Proptech\"]}]}<\/script>\n<!-- \/ Yoast SEO plugin. -->","yoast_head_json":{"title":"Comment r\u00e9diger le bail d'un logement vide ? - Monsieur Hugo","robots":{"index":"index","follow":"follow","max-snippet":"max-snippet:-1","max-image-preview":"max-image-preview:large","max-video-preview":"max-video-preview:-1"},"canonical":"https:\/\/www.monsieurhugo.com\/blog\/2018\/03\/15\/comment-rediger-le-bail-dun-logement_15\/","og_locale":"fr_FR","og_type":"article","og_title":"Comment r\u00e9diger le bail d'un logement vide ? - Monsieur Hugo","og_description":"Connaissez-vous la loi Alur ? Oui en effet, c'est bien cette loi qui encadre aujourd'hui le bail d\u2019habitation. Avant 2015, c'\u00e9tait la loi du 6 juillet 1989 qui r\u00e9gissait le bail. Depuis le 1er ao\u00fbt 2015, dans le but d'am\u00e9liorer les relations locatives, la loi Alur est venue compl\u00e9ter la loi logement de 89. Le [&hellip;]","og_url":"https:\/\/www.monsieurhugo.com\/blog\/2018\/03\/15\/comment-rediger-le-bail-dun-logement_15\/","og_site_name":"Monsieur Hugo","article_publisher":"https:\/\/www.facebook.com\/assistantmonsieurhugo\/","article_published_time":"2018-03-15T08:00:00+00:00","article_modified_time":"2026-01-20T14:43:11+00:00","og_image":[{"width":1000,"height":667,"url":"https:\/\/www.monsieurhugo.com\/blog\/wp-content\/uploads\/2018\/03\/bail-de-location-nu.jpg","type":"image\/jpeg"}],"author":"Bruno Cantegrel","twitter_card":"summary_large_image","twitter_creator":"@monsieurhugo_","twitter_site":"@monsieurhugo_","twitter_misc":{"\u00c9crit par":"Bruno Cantegrel","Dur\u00e9e de lecture estim\u00e9e":"8 minutes"},"schema":{"@context":"https:\/\/schema.org","@graph":[{"@type":"Article","@id":"https:\/\/www.monsieurhugo.com\/blog\/2018\/03\/15\/comment-rediger-le-bail-dun-logement_15\/#article","isPartOf":{"@id":"https:\/\/www.monsieurhugo.com\/blog\/2018\/03\/15\/comment-rediger-le-bail-dun-logement_15\/"},"author":{"name":"Bruno Cantegrel","@id":"https:\/\/www.monsieurhugo.com\/blog\/#\/schema\/person\/c46c67fabd9bedfa0ce7d1f4142116c3"},"headline":"Comment r\u00e9diger le bail d&rsquo;un logement vide ?","datePublished":"2018-03-15T08:00:00+00:00","dateModified":"2026-01-20T14:43:11+00:00","mainEntityOfPage":{"@id":"https:\/\/www.monsieurhugo.com\/blog\/2018\/03\/15\/comment-rediger-le-bail-dun-logement_15\/"},"wordCount":1664,"publisher":{"@id":"https:\/\/www.monsieurhugo.com\/blog\/#organization"},"image":{"@id":"https:\/\/www.monsieurhugo.com\/blog\/2018\/03\/15\/comment-rediger-le-bail-dun-logement_15\/#primaryimage"},"thumbnailUrl":"https:\/\/www.monsieurhugo.com\/blog\/wp-content\/uploads\/2018\/03\/bail-de-location-nu.jpg","articleSection":["Contrat de bail"],"inLanguage":"fr-FR"},{"@type":"WebPage","@id":"https:\/\/www.monsieurhugo.com\/blog\/2018\/03\/15\/comment-rediger-le-bail-dun-logement_15\/","url":"https:\/\/www.monsieurhugo.com\/blog\/2018\/03\/15\/comment-rediger-le-bail-dun-logement_15\/","name":"Comment r\u00e9diger le bail d'un logement vide ? - Monsieur Hugo","isPartOf":{"@id":"https:\/\/www.monsieurhugo.com\/blog\/#website"},"primaryImageOfPage":{"@id":"https:\/\/www.monsieurhugo.com\/blog\/2018\/03\/15\/comment-rediger-le-bail-dun-logement_15\/#primaryimage"},"image":{"@id":"https:\/\/www.monsieurhugo.com\/blog\/2018\/03\/15\/comment-rediger-le-bail-dun-logement_15\/#primaryimage"},"thumbnailUrl":"https:\/\/www.monsieurhugo.com\/blog\/wp-content\/uploads\/2018\/03\/bail-de-location-nu.jpg","datePublished":"2018-03-15T08:00:00+00:00","dateModified":"2026-01-20T14:43:11+00:00","breadcrumb":{"@id":"https:\/\/www.monsieurhugo.com\/blog\/2018\/03\/15\/comment-rediger-le-bail-dun-logement_15\/#breadcrumb"},"inLanguage":"fr-FR","potentialAction":[{"@type":"ReadAction","target":["https:\/\/www.monsieurhugo.com\/blog\/2018\/03\/15\/comment-rediger-le-bail-dun-logement_15\/"]}]},{"@type":"ImageObject","inLanguage":"fr-FR","@id":"https:\/\/www.monsieurhugo.com\/blog\/2018\/03\/15\/comment-rediger-le-bail-dun-logement_15\/#primaryimage","url":"https:\/\/www.monsieurhugo.com\/blog\/wp-content\/uploads\/2018\/03\/bail-de-location-nu.jpg","contentUrl":"https:\/\/www.monsieurhugo.com\/blog\/wp-content\/uploads\/2018\/03\/bail-de-location-nu.jpg","width":1000,"height":667},{"@type":"BreadcrumbList","@id":"https:\/\/www.monsieurhugo.com\/blog\/2018\/03\/15\/comment-rediger-le-bail-dun-logement_15\/#breadcrumb","itemListElement":[{"@type":"ListItem","position":1,"name":"Logiciel Gestion Locative En Ligne","item":"https:\/\/www.monsieurhugo.com\/blog\/"},{"@type":"ListItem","position":2,"name":"Contrat de bail","item":"https:\/\/www.monsieurhugo.com\/blog\/category\/bail\/"},{"@type":"ListItem","position":3,"name":"Comment r\u00e9diger le bail d&rsquo;un logement vide ?"}]},{"@type":"WebSite","@id":"https:\/\/www.monsieurhugo.com\/blog\/#website","url":"https:\/\/www.monsieurhugo.com\/blog\/","name":"Monsieur Hugo","description":"Votre logiciel de gestion locative","publisher":{"@id":"https:\/\/www.monsieurhugo.com\/blog\/#organization"},"potentialAction":[{"@type":"SearchAction","target":{"@type":"EntryPoint","urlTemplate":"https:\/\/www.monsieurhugo.com\/blog\/?s={search_term_string}"},"query-input":{"@type":"PropertyValueSpecification","valueRequired":true,"valueName":"search_term_string"}}],"inLanguage":"fr-FR"},{"@type":"Organization","@id":"https:\/\/www.monsieurhugo.com\/blog\/#organization","name":"Monsieur Hugo","url":"https:\/\/www.monsieurhugo.com\/blog\/","logo":{"@type":"ImageObject","inLanguage":"fr-FR","@id":"https:\/\/www.monsieurhugo.com\/blog\/#\/schema\/logo\/image\/","url":"https:\/\/www.monsieurhugo.com\/blog\/wp-content\/uploads\/2020\/06\/Logotype-final-v2.png","contentUrl":"https:\/\/www.monsieurhugo.com\/blog\/wp-content\/uploads\/2020\/06\/Logotype-final-v2.png","width":898,"height":234,"caption":"Monsieur Hugo"},"image":{"@id":"https:\/\/www.monsieurhugo.com\/blog\/#\/schema\/logo\/image\/"},"sameAs":["https:\/\/www.facebook.com\/assistantmonsieurhugo\/","https:\/\/x.com\/monsieurhugo_","https:\/\/www.linkedin.com\/company\/18421005\/"]},{"@type":"Person","@id":"https:\/\/www.monsieurhugo.com\/blog\/#\/schema\/person\/c46c67fabd9bedfa0ce7d1f4142116c3","name":"Bruno Cantegrel","image":{"@type":"ImageObject","inLanguage":"fr-FR","@id":"https:\/\/secure.gravatar.com\/avatar\/627f29f4ef165adeb61765fbeaf70336b3653293cbe1ba89fccd189379833b3a?s=96&d=mm&r=g","url":"https:\/\/secure.gravatar.com\/avatar\/627f29f4ef165adeb61765fbeaf70336b3653293cbe1ba89fccd189379833b3a?s=96&d=mm&r=g","contentUrl":"https:\/\/secure.gravatar.com\/avatar\/627f29f4ef165adeb61765fbeaf70336b3653293cbe1ba89fccd189379833b3a?s=96&d=mm&r=g","caption":"Bruno Cantegrel"},"description":"Fondateur de Monsieur Hugo, dipl\u00f4m\u00e9 d'un MBA \u00e0 l'EDHEC et professeur \u00e0 HEC Paris. Expert en investissement locatif avec plus de 20 ans d'exp\u00e9rience, il est l'auteur de l'ouvrage 'Trouver un locataire pour son logement' aux \u00e9ditions Studyrama","sameAs":["https:\/\/www.monsieurhugo.com\/blog\/a-propos\/","https:\/\/www.linkedin.com\/in\/bruno-bruno-4336096\/"],"alumniOf":[{"@type":"Organization","name":"EDHEC Business School"},{"@type":"Organization","name":"HEC Paris"}],"knowsAbout":["Gestion locative","Investissement immobilier","Droit immobilier","Proptech"]}]}},"_links":{"self":[{"href":"https:\/\/www.monsieurhugo.com\/blog\/wp-json\/wp\/v2\/posts\/352174","targetHints":{"allow":["GET"]}}],"collection":[{"href":"https:\/\/www.monsieurhugo.com\/blog\/wp-json\/wp\/v2\/posts"}],"about":[{"href":"https:\/\/www.monsieurhugo.com\/blog\/wp-json\/wp\/v2\/types\/post"}],"author":[{"embeddable":true,"href":"https:\/\/www.monsieurhugo.com\/blog\/wp-json\/wp\/v2\/users\/1"}],"replies":[{"embeddable":true,"href":"https:\/\/www.monsieurhugo.com\/blog\/wp-json\/wp\/v2\/comments?post=352174"}],"version-history":[{"count":1,"href":"https:\/\/www.monsieurhugo.com\/blog\/wp-json\/wp\/v2\/posts\/352174\/revisions"}],"predecessor-version":[{"id":355941,"href":"https:\/\/www.monsieurhugo.com\/blog\/wp-json\/wp\/v2\/posts\/352174\/revisions\/355941"}],"wp:featuredmedia":[{"embeddable":true,"href":"https:\/\/www.monsieurhugo.com\/blog\/wp-json\/wp\/v2\/media\/353199"}],"wp:attachment":[{"href":"https:\/\/www.monsieurhugo.com\/blog\/wp-json\/wp\/v2\/media?parent=352174"}],"wp:term":[{"taxonomy":"category","embeddable":true,"href":"https:\/\/www.monsieurhugo.com\/blog\/wp-json\/wp\/v2\/categories?post=352174"},{"taxonomy":"post_tag","embeddable":true,"href":"https:\/\/www.monsieurhugo.com\/blog\/wp-json\/wp\/v2\/tags?post=352174"}],"curies":[{"name":"wp","href":"https:\/\/api.w.org\/{rel}","templated":true}]}}