{"id":352168,"date":"2018-03-29T09:00:00","date_gmt":"2018-03-29T07:00:00","guid":{"rendered":""},"modified":"2026-01-20T15:43:10","modified_gmt":"2026-01-20T14:43:10","slug":"la-remise-des-cles-en-fin-de-bail","status":"publish","type":"post","link":"https:\/\/www.monsieurhugo.com\/blog\/2018\/03\/29\/la-remise-des-cles-en-fin-de-bail\/","title":{"rendered":"La remise des cl\u00e9s en fin de bail"},"content":{"rendered":"\n[et_pb_section fb_built=\u00a0\u00bb1&Prime; _builder_version=\u00a0\u00bb3.22&Prime;][et_pb_row _builder_version=\u00a0\u00bb3.25&Prime; background_size=\u00a0\u00bbinitial\u00a0\u00bb background_position=\u00a0\u00bbtop_left\u00a0\u00bb background_repeat=\u00a0\u00bbrepeat\u00a0\u00bb][et_pb_column type=\u00a0\u00bb4_4&Prime; _builder_version=\u00a0\u00bb3.25&Prime; custom_padding=\u00a0\u00bb|||\u00a0\u00bb custom_padding__hover=\u00a0\u00bb|||\u00a0\u00bb][et_pb_text _builder_version=\u00a0\u00bb4.4.9&Prime; background_size=\u00a0\u00bbinitial\u00a0\u00bb background_position=\u00a0\u00bbtop_left\u00a0\u00bb background_repeat=\u00a0\u00bbrepeat\u00a0\u00bb hover_enabled=\u00a0\u00bb0&Prime; text_font_size=\u00a0\u00bb19px\u00a0\u00bb]<p class=\"separator\">Pour un propri\u00e9taire, 2 m\u00eames actions marquent le d\u00e9but et la fin d&rsquo;un contrat de location : la remise des cl\u00e9s au locataire et la remise des cl\u00e9s par le locataire !<\/p>\n<p>Dans le cadre de la location d&rsquo;un logement, la remise des cl\u00e9s en fin de bail marque donc la conclusion de la location. Elle constitue aussi le point de d\u00e9part du d\u00e9lai de la restitution du d\u00e9p\u00f4t de garantie par le bailleur.<\/p>\n<ol>\n<li>A quel moment les cl\u00e9s doivent-elles \u00eatre remises ?<\/li>\n<li>Est-ce au propri\u00e9taire de r\u00e9cup\u00e9rer les cl\u00e9s ?<\/li>\n<li>Comment doivent \u00eatre remises les cl\u00e9s ?<\/li>\n<li>Quels sont les effets de la remise des cl\u00e9s ?<\/li>\n<\/ol>\n<h2>1. A quel moment les cl\u00e9s doivent-elles \u00eatre remises ?<\/h2>\n<p>La remise des cl\u00e9s a lieu, en principe, <strong>le jour de l&rsquo;\u00e9tablissement de l&rsquo;\u00e9tat des lieux de sortie<\/strong>.<\/p>\n<p>Le locataire doit remettre le m\u00eame nombre de jeux de cl\u00e9s que ceux remis \u00e0 l&rsquo;entr\u00e9e dans les lieux par le propri\u00e9taire. L&rsquo;\u00e9tat des lieux d&rsquo;entr\u00e9e doit d&rsquo;ailleurs sp\u00e9cifier ce nombre.<\/p>\n<p>Si le locataire remet les cl\u00e9s avant la fin du pr\u00e9avis, cela ne le lib\u00e8re pas de ses obligations. Il devra payer le loyer et les charges jusqu&rsquo;\u00e0 la fin du cong\u00e9.<\/p>\n<p>Sauf s&rsquo;il y a un accord avec le propri\u00e9taire ou si le logement a \u00e9t\u00e9 relou\u00e9 entre temps.<\/p>\n<p>Si le locataire conserve les cl\u00e9s apr\u00e8s la fin du bail, il doit dans ce cas payer le loyer suppl\u00e9mentaire ou une indemnit\u00e9 d&rsquo;occupation. Sauf s&rsquo;il peut prouver que cette remise tardive des cl\u00e9s est imputable au bailleur.<\/p>\n<h2><span style=\"font-size: x-large;\">2. Est-ce au propri\u00e9taire de r\u00e9cup\u00e9rer les cl\u00e9s ?<\/span><\/h2>\n<p><strong>Il appartient au locataire de remettre les cl\u00e9s au propri\u00e9taire<\/strong>.<\/p>\n<p>Il doit restituer toutes les cl\u00e9s qui lui ont \u00e9t\u00e9 remises au d\u00e9but du contrat et figurant sur l\u2019\u00e9tat des lieux d\u2019entr\u00e9e, y compris les cl\u00e9s de bo\u00eetes aux lettres ou d\u2019annexes (garage, cave, etc.).<\/p>\n<h2>3- Comment doivent \u00eatre remises les cl\u00e9s ?<\/h2>\n<p>En principe les cl\u00e9s doivent \u00eatre remises <strong>en main propre<\/strong> au propri\u00e9taire ou \u00e0 son mandataire (par exemple l&rsquo;agence immobili\u00e8re qui dispose d&rsquo;un mandat r\u00e9gulier).<\/p>\n<p>Le gardien de l&rsquo;immeuble n&rsquo;est pas consid\u00e9r\u00e9 comme un mandataire. Sauf si le bailleur l\u2019a d\u00e9sign\u00e9 pour la remise des cl\u00e9s.<\/p>\n<p>Le propri\u00e9taire devra mentionner dans l&rsquo;\u00e9tat des lieux de sortie que les cl\u00e9s ont bien \u00e9t\u00e9 remises et leur nombre. Un r\u00e9c\u00e9piss\u00e9 peut \u00e9galement \u00eatre fourni au locataire \u00e0 sa demande. Car c\u2019est \u00e0 lui de prouver qu\u2019il a rempli son obligation de remettre les cl\u00e9s (article 1415, alin\u00e9a 2, du Code civil).<\/p>\n<p>Si le locataire ne remet pas les cl\u00e9s au bailleur \u00e0 la fin du bail, il reste tenu de toutes les obligations li\u00e9es au bail et reste responsable des d\u00e9g\u00e2ts ou d\u00e9gradations qui pourraient \u00eatre caus\u00e9s dans le logement. Il sera \u00e9galement tenu de payer une indemnit\u00e9 d&rsquo;occupation et les charges locatives.<\/p>\n<p>Sauf s&rsquo;il prouve que la remise des cl\u00e9s tardive des cl\u00e9s est imputable au bailleur (absence de r\u00e9ponse ou r\u00e9ponse tardive \u00e0 un rendez-vous de remise des cl\u00e9s).<\/p>\n<h2><span style=\"color: #006fad; font-size: x-large;\">4. Quels sont les effets de la remise des cl\u00e9s ?<\/span><\/h2>\n<p>La loi ALUR du 24 mars 2014 a modifi\u00e9 l&rsquo;article 22 de la loi du 6 juillet 1989 relatif \u00e0 la restitution du d\u00e9p\u00f4t de garantie par le bailleur. <strong>Le point de d\u00e9part du d\u00e9lai de restitution du d\u00e9p\u00f4t de garantie est la remise des cl\u00e9s en mains propres ou par lettre recommand\u00e9e avec accus\u00e9 de r\u00e9ception du bailleur ou de son mandataire<\/strong>.<\/p>\n<p>D\u00e8s la remise des cl\u00e9s, le locataire est totalement d\u00e9gag\u00e9 de ses obligations locatives (paiement du loyer et des charges, assurance du logement, etc.).<\/p>\n<p>Le bailleur ou son mandataire a 1 mois, \u00e0 partir de la remise des cl\u00e9s pour restituer la garantie si l\u2019\u00e9tat des lieux de sortie est conforme \u00e0 l\u2019\u00e9tat des lieux d\u2019entr\u00e9e. Ce d\u00e9lai passe \u00e0 2 mois si l&rsquo;\u00e9tat des lieux n&rsquo;est pas conforme.<\/p>\n<p><strong>Conclusion<\/strong><\/p>\n<p>La remise des cl\u00e9s marque la fin du contrat de location et des obligations du locataire. Elle peut \u00eatre une source de litige concernant la restitution de la caution.<\/p>\n<p>Attention de ne pas faire trainer la restitution du d\u00e9p\u00f4t de garantie au del\u00e0 d&rsquo;1 mois (ou 2 selon les cas) apr\u00e8s la restitution des cl\u00e9s car le locataire est en droit de vous mettre en demeure et de r\u00e9clamer des int\u00e9r\u00eats qui s\u2019\u00e9l\u00e8vent \u00e0 10% du loyer mensuel (hors charges locatives). Ces 10 % s&rsquo;appliquent au d\u00e9but de chaque mois de retard entam\u00e9.<\/p>\n<p>Je vous sugg\u00e8re aussi :<\/p>\n<ul>\n<li><span style=\"font-size: large;\"><a href=\"https:\/\/www.monsieurhugo.com\/blog\/2018\/01\/etat-des-lieux-modele-a-telecharger.html\" target=\"_blank\" rel=\"noopener noreferrer\"><span style=\"color: blue;\"><u>L&rsquo;\u00e9tat des lieux &#8211; Mod\u00e8le \u00e0 t\u00e9l\u00e9charger<\/u><\/span><\/a><\/span><\/li>\n<li><span style=\"font-size: large;\"><a href=\"http:\/\/www.monsieurhugo.com\/blog\/2018\/02\/les-charges-locatives-et-moi.html\" target=\"_blank\" rel=\"noopener noreferrer\"><span style=\"color: blue;\"><u>Les charges locatives &#8211; Comment les r\u00e9gulariser ?<\/u><\/span><\/a><\/span><\/li>\n<\/ul>\n[\/et_pb_text][\/et_pb_column][\/et_pb_row][\/et_pb_section]\n","protected":false},"excerpt":{"rendered":"<p>Pour un propri\u00e9taire, 2 m\u00eames actions marquent le d\u00e9but et la fin d&rsquo;un contrat de location : la remise des cl\u00e9s au locataire et la remise des cl\u00e9s par le locataire ! Dans le cadre de la location d&rsquo;un logement, la remise des cl\u00e9s en fin de bail marque donc la conclusion de la location. [&hellip;]<\/p>\n","protected":false},"author":1,"featured_media":353176,"comment_status":"closed","ping_status":"closed","sticky":false,"template":"","format":"standard","meta":{"_acf_changed":false,"_et_pb_use_builder":"on","_et_pb_old_content":"<p class=\"separator\"><img src=\"https:\/\/2.bp.blogspot.com\/-BO2fddapksQ\/W4_kc6JPgJI\/AAAAAAAAAGU\/EzjSCbB6e0IAj-1p-pnfrfQXpsn-0DlVwCLcBGAs\/s1600\/remise%2Bdes%2Bcl%25C3%25A9s%2B-%2Bgestion%2Blocative%2B-%2BMonsieur%2BHugo.jpeg\" alt=\"Remise des cl\u00e9s en fin de bail - Monsieur Hugo - Gestion locative\" \/><\/p><p>Pour un propri\u00e9taire, 2 m\u00eames actions marquent le d\u00e9but et la fin d'un contrat de location : la remise des cl\u00e9s au locataire et la remise des cl\u00e9s par le locataire !<\/p><p>Dans le cadre de la location d'un logement, la remise des cl\u00e9s en fin de bail marque donc la conclusion de la location. Elle constitue aussi le point de d\u00e9part du d\u00e9lai de la restitution du d\u00e9p\u00f4t de garantie par le bailleur.<\/p><ol><li>A quel moment les cl\u00e9s doivent-elles \u00eatre remises ?<\/li><li>Est-ce au propri\u00e9taire de r\u00e9cup\u00e9rer les cl\u00e9s ?<\/li><li>Comment doivent \u00eatre remises les cl\u00e9s ?<\/li><li>Quels sont les effets de la remise des cl\u00e9s ?<\/li><\/ol><h2>1. A quel moment les cl\u00e9s doivent-elles \u00eatre remises ?<\/h2><p>La remise des cl\u00e9s a lieu, en principe, <strong>le jour de l'\u00e9tablissement de l'\u00e9tat des lieux de sortie<\/strong>.<\/p><p>Le locataire doit remettre le m\u00eame nombre de jeux de cl\u00e9s que ceux remis \u00e0 l'entr\u00e9e dans les lieux par le propri\u00e9taire. L'\u00e9tat des lieux d'entr\u00e9e doit d'ailleurs sp\u00e9cifier ce nombre.<\/p><p>Si le locataire remet les cl\u00e9s avant la fin du pr\u00e9avis, cela ne le lib\u00e8re pas de ses obligations. Il devra payer le loyer et les charges jusqu'\u00e0 la fin du cong\u00e9.<\/p><p>Sauf s'il y a un accord avec le propri\u00e9taire ou si le logement a \u00e9t\u00e9 relou\u00e9 entre temps.<\/p><p>Si le locataire conserve les cl\u00e9s apr\u00e8s la fin du bail, il doit dans ce cas payer le loyer suppl\u00e9mentaire ou une indemnit\u00e9 d'occupation. Sauf s'il peut prouver que cette remise tardive des cl\u00e9s est imputable au bailleur.<\/p><h2><span style=\"font-size: x-large;\">2. Est-ce au propri\u00e9taire de r\u00e9cup\u00e9rer les cl\u00e9s ?<\/span><\/h2><p><strong>Il appartient au locataire de remettre les cl\u00e9s au propri\u00e9taire<\/strong>.<\/p><p>Il doit restituer toutes les cl\u00e9s qui lui ont \u00e9t\u00e9 remises au d\u00e9but du contrat et figurant sur l\u2019\u00e9tat des lieux d\u2019entr\u00e9e, y compris les cl\u00e9s de bo\u00eetes aux lettres ou d\u2019annexes (garage, cave, etc.).<\/p><h2>3- Comment doivent \u00eatre remises les cl\u00e9s ?<\/h2><p>En principe les cl\u00e9s doivent \u00eatre remises <strong>en main propre<\/strong> au propri\u00e9taire ou \u00e0 son mandataire (par exemple l'agence immobili\u00e8re qui dispose d'un mandat r\u00e9gulier).<\/p><p>Le gardien de l'immeuble n'est pas consid\u00e9r\u00e9 comme un mandataire. Sauf si le bailleur l\u2019a d\u00e9sign\u00e9 pour la remise des cl\u00e9s.<\/p><p>Le propri\u00e9taire devra mentionner dans l'\u00e9tat des lieux de sortie que les cl\u00e9s ont bien \u00e9t\u00e9 remises et leur nombre. Un r\u00e9c\u00e9piss\u00e9 peut \u00e9galement \u00eatre fourni au locataire \u00e0 sa demande. Car c\u2019est \u00e0 lui de prouver qu\u2019il a rempli son obligation de remettre les cl\u00e9s (article 1415, alin\u00e9a 2, du Code civil).<\/p><p>Si le locataire ne remet pas les cl\u00e9s au bailleur \u00e0 la fin du bail, il reste tenu de toutes les obligations li\u00e9es au bail et reste responsable des d\u00e9g\u00e2ts ou d\u00e9gradations qui pourraient \u00eatre caus\u00e9s dans le logement. Il sera \u00e9galement tenu de payer une indemnit\u00e9 d'occupation et les charges locatives.<\/p><p>Sauf s'il prouve que la remise des cl\u00e9s tardive des cl\u00e9s est imputable au bailleur (absence de r\u00e9ponse ou r\u00e9ponse tardive \u00e0 un rendez-vous de remise des cl\u00e9s).<\/p><h2><span style=\"color: #006fad; font-size: x-large;\">4. Quels sont les effets de la remise des cl\u00e9s ?<\/span><\/h2><p>La loi ALUR du 24 mars 2014 a modifi\u00e9 l'article 22 de la loi du 6 juillet 1989 relatif \u00e0 la restitution du d\u00e9p\u00f4t de garantie par le bailleur. <strong>Le point de d\u00e9part du d\u00e9lai de restitution du d\u00e9p\u00f4t de garantie est la remise des cl\u00e9s en mains propres ou par lettre recommand\u00e9e avec accus\u00e9 de r\u00e9ception du bailleur ou de son mandataire<\/strong>.<\/p><p>D\u00e8s la remise des cl\u00e9s, le locataire est totalement d\u00e9gag\u00e9 de ses obligations locatives (paiement du loyer et des charges, assurance du logement, etc.).<\/p><p>Le bailleur ou son mandataire a 1 mois, \u00e0 partir de la remise des cl\u00e9s pour restituer la garantie si l\u2019\u00e9tat des lieux de sortie est conforme \u00e0 l\u2019\u00e9tat des lieux d\u2019entr\u00e9e. Ce d\u00e9lai passe \u00e0 2 mois si l'\u00e9tat des lieux n'est pas conforme.<\/p><p><strong>Conclusion<\/strong><\/p><p>La remise des cl\u00e9s marque la fin du contrat de location et des obligations du locataire. Elle peut \u00eatre une source de litige concernant la restitution de la caution.<\/p><p>Attention de ne pas faire trainer la restitution du d\u00e9p\u00f4t de garantie au del\u00e0 d'1 mois (ou 2 selon les cas) apr\u00e8s la restitution des cl\u00e9s car le locataire est en droit de vous mettre en demeure et de r\u00e9clamer des int\u00e9r\u00eats qui s\u2019\u00e9l\u00e8vent \u00e0 10% du loyer mensuel (hors charges locatives). Ces 10 % s'appliquent au d\u00e9but de chaque mois de retard entam\u00e9.<\/p><p>Bonne relocation,<\/p><p>A tr\u00e8s vite,<\/p><p><strong><span style=\"color: #006fad;\">Monsieur Hugo<\/span><\/strong>, votre assistant personnel en gestion locative<\/p><p><span style=\"font-family: 'arial' , 'helvetica' , sans-serif;\"><span style=\"font-size: large;\"><strong>Restons en conta<\/strong><span style=\"font-family: 'arial' , 'helvetica' , sans-serif;\"><strong>ct !<\/strong><\/span><\/span><\/span><\/p><p><span style=\"font-size: large;\"><strong><span style=\"font-family: 'arial' , 'helvetica' , sans-serif;\">Inscrive<span style=\"font-family: 'arial' , 'helvetica' , sans-serif;\">z-vous \u00e0 <span style=\"font-family: 'arial' , 'helvetica' , sans-serif;\">ma <span style=\"font-family: 'arial' , 'helvetica' , sans-serif;\">NEWSLETTER <\/span><\/span><\/span><\/span><\/strong><span style=\"font-family: 'arial' , 'helvetica' , sans-serif;\"><span style=\"font-family: 'arial' , 'helvetica' , sans-serif;\"><span style=\"font-family: 'arial' , 'helvetica' , sans-serif;\">pour <span style=\"font-family: 'arial' , 'helvetica' , sans-serif;\">recevoir<\/span> les dernie<span style=\"font-family: 'arial' , 'helvetica' , sans-serif;\">rs docu<span style=\"font-family: 'arial' , 'helvetica' , sans-serif;\">ments contractu<span style=\"font-family: 'arial' , 'helvetica' , sans-serif;\">els \u00e0 jour (bail, \u00e9tat des lieux, mod\u00e8les de lettres, acte de ca<span style=\"font-family: 'arial' , 'helvetica' , sans-serif;\">ution<\/span>...), je les mets \u00e0 jour r\u00e9guli\u00e8rement en fonction des \u00e9volution<span style=\"font-family: 'arial' , 'helvetica' , sans-serif;\">s r\u00e9glementaires.<\/span> <\/span><\/span><\/span><\/span><\/span><\/span><\/span><\/p><p><span style=\"font-family: 'arial' , 'helvetica' , sans-serif;\"><span style=\"font-size: large;\"><span style=\"font-family: 'arial' , 'helvetica' , sans-serif;\"><strong>Retrouvez-moi sur<\/strong> <a href=\"https:\/\/www.facebook.com\/assistantmonsieurhugo\" target=\"_blank\" rel=\"noopener noreferrer\"><span style=\"color: blue;\"><u>Facebook<\/u><\/span><\/a><\/span><u> <\/u><\/span><\/span>\u00a0<\/p><p>Je vous sugg\u00e8re aussi :<\/p><p><span style=\"font-size: large;\">> <a href=\"https:\/\/www.monsieurhugo.com\/blog\/2018\/01\/etat-des-lieux-modele-a-telecharger.html\" target=\"_blank\" rel=\"noopener noreferrer\"><span style=\"color: blue;\"><u>L'\u00e9tat des lieux - Mod\u00e8le \u00e0 t\u00e9l\u00e9charger<\/u><\/span><\/a><\/span><\/p><p><span style=\"font-size: large;\">> <a href=\"http:\/\/www.monsieurhugo.com\/blog\/2018\/02\/les-charges-locatives-et-moi.html\" target=\"_blank\" rel=\"noopener noreferrer\"><span style=\"color: blue;\"><u>Les charges locatives - Comment les r\u00e9gulariser ?<\/u><\/span><\/a><\/span><\/p>","_et_gb_content_width":"","footnotes":""},"categories":[73],"tags":[],"class_list":["post-352168","post","type-post","status-publish","format-standard","has-post-thumbnail","hentry","category-etat-des-lieux"],"acf":[],"yoast_head":"<!-- This site is optimized with the Yoast SEO plugin v27.5 - https:\/\/yoast.com\/product\/yoast-seo-wordpress\/ -->\n<title>La remise des cl\u00e9s en fin de bail - Monsieur Hugo<\/title>\n<meta name=\"robots\" content=\"index, follow, max-snippet:-1, max-image-preview:large, max-video-preview:-1\" \/>\n<link rel=\"canonical\" href=\"https:\/\/www.monsieurhugo.com\/blog\/2018\/03\/29\/la-remise-des-cles-en-fin-de-bail\/\" \/>\n<meta property=\"og:locale\" content=\"fr_FR\" \/>\n<meta property=\"og:type\" content=\"article\" \/>\n<meta property=\"og:title\" content=\"La remise des cl\u00e9s en fin de bail - Monsieur Hugo\" \/>\n<meta property=\"og:description\" content=\"Pour un propri\u00e9taire, 2 m\u00eames actions marquent le d\u00e9but et la fin d&#039;un contrat de location : la remise des cl\u00e9s au locataire et la remise des cl\u00e9s par le locataire ! Dans le cadre de la location d&#039;un logement, la remise des cl\u00e9s en fin de bail marque donc la conclusion de la location. [&hellip;]\" \/>\n<meta property=\"og:url\" content=\"https:\/\/www.monsieurhugo.com\/blog\/2018\/03\/29\/la-remise-des-cles-en-fin-de-bail\/\" \/>\n<meta property=\"og:site_name\" content=\"Monsieur Hugo\" \/>\n<meta property=\"article:publisher\" content=\"https:\/\/www.facebook.com\/assistantmonsieurhugo\/\" \/>\n<meta property=\"article:published_time\" content=\"2018-03-29T07:00:00+00:00\" \/>\n<meta property=\"article:modified_time\" content=\"2026-01-20T14:43:10+00:00\" \/>\n<meta property=\"og:image\" content=\"https:\/\/www.monsieurhugo.com\/blog\/wp-content\/uploads\/2018\/03\/remise-des-cles-fin-de-bail.jpg\" \/>\n\t<meta property=\"og:image:width\" content=\"412\" \/>\n\t<meta property=\"og:image:height\" content=\"240\" \/>\n\t<meta property=\"og:image:type\" content=\"image\/jpeg\" \/>\n<meta name=\"author\" content=\"Bruno Cantegrel\" \/>\n<meta name=\"twitter:card\" content=\"summary_large_image\" \/>\n<meta name=\"twitter:creator\" content=\"@monsieurhugo_\" \/>\n<meta name=\"twitter:site\" content=\"@monsieurhugo_\" \/>\n<meta name=\"twitter:label1\" content=\"\u00c9crit par\" \/>\n\t<meta name=\"twitter:data1\" content=\"Bruno Cantegrel\" \/>\n\t<meta name=\"twitter:label2\" content=\"Dur\u00e9e de lecture estim\u00e9e\" \/>\n\t<meta name=\"twitter:data2\" content=\"4 minutes\" \/>\n<script type=\"application\/ld+json\" class=\"yoast-schema-graph\">{\"@context\":\"https:\\\/\\\/schema.org\",\"@graph\":[{\"@type\":\"Article\",\"@id\":\"https:\\\/\\\/www.monsieurhugo.com\\\/blog\\\/2018\\\/03\\\/29\\\/la-remise-des-cles-en-fin-de-bail\\\/#article\",\"isPartOf\":{\"@id\":\"https:\\\/\\\/www.monsieurhugo.com\\\/blog\\\/2018\\\/03\\\/29\\\/la-remise-des-cles-en-fin-de-bail\\\/\"},\"author\":{\"name\":\"Bruno Cantegrel\",\"@id\":\"https:\\\/\\\/www.monsieurhugo.com\\\/blog\\\/#\\\/schema\\\/person\\\/c46c67fabd9bedfa0ce7d1f4142116c3\"},\"headline\":\"La remise des cl\u00e9s en fin de bail\",\"datePublished\":\"2018-03-29T07:00:00+00:00\",\"dateModified\":\"2026-01-20T14:43:10+00:00\",\"mainEntityOfPage\":{\"@id\":\"https:\\\/\\\/www.monsieurhugo.com\\\/blog\\\/2018\\\/03\\\/29\\\/la-remise-des-cles-en-fin-de-bail\\\/\"},\"wordCount\":920,\"publisher\":{\"@id\":\"https:\\\/\\\/www.monsieurhugo.com\\\/blog\\\/#organization\"},\"image\":{\"@id\":\"https:\\\/\\\/www.monsieurhugo.com\\\/blog\\\/2018\\\/03\\\/29\\\/la-remise-des-cles-en-fin-de-bail\\\/#primaryimage\"},\"thumbnailUrl\":\"https:\\\/\\\/www.monsieurhugo.com\\\/blog\\\/wp-content\\\/uploads\\\/2018\\\/03\\\/remise-des-cles-fin-de-bail.jpg\",\"articleSection\":[\"\u00c9tat des lieux\"],\"inLanguage\":\"fr-FR\"},{\"@type\":\"WebPage\",\"@id\":\"https:\\\/\\\/www.monsieurhugo.com\\\/blog\\\/2018\\\/03\\\/29\\\/la-remise-des-cles-en-fin-de-bail\\\/\",\"url\":\"https:\\\/\\\/www.monsieurhugo.com\\\/blog\\\/2018\\\/03\\\/29\\\/la-remise-des-cles-en-fin-de-bail\\\/\",\"name\":\"La remise des cl\u00e9s en fin de bail - Monsieur Hugo\",\"isPartOf\":{\"@id\":\"https:\\\/\\\/www.monsieurhugo.com\\\/blog\\\/#website\"},\"primaryImageOfPage\":{\"@id\":\"https:\\\/\\\/www.monsieurhugo.com\\\/blog\\\/2018\\\/03\\\/29\\\/la-remise-des-cles-en-fin-de-bail\\\/#primaryimage\"},\"image\":{\"@id\":\"https:\\\/\\\/www.monsieurhugo.com\\\/blog\\\/2018\\\/03\\\/29\\\/la-remise-des-cles-en-fin-de-bail\\\/#primaryimage\"},\"thumbnailUrl\":\"https:\\\/\\\/www.monsieurhugo.com\\\/blog\\\/wp-content\\\/uploads\\\/2018\\\/03\\\/remise-des-cles-fin-de-bail.jpg\",\"datePublished\":\"2018-03-29T07:00:00+00:00\",\"dateModified\":\"2026-01-20T14:43:10+00:00\",\"breadcrumb\":{\"@id\":\"https:\\\/\\\/www.monsieurhugo.com\\\/blog\\\/2018\\\/03\\\/29\\\/la-remise-des-cles-en-fin-de-bail\\\/#breadcrumb\"},\"inLanguage\":\"fr-FR\",\"potentialAction\":[{\"@type\":\"ReadAction\",\"target\":[\"https:\\\/\\\/www.monsieurhugo.com\\\/blog\\\/2018\\\/03\\\/29\\\/la-remise-des-cles-en-fin-de-bail\\\/\"]}]},{\"@type\":\"ImageObject\",\"inLanguage\":\"fr-FR\",\"@id\":\"https:\\\/\\\/www.monsieurhugo.com\\\/blog\\\/2018\\\/03\\\/29\\\/la-remise-des-cles-en-fin-de-bail\\\/#primaryimage\",\"url\":\"https:\\\/\\\/www.monsieurhugo.com\\\/blog\\\/wp-content\\\/uploads\\\/2018\\\/03\\\/remise-des-cles-fin-de-bail.jpg\",\"contentUrl\":\"https:\\\/\\\/www.monsieurhugo.com\\\/blog\\\/wp-content\\\/uploads\\\/2018\\\/03\\\/remise-des-cles-fin-de-bail.jpg\",\"width\":412,\"height\":240},{\"@type\":\"BreadcrumbList\",\"@id\":\"https:\\\/\\\/www.monsieurhugo.com\\\/blog\\\/2018\\\/03\\\/29\\\/la-remise-des-cles-en-fin-de-bail\\\/#breadcrumb\",\"itemListElement\":[{\"@type\":\"ListItem\",\"position\":1,\"name\":\"Logiciel Gestion Locative En Ligne\",\"item\":\"https:\\\/\\\/www.monsieurhugo.com\\\/blog\\\/\"},{\"@type\":\"ListItem\",\"position\":2,\"name\":\"\u00c9tat des lieux\",\"item\":\"https:\\\/\\\/www.monsieurhugo.com\\\/blog\\\/category\\\/etat-des-lieux\\\/\"},{\"@type\":\"ListItem\",\"position\":3,\"name\":\"La remise des cl\u00e9s en fin de bail\"}]},{\"@type\":\"WebSite\",\"@id\":\"https:\\\/\\\/www.monsieurhugo.com\\\/blog\\\/#website\",\"url\":\"https:\\\/\\\/www.monsieurhugo.com\\\/blog\\\/\",\"name\":\"Monsieur Hugo\",\"description\":\"Votre logiciel de gestion locative\",\"publisher\":{\"@id\":\"https:\\\/\\\/www.monsieurhugo.com\\\/blog\\\/#organization\"},\"potentialAction\":[{\"@type\":\"SearchAction\",\"target\":{\"@type\":\"EntryPoint\",\"urlTemplate\":\"https:\\\/\\\/www.monsieurhugo.com\\\/blog\\\/?s={search_term_string}\"},\"query-input\":{\"@type\":\"PropertyValueSpecification\",\"valueRequired\":true,\"valueName\":\"search_term_string\"}}],\"inLanguage\":\"fr-FR\"},{\"@type\":\"Organization\",\"@id\":\"https:\\\/\\\/www.monsieurhugo.com\\\/blog\\\/#organization\",\"name\":\"Monsieur Hugo\",\"url\":\"https:\\\/\\\/www.monsieurhugo.com\\\/blog\\\/\",\"logo\":{\"@type\":\"ImageObject\",\"inLanguage\":\"fr-FR\",\"@id\":\"https:\\\/\\\/www.monsieurhugo.com\\\/blog\\\/#\\\/schema\\\/logo\\\/image\\\/\",\"url\":\"https:\\\/\\\/www.monsieurhugo.com\\\/blog\\\/wp-content\\\/uploads\\\/2020\\\/06\\\/Logotype-final-v2.png\",\"contentUrl\":\"https:\\\/\\\/www.monsieurhugo.com\\\/blog\\\/wp-content\\\/uploads\\\/2020\\\/06\\\/Logotype-final-v2.png\",\"width\":898,\"height\":234,\"caption\":\"Monsieur Hugo\"},\"image\":{\"@id\":\"https:\\\/\\\/www.monsieurhugo.com\\\/blog\\\/#\\\/schema\\\/logo\\\/image\\\/\"},\"sameAs\":[\"https:\\\/\\\/www.facebook.com\\\/assistantmonsieurhugo\\\/\",\"https:\\\/\\\/x.com\\\/monsieurhugo_\",\"https:\\\/\\\/www.linkedin.com\\\/company\\\/18421005\\\/\"]},{\"@type\":\"Person\",\"@id\":\"https:\\\/\\\/www.monsieurhugo.com\\\/blog\\\/#\\\/schema\\\/person\\\/c46c67fabd9bedfa0ce7d1f4142116c3\",\"name\":\"Bruno Cantegrel\",\"image\":{\"@type\":\"ImageObject\",\"inLanguage\":\"fr-FR\",\"@id\":\"https:\\\/\\\/secure.gravatar.com\\\/avatar\\\/627f29f4ef165adeb61765fbeaf70336b3653293cbe1ba89fccd189379833b3a?s=96&d=mm&r=g\",\"url\":\"https:\\\/\\\/secure.gravatar.com\\\/avatar\\\/627f29f4ef165adeb61765fbeaf70336b3653293cbe1ba89fccd189379833b3a?s=96&d=mm&r=g\",\"contentUrl\":\"https:\\\/\\\/secure.gravatar.com\\\/avatar\\\/627f29f4ef165adeb61765fbeaf70336b3653293cbe1ba89fccd189379833b3a?s=96&d=mm&r=g\",\"caption\":\"Bruno Cantegrel\"},\"description\":\"Fondateur de Monsieur Hugo, dipl\u00f4m\u00e9 d'un MBA \u00e0 l'EDHEC et professeur \u00e0 HEC Paris. Expert en investissement locatif avec plus de 20 ans d'exp\u00e9rience, il est l'auteur de l'ouvrage 'Trouver un locataire pour son logement' aux \u00e9ditions Studyrama\",\"sameAs\":[\"https:\\\/\\\/www.monsieurhugo.com\\\/blog\\\/a-propos\\\/\",\"https:\\\/\\\/www.linkedin.com\\\/in\\\/bruno-bruno-4336096\\\/\"],\"alumniOf\":[{\"@type\":\"Organization\",\"name\":\"EDHEC Business School\"},{\"@type\":\"Organization\",\"name\":\"HEC Paris\"}],\"knowsAbout\":[\"Gestion locative\",\"Investissement immobilier\",\"Droit immobilier\",\"Proptech\"]}]}<\/script>\n<!-- \/ Yoast SEO plugin. -->","yoast_head_json":{"title":"La remise des cl\u00e9s en fin de bail - Monsieur Hugo","robots":{"index":"index","follow":"follow","max-snippet":"max-snippet:-1","max-image-preview":"max-image-preview:large","max-video-preview":"max-video-preview:-1"},"canonical":"https:\/\/www.monsieurhugo.com\/blog\/2018\/03\/29\/la-remise-des-cles-en-fin-de-bail\/","og_locale":"fr_FR","og_type":"article","og_title":"La remise des cl\u00e9s en fin de bail - Monsieur Hugo","og_description":"Pour un propri\u00e9taire, 2 m\u00eames actions marquent le d\u00e9but et la fin d'un contrat de location : la remise des cl\u00e9s au locataire et la remise des cl\u00e9s par le locataire ! Dans le cadre de la location d'un logement, la remise des cl\u00e9s en fin de bail marque donc la conclusion de la location. [&hellip;]","og_url":"https:\/\/www.monsieurhugo.com\/blog\/2018\/03\/29\/la-remise-des-cles-en-fin-de-bail\/","og_site_name":"Monsieur Hugo","article_publisher":"https:\/\/www.facebook.com\/assistantmonsieurhugo\/","article_published_time":"2018-03-29T07:00:00+00:00","article_modified_time":"2026-01-20T14:43:10+00:00","og_image":[{"width":412,"height":240,"url":"https:\/\/www.monsieurhugo.com\/blog\/wp-content\/uploads\/2018\/03\/remise-des-cles-fin-de-bail.jpg","type":"image\/jpeg"}],"author":"Bruno Cantegrel","twitter_card":"summary_large_image","twitter_creator":"@monsieurhugo_","twitter_site":"@monsieurhugo_","twitter_misc":{"\u00c9crit par":"Bruno Cantegrel","Dur\u00e9e de lecture estim\u00e9e":"4 minutes"},"schema":{"@context":"https:\/\/schema.org","@graph":[{"@type":"Article","@id":"https:\/\/www.monsieurhugo.com\/blog\/2018\/03\/29\/la-remise-des-cles-en-fin-de-bail\/#article","isPartOf":{"@id":"https:\/\/www.monsieurhugo.com\/blog\/2018\/03\/29\/la-remise-des-cles-en-fin-de-bail\/"},"author":{"name":"Bruno Cantegrel","@id":"https:\/\/www.monsieurhugo.com\/blog\/#\/schema\/person\/c46c67fabd9bedfa0ce7d1f4142116c3"},"headline":"La remise des cl\u00e9s en fin de bail","datePublished":"2018-03-29T07:00:00+00:00","dateModified":"2026-01-20T14:43:10+00:00","mainEntityOfPage":{"@id":"https:\/\/www.monsieurhugo.com\/blog\/2018\/03\/29\/la-remise-des-cles-en-fin-de-bail\/"},"wordCount":920,"publisher":{"@id":"https:\/\/www.monsieurhugo.com\/blog\/#organization"},"image":{"@id":"https:\/\/www.monsieurhugo.com\/blog\/2018\/03\/29\/la-remise-des-cles-en-fin-de-bail\/#primaryimage"},"thumbnailUrl":"https:\/\/www.monsieurhugo.com\/blog\/wp-content\/uploads\/2018\/03\/remise-des-cles-fin-de-bail.jpg","articleSection":["\u00c9tat des lieux"],"inLanguage":"fr-FR"},{"@type":"WebPage","@id":"https:\/\/www.monsieurhugo.com\/blog\/2018\/03\/29\/la-remise-des-cles-en-fin-de-bail\/","url":"https:\/\/www.monsieurhugo.com\/blog\/2018\/03\/29\/la-remise-des-cles-en-fin-de-bail\/","name":"La remise des cl\u00e9s en fin de bail - Monsieur Hugo","isPartOf":{"@id":"https:\/\/www.monsieurhugo.com\/blog\/#website"},"primaryImageOfPage":{"@id":"https:\/\/www.monsieurhugo.com\/blog\/2018\/03\/29\/la-remise-des-cles-en-fin-de-bail\/#primaryimage"},"image":{"@id":"https:\/\/www.monsieurhugo.com\/blog\/2018\/03\/29\/la-remise-des-cles-en-fin-de-bail\/#primaryimage"},"thumbnailUrl":"https:\/\/www.monsieurhugo.com\/blog\/wp-content\/uploads\/2018\/03\/remise-des-cles-fin-de-bail.jpg","datePublished":"2018-03-29T07:00:00+00:00","dateModified":"2026-01-20T14:43:10+00:00","breadcrumb":{"@id":"https:\/\/www.monsieurhugo.com\/blog\/2018\/03\/29\/la-remise-des-cles-en-fin-de-bail\/#breadcrumb"},"inLanguage":"fr-FR","potentialAction":[{"@type":"ReadAction","target":["https:\/\/www.monsieurhugo.com\/blog\/2018\/03\/29\/la-remise-des-cles-en-fin-de-bail\/"]}]},{"@type":"ImageObject","inLanguage":"fr-FR","@id":"https:\/\/www.monsieurhugo.com\/blog\/2018\/03\/29\/la-remise-des-cles-en-fin-de-bail\/#primaryimage","url":"https:\/\/www.monsieurhugo.com\/blog\/wp-content\/uploads\/2018\/03\/remise-des-cles-fin-de-bail.jpg","contentUrl":"https:\/\/www.monsieurhugo.com\/blog\/wp-content\/uploads\/2018\/03\/remise-des-cles-fin-de-bail.jpg","width":412,"height":240},{"@type":"BreadcrumbList","@id":"https:\/\/www.monsieurhugo.com\/blog\/2018\/03\/29\/la-remise-des-cles-en-fin-de-bail\/#breadcrumb","itemListElement":[{"@type":"ListItem","position":1,"name":"Logiciel Gestion Locative En Ligne","item":"https:\/\/www.monsieurhugo.com\/blog\/"},{"@type":"ListItem","position":2,"name":"\u00c9tat des lieux","item":"https:\/\/www.monsieurhugo.com\/blog\/category\/etat-des-lieux\/"},{"@type":"ListItem","position":3,"name":"La remise des cl\u00e9s en fin de bail"}]},{"@type":"WebSite","@id":"https:\/\/www.monsieurhugo.com\/blog\/#website","url":"https:\/\/www.monsieurhugo.com\/blog\/","name":"Monsieur Hugo","description":"Votre logiciel de gestion locative","publisher":{"@id":"https:\/\/www.monsieurhugo.com\/blog\/#organization"},"potentialAction":[{"@type":"SearchAction","target":{"@type":"EntryPoint","urlTemplate":"https:\/\/www.monsieurhugo.com\/blog\/?s={search_term_string}"},"query-input":{"@type":"PropertyValueSpecification","valueRequired":true,"valueName":"search_term_string"}}],"inLanguage":"fr-FR"},{"@type":"Organization","@id":"https:\/\/www.monsieurhugo.com\/blog\/#organization","name":"Monsieur Hugo","url":"https:\/\/www.monsieurhugo.com\/blog\/","logo":{"@type":"ImageObject","inLanguage":"fr-FR","@id":"https:\/\/www.monsieurhugo.com\/blog\/#\/schema\/logo\/image\/","url":"https:\/\/www.monsieurhugo.com\/blog\/wp-content\/uploads\/2020\/06\/Logotype-final-v2.png","contentUrl":"https:\/\/www.monsieurhugo.com\/blog\/wp-content\/uploads\/2020\/06\/Logotype-final-v2.png","width":898,"height":234,"caption":"Monsieur Hugo"},"image":{"@id":"https:\/\/www.monsieurhugo.com\/blog\/#\/schema\/logo\/image\/"},"sameAs":["https:\/\/www.facebook.com\/assistantmonsieurhugo\/","https:\/\/x.com\/monsieurhugo_","https:\/\/www.linkedin.com\/company\/18421005\/"]},{"@type":"Person","@id":"https:\/\/www.monsieurhugo.com\/blog\/#\/schema\/person\/c46c67fabd9bedfa0ce7d1f4142116c3","name":"Bruno Cantegrel","image":{"@type":"ImageObject","inLanguage":"fr-FR","@id":"https:\/\/secure.gravatar.com\/avatar\/627f29f4ef165adeb61765fbeaf70336b3653293cbe1ba89fccd189379833b3a?s=96&d=mm&r=g","url":"https:\/\/secure.gravatar.com\/avatar\/627f29f4ef165adeb61765fbeaf70336b3653293cbe1ba89fccd189379833b3a?s=96&d=mm&r=g","contentUrl":"https:\/\/secure.gravatar.com\/avatar\/627f29f4ef165adeb61765fbeaf70336b3653293cbe1ba89fccd189379833b3a?s=96&d=mm&r=g","caption":"Bruno Cantegrel"},"description":"Fondateur de Monsieur Hugo, dipl\u00f4m\u00e9 d'un MBA \u00e0 l'EDHEC et professeur \u00e0 HEC Paris. Expert en investissement locatif avec plus de 20 ans d'exp\u00e9rience, il est l'auteur de l'ouvrage 'Trouver un locataire pour son logement' aux \u00e9ditions Studyrama","sameAs":["https:\/\/www.monsieurhugo.com\/blog\/a-propos\/","https:\/\/www.linkedin.com\/in\/bruno-bruno-4336096\/"],"alumniOf":[{"@type":"Organization","name":"EDHEC Business School"},{"@type":"Organization","name":"HEC Paris"}],"knowsAbout":["Gestion locative","Investissement immobilier","Droit immobilier","Proptech"]}]}},"_links":{"self":[{"href":"https:\/\/www.monsieurhugo.com\/blog\/wp-json\/wp\/v2\/posts\/352168","targetHints":{"allow":["GET"]}}],"collection":[{"href":"https:\/\/www.monsieurhugo.com\/blog\/wp-json\/wp\/v2\/posts"}],"about":[{"href":"https:\/\/www.monsieurhugo.com\/blog\/wp-json\/wp\/v2\/types\/post"}],"author":[{"embeddable":true,"href":"https:\/\/www.monsieurhugo.com\/blog\/wp-json\/wp\/v2\/users\/1"}],"replies":[{"embeddable":true,"href":"https:\/\/www.monsieurhugo.com\/blog\/wp-json\/wp\/v2\/comments?post=352168"}],"version-history":[{"count":2,"href":"https:\/\/www.monsieurhugo.com\/blog\/wp-json\/wp\/v2\/posts\/352168\/revisions"}],"predecessor-version":[{"id":357874,"href":"https:\/\/www.monsieurhugo.com\/blog\/wp-json\/wp\/v2\/posts\/352168\/revisions\/357874"}],"wp:featuredmedia":[{"embeddable":true,"href":"https:\/\/www.monsieurhugo.com\/blog\/wp-json\/wp\/v2\/media\/353176"}],"wp:attachment":[{"href":"https:\/\/www.monsieurhugo.com\/blog\/wp-json\/wp\/v2\/media?parent=352168"}],"wp:term":[{"taxonomy":"category","embeddable":true,"href":"https:\/\/www.monsieurhugo.com\/blog\/wp-json\/wp\/v2\/categories?post=352168"},{"taxonomy":"post_tag","embeddable":true,"href":"https:\/\/www.monsieurhugo.com\/blog\/wp-json\/wp\/v2\/tags?post=352168"}],"curies":[{"name":"wp","href":"https:\/\/api.w.org\/{rel}","templated":true}]}}