{"id":352166,"date":"2018-04-03T09:30:00","date_gmt":"2018-04-03T07:30:00","guid":{"rendered":""},"modified":"2026-01-20T15:43:10","modified_gmt":"2026-01-20T14:43:10","slug":"quelles-sont-les-charges-recuperables","status":"publish","type":"post","link":"https:\/\/www.monsieurhugo.com\/blog\/2018\/04\/03\/quelles-sont-les-charges-recuperables\/","title":{"rendered":"Quelles sont les charges r\u00e9cup\u00e9rables aupr\u00e8s du locataire ?"},"content":{"rendered":"<p>[et_pb_section fb_built=\u00a0\u00bb1&Prime; _builder_version=\u00a0\u00bb3.22&Prime;][et_pb_row _builder_version=\u00a0\u00bb3.25&Prime; background_size=\u00a0\u00bbinitial\u00a0\u00bb background_position=\u00a0\u00bbtop_left\u00a0\u00bb background_repeat=\u00a0\u00bbrepeat\u00a0\u00bb][et_pb_column type=\u00a0\u00bb4_4&Prime; _builder_version=\u00a0\u00bb3.25&Prime; custom_padding=\u00a0\u00bb|||\u00a0\u00bb custom_padding__hover=\u00a0\u00bb|||\u00a0\u00bb][et_pb_text _builder_version=\u00a0\u00bb4.4.9&Prime; background_size=\u00a0\u00bbinitial\u00a0\u00bb background_position=\u00a0\u00bbtop_left\u00a0\u00bb background_repeat=\u00a0\u00bbrepeat\u00a0\u00bb hover_enabled=\u00a0\u00bb0&Prime; text_font_size=\u00a0\u00bb19px\u00a0\u00bb]<\/p>\n<p class=\"separator\"><span style=\"font-family: 'arial' , 'helvetica' , sans-serif;\">Dans une location, vous pouvez en tant que propri\u00e9taire, avancer des frais pour certaines charges et vous les faire rembourser par le locataire. C&rsquo;est ce qu&rsquo;on appelle les charges locatives ou charges r\u00e9cup\u00e9rables. Elles viennent s&rsquo;ajouter au loyer qui lui ne couvre que le droit de jouissance du bien.<\/span><span style=\"font-family: 'arial' , 'helvetica' , sans-serif;\"><br \/> <\/span><br \/> <span style=\"font-family: 'arial' , 'helvetica' , sans-serif;\">Ces d\u00e9penses doivent \u00eatre obligatoirement relatives \u00e0 l\u2019usage du logement lou\u00e9 et de ses \u00e9quipements. Ils peuvent \u00eatre \u00e0 usage priv\u00e9s ou communs.<\/span><span style=\"font-family: 'arial' , 'helvetica' , sans-serif;\"><br \/> <\/span><br \/> <span style=\"font-family: 'arial' , 'helvetica' , sans-serif;\">Les charges r\u00e9cup\u00e9rables sont encadr\u00e9es par la loi. Une liste exhaustive est fix\u00e9e par d\u00e9cret (d\u00e9cret n\u00b087-713 du 26 ao\u00fbt 1987).<\/span><span style=\"font-family: 'arial' , 'helvetica' , sans-serif;\"><br \/> <\/span><br \/> <span style=\"font-family: 'arial' , 'helvetica' , sans-serif;\">Je vous les ai list\u00e9es dans cet article.<\/span><\/p>\n<ol>\n<li><span style=\"font-family: 'arial' , 'helvetica' , sans-serif;\">Ascenseurs et monte-charge<\/span><\/li>\n<li><span style=\"font-family: 'arial' , 'helvetica' , sans-serif;\">Eau froide, eau chaude et chauffage collectif<\/span><\/li>\n<li><span style=\"font-family: 'arial' , 'helvetica' , sans-serif;\">Installations individuelles<\/span><\/li>\n<li><span style=\"font-family: 'arial' , 'helvetica' , sans-serif;\">Parties communes int\u00e9rieures<\/span><\/li>\n<li><span style=\"font-family: 'arial' , 'helvetica' , sans-serif;\">Espaces ext\u00e9rieurs<\/span><\/li>\n<li><span style=\"font-family: 'arial' , 'helvetica' , sans-serif;\">Taxes et redevances<\/span><span style=\"font-family: 'arial' , 'helvetica' , sans-serif;\"><br \/> <\/span><\/li>\n<\/ol>\n<p><span style=\"font-family: 'arial' , 'helvetica' , sans-serif;\"><span style=\"font-size: large;\"><span style=\"font-family: 'arial' , 'helvetica' , sans-serif;\">Il est \u00e0 noter que cette liste s&rsquo;applique :<\/span><\/span><\/span><\/p>\n<ul>\n<li><span style=\"font-family: 'arial' , 'helvetica' , sans-serif;\">aux locations meubl\u00e9es sign\u00e9es depuis le 27 mars 2014 (ou avant cette date si le contrat de location y fait r\u00e9f\u00e9rence), <\/span><\/li>\n<li><span style=\"font-family: 'arial' , 'helvetica' , sans-serif;\">aux locations vides du secteur priv\u00e9 (logement conventionn\u00e9 ou non, logement \u00ab\u00a0loi de 48\u00a0\u00bb) et du secteur social.<\/span><\/li>\n<\/ul>\n<p><span style=\"font-family: 'arial' , 'helvetica' , sans-serif;\">N&rsquo;h\u00e9sitez pas \u00e0 consulter les articles \u00ab\u00a0<a href=\"https:\/\/www.monsieurhugo.com\/blog\/2018\/01\/les-loyers-soumis-la-loi-1948.html\" target=\"_blank\" rel=\"noopener noreferrer\"><span style=\"color: blue;\"><u>Les loyers soumis \u00e0 la loi 1948<\/u><\/span><\/a>\u00a0\u00bb ou \u00ab\u00a0<a href=\"https:\/\/www.monsieurhugo.com\/blog\/2018\/03\/comment-rediger-le-bail-dun-logement.html\" target=\"_blank\" rel=\"noopener noreferrer\"><span style=\"color: blue;\"><u>Comment bien r\u00e9diger votre bail de location meubl\u00e9e<\/u><\/span><\/a>\u00a0\u00bb pour en savoir davantage.<\/span><span style=\"color: #006fad;\"><span style=\"font-family: 'arial' , 'helvetica' , sans-serif;\">\u00a0<\/span><\/span><\/p>\n<h2><span style=\"color: #006fad;\"><span style=\"font-family: 'arial' , 'helvetica' , sans-serif;\">1. Ascenseurs et monte-charge<\/span><\/span><\/h2>\n<p><span style=\"font-family: 'arial' , 'helvetica' , sans-serif;\">Certaines d\u00e9penses relatives \u00e0 l&rsquo;ascenseur peuvent \u00eatre r\u00e9percut\u00e9es sur le locataire notamment : <\/span><\/p>\n<ul>\n<li><span style=\"font-family: 'arial' , 'helvetica' , sans-serif;\">l&rsquo;\u00e9lectricit\u00e9, <\/span><\/li>\n<li><span style=\"font-family: 'arial' , 'helvetica' , sans-serif;\">l&rsquo;exploitation (visite p\u00e9riodique, nettoyage, examen semestriel des c\u00e2bles, tenue d&rsquo;un dossier par l&rsquo;entreprise d&rsquo;entretien mentionnant les visites techniques, incidents), <\/span><\/li>\n<li><span style=\"font-family: 'arial' , 'helvetica' , sans-serif;\">la fourniture de produits ou petits mat\u00e9riel d&rsquo;entretien (chiffons, graisses et huiles n\u00e9cessaires, lampes d&rsquo;\u00e9clairage de la cabine), <\/span><\/li>\n<li><span style=\"font-family: 'arial' , 'helvetica' , sans-serif;\">les menues r\u00e9parations de la cabine (changement boutons d&rsquo;envoi, paumelles de portes), des paliers (ferme portes m\u00e9caniques, \u00e9lectriques ou pneumatiques), et des fusibles.<\/span><\/li>\n<\/ul>\n<h2><span style=\"font-size: x-large;\"><span style=\"font-family: 'arial' , 'helvetica' , sans-serif;\">2. Eau froide, eau chaude et chauffage collectif<\/span><\/span><\/h2>\n<p><span style=\"font-family: 'arial' , 'helvetica' , sans-serif;\">Certaines d\u00e9penses relatives \u00e0 l&rsquo;eau et au chauffage sont r\u00e9cup\u00e9rables sur le locataire notamment :<\/span><\/p>\n<ul>\n<li><span style=\"font-family: 'arial' , 'helvetica' , sans-serif;\">eau froide et chaude de l&rsquo;ensemble des occupants,<\/span><\/li>\n<li><span style=\"font-family: 'arial' , 'helvetica' , sans-serif;\">eau n\u00e9cessaire \u00e0 l&rsquo;entretien courant des parties communes, y compris la station d&rsquo;\u00e9puration<\/span><\/li>\n<li><span style=\"font-family: 'arial' , 'helvetica' , sans-serif;\">eau n\u00e9cessaire \u00e0 l&rsquo;entretien courant des espaces ext\u00e9rieurs,<\/span><\/li>\n<li><span style=\"font-family: 'arial' , 'helvetica' , sans-serif;\">produits n\u00e9cessaires \u00e0 l&rsquo;exploitation, \u00e0 l&rsquo;entretien et au traitement de l&rsquo;eau,<\/span><\/li>\n<li><span style=\"font-family: 'arial' , 'helvetica' , sans-serif;\">fourniture d&rsquo;\u00e9nergie quelle que soit sa nature,<\/span><\/li>\n<li><span style=\"font-family: 'arial' , 'helvetica' , sans-serif;\">exploitation des compteurs g\u00e9n\u00e9raux et individuels et \u00e0 l&rsquo;entretien des \u00e9purateurs de fum\u00e9e,<\/span><\/li>\n<li><span style=\"font-family: 'arial' , 'helvetica' , sans-serif;\">r\u00e9paration des fuites sur joints.<\/span><span style=\"font-family: 'arial' , 'helvetica' , sans-serif;\"><\/span><\/li>\n<\/ul>\n<h2><span style=\"font-size: x-large;\"><span style=\"font-family: 'arial' , 'helvetica' , sans-serif;\">3. Installations individuelles<\/span><\/span><\/h2>\n<p><span style=\"font-family: 'arial' , 'helvetica' , sans-serif;\">Concernant les installations individuelles, les d\u00e9penses restant \u00e0 la charge du locataire concernent notamment :<\/span><\/p>\n<ul>\n<li><span style=\"font-family: 'arial' , 'helvetica' , sans-serif;\">le chauffage et la production d&rsquo;eau chaude,<\/span><\/li>\n<li><span style=\"font-family: 'arial' , 'helvetica' , sans-serif;\">ainsi que la distribution d&rsquo;eau dans les parties privatives (contr\u00f4le des raccordements, r\u00e9glage de d\u00e9bit et temp\u00e9ratures, d\u00e9pannage, remplacement des joints cloches des chasses d&rsquo;eau).<\/span><\/li>\n<\/ul>\n<h2><span style=\"font-size: x-large;\"><span style=\"font-family: 'arial' , 'helvetica' , sans-serif;\">4. Parties communes int\u00e9rieures<\/span><\/span><\/h2>\n<p><span style=\"font-family: 'arial' , 'helvetica' , sans-serif;\">Les d\u00e9penses restant \u00e0 la charge du locataire dans les parties communes de l&rsquo;immeuble concernent notamment celles relatives :<\/span><\/p>\n<ul>\n<li><span style=\"font-family: 'arial' , 'helvetica' , sans-serif;\">\u00e0 l&rsquo;\u00e9lectricit\u00e9,<\/span><\/li>\n<li><span style=\"font-family: 'arial' , 'helvetica' , sans-serif;\">\u00e0 la fourniture de produits d&rsquo;entretien (balais et sacs n\u00e9cessaires \u00e0 l&rsquo;\u00e9limination des d\u00e9chets) et de produits de d\u00e9sinsectisation et d\u00e9sinfection,<\/span><\/li>\n<li><span style=\"font-family: 'arial' , 'helvetica' , sans-serif;\">\u00e0 l&rsquo;entretien de la minuterie, des tapis, de vide-ordures,<\/span><\/li>\n<li><span style=\"font-family: 'arial' , 'helvetica' , sans-serif;\">\u00e0 la r\u00e9paration des appareils d&rsquo;entretien de propret\u00e9 tels que l&rsquo;aspirateur,<\/span><\/li>\n<li><span style=\"font-family: 'arial' , 'helvetica' , sans-serif;\">aux frais de personnel d&rsquo;entretien.<\/span><\/li>\n<\/ul>\n<h2><span style=\"font-size: x-large;\"><span style=\"font-family: 'arial' , 'helvetica' , sans-serif;\">5. Espaces ext\u00e9rieurs<\/span><\/span><\/h2>\n<p><span style=\"font-family: 'arial' , 'helvetica' , sans-serif;\">Pour les espaces ext\u00e9rieurs, certaines d\u00e9penses sont \u00e0 la charge du locataire, notamment les d\u00e9penses d&rsquo;exploitation et d&rsquo;entretien des :<\/span><\/p>\n<ul>\n<li><span style=\"font-family: 'arial' , 'helvetica' , sans-serif;\">voies de circulation,<\/span><\/li>\n<li><span style=\"font-family: 'arial' , 'helvetica' , sans-serif;\">aires de stationnement,<\/span><\/li>\n<li><span style=\"font-family: 'arial' , 'helvetica' , sans-serif;\">abords des espaces verts<\/span><\/li>\n<li><span style=\"font-family: 'arial' , 'helvetica' , sans-serif;\">\u00e9quipement de jeux pour enfants.<\/span><\/li>\n<\/ul>\n<h2><span style=\"font-size: x-large;\"><span style=\"font-family: 'arial' , 'helvetica' , sans-serif;\">6. Taxes et redevances<\/span><\/span><\/h2>\n<p><span style=\"font-family: 'arial' , 'helvetica' , sans-serif;\">Les d\u00e9penses restant \u00e0 la charge du locataire concernent notamment :<\/span><\/p>\n<ul>\n<li><span style=\"font-family: 'arial' , 'helvetica' , sans-serif;\">la taxe ou redevance d&rsquo;enl\u00e8vement des ordures m\u00e9nag\u00e8res,<\/span><\/li>\n<li><span style=\"font-family: 'arial' , 'helvetica' , sans-serif;\">la taxe de balayage,<\/span><\/li>\n<li><span style=\"font-family: 'arial' , 'helvetica' , sans-serif;\">la redevance assainissement.<\/span><span style=\"font-family: 'arial' , 'helvetica' , sans-serif;\"><\/span><br \/> <span style=\"font-family: 'arial' , 'helvetica' , sans-serif;\"><\/span><\/li>\n<\/ul>\n<h2><span style=\"font-family: 'arial' , 'helvetica' , sans-serif;\"> <\/span><br \/> <span style=\"color: #006fad;\"><strong><span style=\"font-family: 'arial' , 'helvetica' , sans-serif;\">Conclusion<\/span><\/strong><\/span><\/h2>\n<p><span style=\"font-family: 'arial' , 'helvetica' , sans-serif;\">Ces charges dont vous faites l&rsquo;avance sont encadr\u00e9es par la loi. Elles sont une sources de litiges fr\u00e9quents entre propri\u00e9taires et locataires.<\/span><br \/> <span style=\"font-family: 'arial' , 'helvetica' , sans-serif;\">Vous ne pourrez y inclure aucune d\u00e9pense non list\u00e9e par le d\u00e9cret telle que la taxe fonci\u00e8re ou dans le cas de copropri\u00e9t\u00e9 de travaux vot\u00e9s lors des assembl\u00e9es g\u00e9n\u00e9rales (ravalement de fa\u00e7ade, remplacement d&rsquo;\u00e9quipement&#8230;) qui sont et restent \u00e0 la charge du propri\u00e9taire.<\/span><br \/> <span style=\"font-family: 'arial' , 'helvetica' , sans-serif;\"><\/span><\/p>\n<p><span style=\"font-family: 'arial' , 'helvetica' , sans-serif;\">Je vous sugg\u00e8re aussi :<\/span><\/p>\n<ul>\n<li><span style=\"font-family: 'arial' , 'helvetica' , sans-serif;\"><a href=\"http:\/\/www.monsieurhugo.com\/blog\/2018\/02\/les-charges-locatives-et-moi.html\" target=\"_blank\" rel=\"noopener noreferrer\"><span style=\"color: blue;\"><u>En savoir plus sur les charges locatives<\/u><\/span><\/a><\/span><\/li>\n<li><span style=\"font-family: 'arial' , 'helvetica' , sans-serif;\"><a href=\"http:\/\/www.monsieurhugo.com\/blog\/2018\/01\/guide-de-la-gestion-locative-monsieur-hugo.html\" target=\"_blank\" rel=\"noopener noreferrer\"><span style=\"color: blue;\"><u>Ce que vous devez savoir pour g\u00e9rer seul votre bien<\/u><\/span><\/a><\/span><\/li>\n<\/ul>\n<p>[\/et_pb_text][\/et_pb_column][\/et_pb_row][\/et_pb_section]<\/p>\n","protected":false},"excerpt":{"rendered":"<p>Dans une location, vous pouvez en tant que propri\u00e9taire, avancer des frais pour certaines charges et vous les faire rembourser par le locataire. C&rsquo;est ce qu&rsquo;on appelle les charges locatives ou charges r\u00e9cup\u00e9rables. Elles viennent s&rsquo;ajouter au loyer qui lui ne couvre que le droit de jouissance du bien. Ces d\u00e9penses doivent \u00eatre obligatoirement relatives [&hellip;]<\/p>\n","protected":false},"author":1,"featured_media":353168,"comment_status":"closed","ping_status":"closed","sticky":false,"template":"","format":"standard","meta":{"_acf_changed":false,"_et_pb_use_builder":"on","_et_pb_old_content":"<p class=\"separator\"><img src=\"https:\/\/2.bp.blogspot.com\/-5SAZBwS39HE\/W5DpykK_rPI\/AAAAAAAAAGg\/Rp_Q4xwQnDQWgc3CxeDC_SPGjhphNw0awCLcBGAs\/s1600\/charges%2Blocatives%2B-%2BMonsieur%2BHugo.jpeg\" alt=\"Charges r\u00e9cup\u00e9rables - Gestion locative - Monsieur Hugo\" \/><\/p><p><span style=\"font-family: 'arial' , 'helvetica' , sans-serif;\">Dans une location, vous pouvez en tant que propri\u00e9taire, avancer des frais pour certaines charges et vous les faire rembourser par le locataire. C'est ce qu'on appelle les charges locatives ou charges r\u00e9cup\u00e9rables. Elles viennent s'ajouter au loyer qui lui ne couvre que le droit de jouissance du bien.<\/span><\/p><p><span style=\"font-family: 'arial' , 'helvetica' , sans-serif;\"><br \/><\/span><br \/><span style=\"font-family: 'arial' , 'helvetica' , sans-serif;\">Ces d\u00e9penses doivent \u00eatre obligatoirement relatives \u00e0 l\u2019usage du logement lou\u00e9 et de ses \u00e9quipements. Ils peuvent \u00eatre \u00e0 usage priv\u00e9s ou communs.<\/span><\/p><p><span style=\"font-family: 'arial' , 'helvetica' , sans-serif;\"><br \/><\/span><br \/><span style=\"font-family: 'arial' , 'helvetica' , sans-serif;\">Les charges r\u00e9cup\u00e9rables sont encadr\u00e9es par la loi. Une liste exhaustive est fix\u00e9e par d\u00e9cret (d\u00e9cret n\u00b087-713 du 26 ao\u00fbt 1987).<\/span><\/p><p><span style=\"font-family: 'arial' , 'helvetica' , sans-serif;\"><br \/><\/span><br \/><span style=\"font-family: 'arial' , 'helvetica' , sans-serif;\">Je vous les ai list\u00e9es dans cet article.<\/span><\/p><p>\u00a0<\/p><ol><li><span style=\"font-family: 'arial' , 'helvetica' , sans-serif;\">Ascenseurs et monte-charge<\/span><\/li><li><span style=\"font-family: 'arial' , 'helvetica' , sans-serif;\">Eau froide, eau chaude et chauffage collectif<\/span><\/li><li><span style=\"font-family: 'arial' , 'helvetica' , sans-serif;\">Installations individuelles<\/span><\/li><li><span style=\"font-family: 'arial' , 'helvetica' , sans-serif;\">Parties communes int\u00e9rieures<\/span><\/li><li><span style=\"font-family: 'arial' , 'helvetica' , sans-serif;\">Espaces ext\u00e9rieurs<\/span><\/li><li><span style=\"font-family: 'arial' , 'helvetica' , sans-serif;\">Taxes et redevances<\/span><\/li><\/ol><p>\u00a0<\/p><p><span style=\"font-family: 'arial' , 'helvetica' , sans-serif;\"><br \/><\/span><\/p><p><span style=\"font-family: 'arial' , 'helvetica' , sans-serif;\"><span style=\"font-size: large;\"><span style=\"font-family: 'arial' , 'helvetica' , sans-serif;\">Il est \u00e0 noter que cette liste s'applique :<\/span><\/span><\/span><\/p><ul><li><span style=\"font-family: 'arial' , 'helvetica' , sans-serif;\">aux locations meubl\u00e9es sign\u00e9es depuis le 27 mars 2014 (ou avant cette date si le contrat de location y fait r\u00e9f\u00e9rence), <\/span><\/li><li><span style=\"font-family: 'arial' , 'helvetica' , sans-serif;\">aux locations vides du secteur priv\u00e9 (logement conventionn\u00e9 ou non, logement \"loi de 48\") et du secteur social.<\/span><\/li><\/ul><p><span style=\"font-family: 'arial' , 'helvetica' , sans-serif;\">N'h\u00e9sitez pas \u00e0 consulter les articles \"<a href=\"https:\/\/www.monsieurhugo.com\/blog\/2018\/01\/les-loyers-soumis-la-loi-1948.html\" target=\"_blank\" rel=\"noopener noreferrer\"><span style=\"color: blue;\"><u>Les loyers soumis \u00e0 la loi 1948<\/u><\/span><\/a>\" ou \"<a href=\"https:\/\/www.monsieurhugo.com\/blog\/2018\/03\/comment-rediger-le-bail-dun-logement.html\" target=\"_blank\" rel=\"noopener noreferrer\"><span style=\"color: blue;\"><u>Comment bien r\u00e9diger votre bail de location meubl\u00e9e<\/u><\/span><\/a>\" pour en savoir davantage. <\/span><\/p><h2><span style=\"color: #006fad;\"><span style=\"font-family: 'arial' , 'helvetica' , sans-serif;\">\u00a0<\/span><\/span><\/h2><h2><span style=\"color: #006fad;\"><span style=\"font-family: 'arial' , 'helvetica' , sans-serif;\">1. Ascenseurs et monte-charge<\/span><\/span><\/h2><p><span style=\"font-family: 'arial' , 'helvetica' , sans-serif;\">Certaines d\u00e9penses relatives \u00e0 l'ascenseur peuvent \u00eatre r\u00e9percut\u00e9es sur le locataire notamment : <\/span><\/p><ul><li><span style=\"font-family: 'arial' , 'helvetica' , sans-serif;\">l'\u00e9lectricit\u00e9, <\/span><\/li><li><span style=\"font-family: 'arial' , 'helvetica' , sans-serif;\">l'exploitation (visite p\u00e9riodique, nettoyage, examen semestriel des c\u00e2bles, tenue d'un dossier par l'entreprise d'entretien mentionnant les visites techniques, incidents), <\/span><\/li><li><span style=\"font-family: 'arial' , 'helvetica' , sans-serif;\">la fourniture de produits ou petits mat\u00e9riel d'entretien (chiffons, graisses et huiles n\u00e9cessaires, lampes d'\u00e9clairage de la cabine), <\/span><\/li><li><span style=\"font-family: 'arial' , 'helvetica' , sans-serif;\">les menues r\u00e9parations de la cabine (changement boutons d'envoi, paumelles de portes), des paliers (ferme portes m\u00e9caniques, \u00e9lectriques ou pneumatiques), et des fusibles. <\/span><\/li><\/ul><p><span style=\"font-family: 'arial' , 'helvetica' , sans-serif;\"><br \/><\/span><br \/><span style=\"font-family: 'arial' , 'helvetica' , sans-serif;\"><br \/><\/span><\/p><h2><span style=\"font-size: x-large;\"><span style=\"font-family: 'arial' , 'helvetica' , sans-serif;\">2. Eau froide, eau chaude et chauffage collectif<\/span><\/span><\/h2><p><span style=\"font-family: 'arial' , 'helvetica' , sans-serif;\">Certaines d\u00e9penses relatives \u00e0 l'eau et au chauffage sont r\u00e9cup\u00e9rables sur le locataire notamment :<\/span><\/p><ul><li><span style=\"font-family: 'arial' , 'helvetica' , sans-serif;\">eau froide et chaude de l'ensemble des occupants,<\/span><\/li><li><span style=\"font-family: 'arial' , 'helvetica' , sans-serif;\">eau n\u00e9cessaire \u00e0 l'entretien courant des parties communes, y compris la station d'\u00e9puration<\/span><\/li><li><span style=\"font-family: 'arial' , 'helvetica' , sans-serif;\">eau n\u00e9cessaire \u00e0 l'entretien courant des espaces ext\u00e9rieurs,<\/span><\/li><li><span style=\"font-family: 'arial' , 'helvetica' , sans-serif;\">produits n\u00e9cessaires \u00e0 l'exploitation, \u00e0 l'entretien et au traitement de l'eau,<\/span><\/li><li><span style=\"font-family: 'arial' , 'helvetica' , sans-serif;\">fourniture d'\u00e9nergie quelle que soit sa nature,<\/span><\/li><li><span style=\"font-family: 'arial' , 'helvetica' , sans-serif;\">exploitation des compteurs g\u00e9n\u00e9raux et individuels et \u00e0 l'entretien des \u00e9purateurs de fum\u00e9e,<\/span><\/li><li><span style=\"font-family: 'arial' , 'helvetica' , sans-serif;\">r\u00e9paration des fuites sur joints.<\/span><\/li><\/ul><p><span style=\"font-family: 'arial' , 'helvetica' , sans-serif;\"><br \/><\/span><br \/><span style=\"font-family: 'arial' , 'helvetica' , sans-serif;\"><br \/><\/span><\/p><h2><span style=\"font-size: x-large;\"><span style=\"font-family: 'arial' , 'helvetica' , sans-serif;\">3. Installations individuelles<\/span><\/span><\/h2><p><span style=\"font-family: 'arial' , 'helvetica' , sans-serif;\">Concernant les installations individuelles, les d\u00e9penses restant \u00e0 la charge du locataire concernent notamment :<\/span><\/p><ul><li><span style=\"font-family: 'arial' , 'helvetica' , sans-serif;\">le chauffage et la production d'eau chaude,<\/span><\/li><li><span style=\"font-family: 'arial' , 'helvetica' , sans-serif;\">ainsi que la distribution d'eau dans les parties privatives (contr\u00f4le des raccordements, r\u00e9glage de d\u00e9bit et temp\u00e9ratures, d\u00e9pannage, remplacement des joints cloches des chasses d'eau).<\/span><\/li><\/ul><p><span style=\"font-family: 'arial' , 'helvetica' , sans-serif;\"><br \/><\/span><br \/><span style=\"font-family: 'arial' , 'helvetica' , sans-serif;\"><br \/><\/span><\/p><h2><span style=\"font-size: x-large;\"><span style=\"font-family: 'arial' , 'helvetica' , sans-serif;\">4. Parties communes int\u00e9rieures<\/span><\/span><\/h2><p><span style=\"font-family: 'arial' , 'helvetica' , sans-serif;\">Les d\u00e9penses restant \u00e0 la charge du locataire dans les parties communes de l'immeuble concernent notamment celles relatives :<\/span><\/p><ul><li><span style=\"font-family: 'arial' , 'helvetica' , sans-serif;\">\u00e0 l'\u00e9lectricit\u00e9,<\/span><\/li><li><span style=\"font-family: 'arial' , 'helvetica' , sans-serif;\">\u00e0 la fourniture de produits d'entretien (balais et sacs n\u00e9cessaires \u00e0 l'\u00e9limination des d\u00e9chets) et de produits de d\u00e9sinsectisation et d\u00e9sinfection,<\/span><\/li><li><span style=\"font-family: 'arial' , 'helvetica' , sans-serif;\">\u00e0 l'entretien de la minuterie, des tapis, de vide-ordures,<\/span><\/li><li><span style=\"font-family: 'arial' , 'helvetica' , sans-serif;\">\u00e0 la r\u00e9paration des appareils d'entretien de propret\u00e9 tels que l'aspirateur,<\/span><\/li><li><span style=\"font-family: 'arial' , 'helvetica' , sans-serif;\">aux frais de personnel d'entretien.<\/span><\/li><\/ul><p><span style=\"font-family: 'arial' , 'helvetica' , sans-serif;\"><br \/><\/span><br \/><span style=\"font-family: 'arial' , 'helvetica' , sans-serif;\"><br \/><\/span><\/p><h2><span style=\"font-size: x-large;\"><span style=\"font-family: 'arial' , 'helvetica' , sans-serif;\">5. Espaces ext\u00e9rieurs<\/span><\/span><\/h2><p><span style=\"font-family: 'arial' , 'helvetica' , sans-serif;\">Pour les espaces ext\u00e9rieurs, certaines d\u00e9penses sont \u00e0 la charge du locataire, notamment les d\u00e9penses d'exploitation et d'entretien des :<\/span><\/p><ul><li><span style=\"font-family: 'arial' , 'helvetica' , sans-serif;\">voies de circulation,<\/span><\/li><li><span style=\"font-family: 'arial' , 'helvetica' , sans-serif;\">aires de stationnement,<\/span><\/li><li><span style=\"font-family: 'arial' , 'helvetica' , sans-serif;\">abords des espaces verts<\/span><\/li><li><span style=\"font-family: 'arial' , 'helvetica' , sans-serif;\">\u00e9quipement de jeux pour enfants.<\/span><\/li><\/ul><p><span style=\"font-family: 'arial' , 'helvetica' , sans-serif;\"><br \/><\/span><br \/><span style=\"font-family: 'arial' , 'helvetica' , sans-serif;\"><br \/><\/span><\/p><h2><span style=\"font-size: x-large;\"><span style=\"font-family: 'arial' , 'helvetica' , sans-serif;\">6. Taxes et redevances<\/span><\/span><\/h2><p><span style=\"font-family: 'arial' , 'helvetica' , sans-serif;\">Les d\u00e9penses restant \u00e0 la charge du locataire concernent notamment :<\/span><\/p><ul><li><span style=\"font-family: 'arial' , 'helvetica' , sans-serif;\">la taxe ou redevance d'enl\u00e8vement des ordures m\u00e9nag\u00e8res,<\/span><\/li><li><span style=\"font-family: 'arial' , 'helvetica' , sans-serif;\">la taxe de balayage,<\/span><\/li><li><span style=\"font-family: 'arial' , 'helvetica' , sans-serif;\">la redevance assainissement.<\/span><\/li><\/ul><p><span style=\"font-family: 'arial' , 'helvetica' , sans-serif;\"><br \/><\/span><br \/><span style=\"font-family: 'arial' , 'helvetica' , sans-serif;\"><br \/><\/span><br \/><span style=\"color: #006fad;\"><strong><span style=\"font-family: 'arial' , 'helvetica' , sans-serif;\">Conclusion<\/span><\/strong><\/span><\/p><p><span style=\"font-family: 'arial' , 'helvetica' , sans-serif;\">Ces charges dont vous faites l'avance sont encadr\u00e9es par la loi. Elles sont une sources de litiges fr\u00e9quents entre propri\u00e9taires et locataires.<\/span><\/p><p><span style=\"font-family: 'arial' , 'helvetica' , sans-serif;\"><br \/><\/span><br \/><span style=\"font-family: 'arial' , 'helvetica' , sans-serif;\">Vous ne pourrez y inclure aucune d\u00e9pense non list\u00e9e par le d\u00e9cret telle que la taxe fonci\u00e8re ou dans le cas de copropri\u00e9t\u00e9 de travaux vot\u00e9s lors des assembl\u00e9es g\u00e9n\u00e9rales (ravalement de fa\u00e7ade, remplacement d'\u00e9quipement...) qui sont et restent \u00e0 la charge du propri\u00e9taire.<\/span><\/p><p><span style=\"font-family: 'arial' , 'helvetica' , sans-serif;\"><br \/><\/span><br \/><span style=\"font-family: 'arial' , 'helvetica' , sans-serif;\">Bonne location,<\/span><\/p><p><span style=\"font-family: 'arial' , 'helvetica' , sans-serif;\"><br \/><\/span><br \/><span style=\"font-family: 'arial' , 'helvetica' , sans-serif;\">A tr\u00e8s vite,<\/span><\/p><p><span style=\"font-family: 'arial' , 'helvetica' , sans-serif;\"><strong><span style=\"color: #006fad;\">Monsieur Hugo<\/span><\/strong>, votre assistant personnel en gestion locative<\/span><\/p><p><span style=\"font-family: 'arial' , 'helvetica' , sans-serif;\"><br \/><\/span><br \/><span style=\"font-family: 'arial' , 'helvetica' , sans-serif;\"><span style=\"font-family: 'arial' , 'helvetica' , sans-serif;\"><span style=\"font-size: large;\"><strong>Restons en conta<\/strong><span style=\"font-family: 'arial' , 'helvetica' , sans-serif;\"><strong>ct !<\/strong><\/span><\/span><\/span><\/span><\/p><p><span style=\"font-size: large;\"><strong><span style=\"font-family: 'arial' , 'helvetica' , sans-serif;\">Inscrive<span style=\"font-family: 'arial' , 'helvetica' , sans-serif;\">z-vous \u00e0 <span style=\"font-family: 'arial' , 'helvetica' , sans-serif;\">ma <span style=\"font-family: 'arial' , 'helvetica' , sans-serif;\">NEWSLETTER <\/span><\/span><\/span><\/span><\/strong><span style=\"font-family: 'arial' , 'helvetica' , sans-serif;\"><span style=\"font-family: 'arial' , 'helvetica' , sans-serif;\"><span style=\"font-family: 'arial' , 'helvetica' , sans-serif;\">pour <span style=\"font-family: 'arial' , 'helvetica' , sans-serif;\">recevoir<\/span> les dernie<span style=\"font-family: 'arial' , 'helvetica' , sans-serif;\">rs docu<span style=\"font-family: 'arial' , 'helvetica' , sans-serif;\">ments contractu<span style=\"font-family: 'arial' , 'helvetica' , sans-serif;\">els \u00e0 jour (bail, \u00e9tat des lieux, mod\u00e8les de lettres, acte de ca<span style=\"font-family: 'arial' , 'helvetica' , sans-serif;\">ution<\/span>...), je les mets \u00e0 jour r\u00e9guli\u00e8rement en fonction des \u00e9volution<span style=\"font-family: 'arial' , 'helvetica' , sans-serif;\">s r\u00e9glementaires.<\/span> <\/span><\/span><\/span><\/span><\/span><\/span><\/span><\/p><p><span style=\"font-family: 'arial' , 'helvetica' , sans-serif;\"><span style=\"font-family: 'arial' , 'helvetica' , sans-serif;\"><span style=\"font-size: large;\"><span style=\"font-family: 'arial' , 'helvetica' , sans-serif;\"><strong>Retrouvez-moi sur<\/strong> <a href=\"https:\/\/www.facebook.com\/assistantmonsieurhugo\" target=\"_blank\" rel=\"noopener noreferrer\"><span style=\"color: blue;\"><u>Facebook<\/u><\/span><\/a><\/span><u> <\/u><\/span><\/span>\u00a0<\/span><\/p><p><span style=\"font-family: 'arial' , 'helvetica' , sans-serif;\">Je vous sugg\u00e8re aussi :<\/span><\/p><p><span style=\"font-family: 'arial' , 'helvetica' , sans-serif;\">> <a href=\"http:\/\/www.monsieurhugo.com\/blog\/2018\/02\/les-charges-locatives-et-moi.html\" target=\"_blank\" rel=\"noopener noreferrer\"><span style=\"color: blue;\"><u>En savoir plus sur les charges locatives<\/u><\/span><\/a><\/span><\/p><p><span style=\"font-family: 'arial' , 'helvetica' , sans-serif;\">> <a href=\"http:\/\/www.monsieurhugo.com\/blog\/2018\/01\/guide-de-la-gestion-locative-monsieur-hugo.html\" target=\"_blank\" rel=\"noopener noreferrer\"><span style=\"color: blue;\"><u>Ce que vous devez savoir pour g\u00e9rer seul votre bien<\/u><\/span><\/a><\/span><\/p>","_et_gb_content_width":"","footnotes":""},"categories":[55],"tags":[],"class_list":["post-352166","post","type-post","status-publish","format-standard","has-post-thumbnail","hentry","category-charges-locatives"],"acf":[],"yoast_head":"<!-- This site is optimized with the Yoast SEO plugin v27.5 - https:\/\/yoast.com\/product\/yoast-seo-wordpress\/ -->\n<title>Quelles sont les charges r\u00e9cup\u00e9rables aupr\u00e8s du locataire ? - Monsieur Hugo<\/title>\n<meta name=\"robots\" content=\"index, follow, max-snippet:-1, max-image-preview:large, max-video-preview:-1\" \/>\n<link rel=\"canonical\" href=\"https:\/\/www.monsieurhugo.com\/blog\/2018\/04\/03\/quelles-sont-les-charges-recuperables\/\" \/>\n<meta property=\"og:locale\" content=\"fr_FR\" \/>\n<meta property=\"og:type\" content=\"article\" \/>\n<meta property=\"og:title\" content=\"Quelles sont les charges r\u00e9cup\u00e9rables aupr\u00e8s du locataire ? - Monsieur Hugo\" \/>\n<meta property=\"og:description\" content=\"Dans une location, vous pouvez en tant que propri\u00e9taire, avancer des frais pour certaines charges et vous les faire rembourser par le locataire. C&#039;est ce qu&#039;on appelle les charges locatives ou charges r\u00e9cup\u00e9rables. Elles viennent s&#039;ajouter au loyer qui lui ne couvre que le droit de jouissance du bien. Ces d\u00e9penses doivent \u00eatre obligatoirement relatives [&hellip;]\" \/>\n<meta property=\"og:url\" content=\"https:\/\/www.monsieurhugo.com\/blog\/2018\/04\/03\/quelles-sont-les-charges-recuperables\/\" \/>\n<meta property=\"og:site_name\" content=\"Monsieur Hugo\" \/>\n<meta property=\"article:publisher\" content=\"https:\/\/www.facebook.com\/assistantmonsieurhugo\/\" \/>\n<meta property=\"article:published_time\" content=\"2018-04-03T07:30:00+00:00\" \/>\n<meta property=\"article:modified_time\" content=\"2026-01-20T14:43:10+00:00\" \/>\n<meta property=\"og:image\" content=\"https:\/\/www.monsieurhugo.com\/blog\/wp-content\/uploads\/2018\/04\/charges-recup\u00e9rables.jpg\" \/>\n\t<meta property=\"og:image:width\" content=\"580\" \/>\n\t<meta property=\"og:image:height\" content=\"387\" \/>\n\t<meta property=\"og:image:type\" content=\"image\/jpeg\" \/>\n<meta name=\"author\" content=\"Bruno Cantegrel\" \/>\n<meta name=\"twitter:card\" content=\"summary_large_image\" \/>\n<meta name=\"twitter:creator\" content=\"@monsieurhugo_\" \/>\n<meta name=\"twitter:site\" content=\"@monsieurhugo_\" \/>\n<meta name=\"twitter:label1\" content=\"\u00c9crit par\" \/>\n\t<meta name=\"twitter:data1\" content=\"Bruno Cantegrel\" \/>\n\t<meta name=\"twitter:label2\" content=\"Dur\u00e9e de lecture estim\u00e9e\" \/>\n\t<meta name=\"twitter:data2\" content=\"4 minutes\" \/>\n<script type=\"application\/ld+json\" class=\"yoast-schema-graph\">{\"@context\":\"https:\\\/\\\/schema.org\",\"@graph\":[{\"@type\":\"Article\",\"@id\":\"https:\\\/\\\/www.monsieurhugo.com\\\/blog\\\/2018\\\/04\\\/03\\\/quelles-sont-les-charges-recuperables\\\/#article\",\"isPartOf\":{\"@id\":\"https:\\\/\\\/www.monsieurhugo.com\\\/blog\\\/2018\\\/04\\\/03\\\/quelles-sont-les-charges-recuperables\\\/\"},\"author\":{\"name\":\"Bruno Cantegrel\",\"@id\":\"https:\\\/\\\/www.monsieurhugo.com\\\/blog\\\/#\\\/schema\\\/person\\\/c46c67fabd9bedfa0ce7d1f4142116c3\"},\"headline\":\"Quelles sont les charges r\u00e9cup\u00e9rables aupr\u00e8s du locataire ?\",\"datePublished\":\"2018-04-03T07:30:00+00:00\",\"dateModified\":\"2026-01-20T14:43:10+00:00\",\"mainEntityOfPage\":{\"@id\":\"https:\\\/\\\/www.monsieurhugo.com\\\/blog\\\/2018\\\/04\\\/03\\\/quelles-sont-les-charges-recuperables\\\/\"},\"wordCount\":795,\"publisher\":{\"@id\":\"https:\\\/\\\/www.monsieurhugo.com\\\/blog\\\/#organization\"},\"image\":{\"@id\":\"https:\\\/\\\/www.monsieurhugo.com\\\/blog\\\/2018\\\/04\\\/03\\\/quelles-sont-les-charges-recuperables\\\/#primaryimage\"},\"thumbnailUrl\":\"https:\\\/\\\/www.monsieurhugo.com\\\/blog\\\/wp-content\\\/uploads\\\/2018\\\/04\\\/charges-recup\u00e9rables.jpg\",\"articleSection\":[\"Charges locatives\"],\"inLanguage\":\"fr-FR\"},{\"@type\":\"WebPage\",\"@id\":\"https:\\\/\\\/www.monsieurhugo.com\\\/blog\\\/2018\\\/04\\\/03\\\/quelles-sont-les-charges-recuperables\\\/\",\"url\":\"https:\\\/\\\/www.monsieurhugo.com\\\/blog\\\/2018\\\/04\\\/03\\\/quelles-sont-les-charges-recuperables\\\/\",\"name\":\"Quelles sont les charges r\u00e9cup\u00e9rables aupr\u00e8s du locataire ? - Monsieur Hugo\",\"isPartOf\":{\"@id\":\"https:\\\/\\\/www.monsieurhugo.com\\\/blog\\\/#website\"},\"primaryImageOfPage\":{\"@id\":\"https:\\\/\\\/www.monsieurhugo.com\\\/blog\\\/2018\\\/04\\\/03\\\/quelles-sont-les-charges-recuperables\\\/#primaryimage\"},\"image\":{\"@id\":\"https:\\\/\\\/www.monsieurhugo.com\\\/blog\\\/2018\\\/04\\\/03\\\/quelles-sont-les-charges-recuperables\\\/#primaryimage\"},\"thumbnailUrl\":\"https:\\\/\\\/www.monsieurhugo.com\\\/blog\\\/wp-content\\\/uploads\\\/2018\\\/04\\\/charges-recup\u00e9rables.jpg\",\"datePublished\":\"2018-04-03T07:30:00+00:00\",\"dateModified\":\"2026-01-20T14:43:10+00:00\",\"breadcrumb\":{\"@id\":\"https:\\\/\\\/www.monsieurhugo.com\\\/blog\\\/2018\\\/04\\\/03\\\/quelles-sont-les-charges-recuperables\\\/#breadcrumb\"},\"inLanguage\":\"fr-FR\",\"potentialAction\":[{\"@type\":\"ReadAction\",\"target\":[\"https:\\\/\\\/www.monsieurhugo.com\\\/blog\\\/2018\\\/04\\\/03\\\/quelles-sont-les-charges-recuperables\\\/\"]}]},{\"@type\":\"ImageObject\",\"inLanguage\":\"fr-FR\",\"@id\":\"https:\\\/\\\/www.monsieurhugo.com\\\/blog\\\/2018\\\/04\\\/03\\\/quelles-sont-les-charges-recuperables\\\/#primaryimage\",\"url\":\"https:\\\/\\\/www.monsieurhugo.com\\\/blog\\\/wp-content\\\/uploads\\\/2018\\\/04\\\/charges-recup\u00e9rables.jpg\",\"contentUrl\":\"https:\\\/\\\/www.monsieurhugo.com\\\/blog\\\/wp-content\\\/uploads\\\/2018\\\/04\\\/charges-recup\u00e9rables.jpg\",\"width\":580,\"height\":387},{\"@type\":\"BreadcrumbList\",\"@id\":\"https:\\\/\\\/www.monsieurhugo.com\\\/blog\\\/2018\\\/04\\\/03\\\/quelles-sont-les-charges-recuperables\\\/#breadcrumb\",\"itemListElement\":[{\"@type\":\"ListItem\",\"position\":1,\"name\":\"Logiciel Gestion Locative En Ligne\",\"item\":\"https:\\\/\\\/www.monsieurhugo.com\\\/blog\\\/\"},{\"@type\":\"ListItem\",\"position\":2,\"name\":\"Gestion locative\",\"item\":\"https:\\\/\\\/www.monsieurhugo.com\\\/blog\\\/category\\\/gestion-locative\\\/\"},{\"@type\":\"ListItem\",\"position\":3,\"name\":\"Charges locatives\",\"item\":\"https:\\\/\\\/www.monsieurhugo.com\\\/blog\\\/category\\\/gestion-locative\\\/charges-locatives\\\/\"},{\"@type\":\"ListItem\",\"position\":4,\"name\":\"Quelles sont les charges r\u00e9cup\u00e9rables aupr\u00e8s du locataire ?\"}]},{\"@type\":\"WebSite\",\"@id\":\"https:\\\/\\\/www.monsieurhugo.com\\\/blog\\\/#website\",\"url\":\"https:\\\/\\\/www.monsieurhugo.com\\\/blog\\\/\",\"name\":\"Monsieur Hugo\",\"description\":\"Votre logiciel de gestion locative\",\"publisher\":{\"@id\":\"https:\\\/\\\/www.monsieurhugo.com\\\/blog\\\/#organization\"},\"potentialAction\":[{\"@type\":\"SearchAction\",\"target\":{\"@type\":\"EntryPoint\",\"urlTemplate\":\"https:\\\/\\\/www.monsieurhugo.com\\\/blog\\\/?s={search_term_string}\"},\"query-input\":{\"@type\":\"PropertyValueSpecification\",\"valueRequired\":true,\"valueName\":\"search_term_string\"}}],\"inLanguage\":\"fr-FR\"},{\"@type\":\"Organization\",\"@id\":\"https:\\\/\\\/www.monsieurhugo.com\\\/blog\\\/#organization\",\"name\":\"Monsieur Hugo\",\"url\":\"https:\\\/\\\/www.monsieurhugo.com\\\/blog\\\/\",\"logo\":{\"@type\":\"ImageObject\",\"inLanguage\":\"fr-FR\",\"@id\":\"https:\\\/\\\/www.monsieurhugo.com\\\/blog\\\/#\\\/schema\\\/logo\\\/image\\\/\",\"url\":\"https:\\\/\\\/www.monsieurhugo.com\\\/blog\\\/wp-content\\\/uploads\\\/2020\\\/06\\\/Logotype-final-v2.png\",\"contentUrl\":\"https:\\\/\\\/www.monsieurhugo.com\\\/blog\\\/wp-content\\\/uploads\\\/2020\\\/06\\\/Logotype-final-v2.png\",\"width\":898,\"height\":234,\"caption\":\"Monsieur Hugo\"},\"image\":{\"@id\":\"https:\\\/\\\/www.monsieurhugo.com\\\/blog\\\/#\\\/schema\\\/logo\\\/image\\\/\"},\"sameAs\":[\"https:\\\/\\\/www.facebook.com\\\/assistantmonsieurhugo\\\/\",\"https:\\\/\\\/x.com\\\/monsieurhugo_\",\"https:\\\/\\\/www.linkedin.com\\\/company\\\/18421005\\\/\"]},{\"@type\":\"Person\",\"@id\":\"https:\\\/\\\/www.monsieurhugo.com\\\/blog\\\/#\\\/schema\\\/person\\\/c46c67fabd9bedfa0ce7d1f4142116c3\",\"name\":\"Bruno Cantegrel\",\"image\":{\"@type\":\"ImageObject\",\"inLanguage\":\"fr-FR\",\"@id\":\"https:\\\/\\\/secure.gravatar.com\\\/avatar\\\/627f29f4ef165adeb61765fbeaf70336b3653293cbe1ba89fccd189379833b3a?s=96&d=mm&r=g\",\"url\":\"https:\\\/\\\/secure.gravatar.com\\\/avatar\\\/627f29f4ef165adeb61765fbeaf70336b3653293cbe1ba89fccd189379833b3a?s=96&d=mm&r=g\",\"contentUrl\":\"https:\\\/\\\/secure.gravatar.com\\\/avatar\\\/627f29f4ef165adeb61765fbeaf70336b3653293cbe1ba89fccd189379833b3a?s=96&d=mm&r=g\",\"caption\":\"Bruno Cantegrel\"},\"description\":\"Fondateur de Monsieur Hugo, dipl\u00f4m\u00e9 d'un MBA \u00e0 l'EDHEC et professeur \u00e0 HEC Paris. Expert en investissement locatif avec plus de 20 ans d'exp\u00e9rience, il est l'auteur de l'ouvrage 'Trouver un locataire pour son logement' aux \u00e9ditions Studyrama\",\"sameAs\":[\"https:\\\/\\\/www.monsieurhugo.com\\\/blog\\\/a-propos\\\/\",\"https:\\\/\\\/www.linkedin.com\\\/in\\\/bruno-bruno-4336096\\\/\"],\"alumniOf\":[{\"@type\":\"Organization\",\"name\":\"EDHEC Business School\"},{\"@type\":\"Organization\",\"name\":\"HEC Paris\"}],\"knowsAbout\":[\"Gestion locative\",\"Investissement immobilier\",\"Droit immobilier\",\"Proptech\"]}]}<\/script>\n<!-- \/ Yoast SEO plugin. -->","yoast_head_json":{"title":"Quelles sont les charges r\u00e9cup\u00e9rables aupr\u00e8s du locataire ? - Monsieur Hugo","robots":{"index":"index","follow":"follow","max-snippet":"max-snippet:-1","max-image-preview":"max-image-preview:large","max-video-preview":"max-video-preview:-1"},"canonical":"https:\/\/www.monsieurhugo.com\/blog\/2018\/04\/03\/quelles-sont-les-charges-recuperables\/","og_locale":"fr_FR","og_type":"article","og_title":"Quelles sont les charges r\u00e9cup\u00e9rables aupr\u00e8s du locataire ? - Monsieur Hugo","og_description":"Dans une location, vous pouvez en tant que propri\u00e9taire, avancer des frais pour certaines charges et vous les faire rembourser par le locataire. C'est ce qu'on appelle les charges locatives ou charges r\u00e9cup\u00e9rables. Elles viennent s'ajouter au loyer qui lui ne couvre que le droit de jouissance du bien. Ces d\u00e9penses doivent \u00eatre obligatoirement relatives [&hellip;]","og_url":"https:\/\/www.monsieurhugo.com\/blog\/2018\/04\/03\/quelles-sont-les-charges-recuperables\/","og_site_name":"Monsieur Hugo","article_publisher":"https:\/\/www.facebook.com\/assistantmonsieurhugo\/","article_published_time":"2018-04-03T07:30:00+00:00","article_modified_time":"2026-01-20T14:43:10+00:00","og_image":[{"width":580,"height":387,"url":"https:\/\/www.monsieurhugo.com\/blog\/wp-content\/uploads\/2018\/04\/charges-recup\u00e9rables.jpg","type":"image\/jpeg"}],"author":"Bruno Cantegrel","twitter_card":"summary_large_image","twitter_creator":"@monsieurhugo_","twitter_site":"@monsieurhugo_","twitter_misc":{"\u00c9crit par":"Bruno Cantegrel","Dur\u00e9e de lecture estim\u00e9e":"4 minutes"},"schema":{"@context":"https:\/\/schema.org","@graph":[{"@type":"Article","@id":"https:\/\/www.monsieurhugo.com\/blog\/2018\/04\/03\/quelles-sont-les-charges-recuperables\/#article","isPartOf":{"@id":"https:\/\/www.monsieurhugo.com\/blog\/2018\/04\/03\/quelles-sont-les-charges-recuperables\/"},"author":{"name":"Bruno Cantegrel","@id":"https:\/\/www.monsieurhugo.com\/blog\/#\/schema\/person\/c46c67fabd9bedfa0ce7d1f4142116c3"},"headline":"Quelles sont les charges r\u00e9cup\u00e9rables aupr\u00e8s du locataire ?","datePublished":"2018-04-03T07:30:00+00:00","dateModified":"2026-01-20T14:43:10+00:00","mainEntityOfPage":{"@id":"https:\/\/www.monsieurhugo.com\/blog\/2018\/04\/03\/quelles-sont-les-charges-recuperables\/"},"wordCount":795,"publisher":{"@id":"https:\/\/www.monsieurhugo.com\/blog\/#organization"},"image":{"@id":"https:\/\/www.monsieurhugo.com\/blog\/2018\/04\/03\/quelles-sont-les-charges-recuperables\/#primaryimage"},"thumbnailUrl":"https:\/\/www.monsieurhugo.com\/blog\/wp-content\/uploads\/2018\/04\/charges-recup\u00e9rables.jpg","articleSection":["Charges locatives"],"inLanguage":"fr-FR"},{"@type":"WebPage","@id":"https:\/\/www.monsieurhugo.com\/blog\/2018\/04\/03\/quelles-sont-les-charges-recuperables\/","url":"https:\/\/www.monsieurhugo.com\/blog\/2018\/04\/03\/quelles-sont-les-charges-recuperables\/","name":"Quelles sont les charges r\u00e9cup\u00e9rables aupr\u00e8s du locataire ? - Monsieur Hugo","isPartOf":{"@id":"https:\/\/www.monsieurhugo.com\/blog\/#website"},"primaryImageOfPage":{"@id":"https:\/\/www.monsieurhugo.com\/blog\/2018\/04\/03\/quelles-sont-les-charges-recuperables\/#primaryimage"},"image":{"@id":"https:\/\/www.monsieurhugo.com\/blog\/2018\/04\/03\/quelles-sont-les-charges-recuperables\/#primaryimage"},"thumbnailUrl":"https:\/\/www.monsieurhugo.com\/blog\/wp-content\/uploads\/2018\/04\/charges-recup\u00e9rables.jpg","datePublished":"2018-04-03T07:30:00+00:00","dateModified":"2026-01-20T14:43:10+00:00","breadcrumb":{"@id":"https:\/\/www.monsieurhugo.com\/blog\/2018\/04\/03\/quelles-sont-les-charges-recuperables\/#breadcrumb"},"inLanguage":"fr-FR","potentialAction":[{"@type":"ReadAction","target":["https:\/\/www.monsieurhugo.com\/blog\/2018\/04\/03\/quelles-sont-les-charges-recuperables\/"]}]},{"@type":"ImageObject","inLanguage":"fr-FR","@id":"https:\/\/www.monsieurhugo.com\/blog\/2018\/04\/03\/quelles-sont-les-charges-recuperables\/#primaryimage","url":"https:\/\/www.monsieurhugo.com\/blog\/wp-content\/uploads\/2018\/04\/charges-recup\u00e9rables.jpg","contentUrl":"https:\/\/www.monsieurhugo.com\/blog\/wp-content\/uploads\/2018\/04\/charges-recup\u00e9rables.jpg","width":580,"height":387},{"@type":"BreadcrumbList","@id":"https:\/\/www.monsieurhugo.com\/blog\/2018\/04\/03\/quelles-sont-les-charges-recuperables\/#breadcrumb","itemListElement":[{"@type":"ListItem","position":1,"name":"Logiciel Gestion Locative En Ligne","item":"https:\/\/www.monsieurhugo.com\/blog\/"},{"@type":"ListItem","position":2,"name":"Gestion locative","item":"https:\/\/www.monsieurhugo.com\/blog\/category\/gestion-locative\/"},{"@type":"ListItem","position":3,"name":"Charges locatives","item":"https:\/\/www.monsieurhugo.com\/blog\/category\/gestion-locative\/charges-locatives\/"},{"@type":"ListItem","position":4,"name":"Quelles sont les charges r\u00e9cup\u00e9rables aupr\u00e8s du locataire ?"}]},{"@type":"WebSite","@id":"https:\/\/www.monsieurhugo.com\/blog\/#website","url":"https:\/\/www.monsieurhugo.com\/blog\/","name":"Monsieur Hugo","description":"Votre logiciel de gestion locative","publisher":{"@id":"https:\/\/www.monsieurhugo.com\/blog\/#organization"},"potentialAction":[{"@type":"SearchAction","target":{"@type":"EntryPoint","urlTemplate":"https:\/\/www.monsieurhugo.com\/blog\/?s={search_term_string}"},"query-input":{"@type":"PropertyValueSpecification","valueRequired":true,"valueName":"search_term_string"}}],"inLanguage":"fr-FR"},{"@type":"Organization","@id":"https:\/\/www.monsieurhugo.com\/blog\/#organization","name":"Monsieur Hugo","url":"https:\/\/www.monsieurhugo.com\/blog\/","logo":{"@type":"ImageObject","inLanguage":"fr-FR","@id":"https:\/\/www.monsieurhugo.com\/blog\/#\/schema\/logo\/image\/","url":"https:\/\/www.monsieurhugo.com\/blog\/wp-content\/uploads\/2020\/06\/Logotype-final-v2.png","contentUrl":"https:\/\/www.monsieurhugo.com\/blog\/wp-content\/uploads\/2020\/06\/Logotype-final-v2.png","width":898,"height":234,"caption":"Monsieur Hugo"},"image":{"@id":"https:\/\/www.monsieurhugo.com\/blog\/#\/schema\/logo\/image\/"},"sameAs":["https:\/\/www.facebook.com\/assistantmonsieurhugo\/","https:\/\/x.com\/monsieurhugo_","https:\/\/www.linkedin.com\/company\/18421005\/"]},{"@type":"Person","@id":"https:\/\/www.monsieurhugo.com\/blog\/#\/schema\/person\/c46c67fabd9bedfa0ce7d1f4142116c3","name":"Bruno Cantegrel","image":{"@type":"ImageObject","inLanguage":"fr-FR","@id":"https:\/\/secure.gravatar.com\/avatar\/627f29f4ef165adeb61765fbeaf70336b3653293cbe1ba89fccd189379833b3a?s=96&d=mm&r=g","url":"https:\/\/secure.gravatar.com\/avatar\/627f29f4ef165adeb61765fbeaf70336b3653293cbe1ba89fccd189379833b3a?s=96&d=mm&r=g","contentUrl":"https:\/\/secure.gravatar.com\/avatar\/627f29f4ef165adeb61765fbeaf70336b3653293cbe1ba89fccd189379833b3a?s=96&d=mm&r=g","caption":"Bruno Cantegrel"},"description":"Fondateur de Monsieur Hugo, dipl\u00f4m\u00e9 d'un MBA \u00e0 l'EDHEC et professeur \u00e0 HEC Paris. Expert en investissement locatif avec plus de 20 ans d'exp\u00e9rience, il est l'auteur de l'ouvrage 'Trouver un locataire pour son logement' aux \u00e9ditions Studyrama","sameAs":["https:\/\/www.monsieurhugo.com\/blog\/a-propos\/","https:\/\/www.linkedin.com\/in\/bruno-bruno-4336096\/"],"alumniOf":[{"@type":"Organization","name":"EDHEC Business School"},{"@type":"Organization","name":"HEC Paris"}],"knowsAbout":["Gestion locative","Investissement immobilier","Droit immobilier","Proptech"]}]}},"_links":{"self":[{"href":"https:\/\/www.monsieurhugo.com\/blog\/wp-json\/wp\/v2\/posts\/352166","targetHints":{"allow":["GET"]}}],"collection":[{"href":"https:\/\/www.monsieurhugo.com\/blog\/wp-json\/wp\/v2\/posts"}],"about":[{"href":"https:\/\/www.monsieurhugo.com\/blog\/wp-json\/wp\/v2\/types\/post"}],"author":[{"embeddable":true,"href":"https:\/\/www.monsieurhugo.com\/blog\/wp-json\/wp\/v2\/users\/1"}],"replies":[{"embeddable":true,"href":"https:\/\/www.monsieurhugo.com\/blog\/wp-json\/wp\/v2\/comments?post=352166"}],"version-history":[{"count":1,"href":"https:\/\/www.monsieurhugo.com\/blog\/wp-json\/wp\/v2\/posts\/352166\/revisions"}],"predecessor-version":[{"id":355938,"href":"https:\/\/www.monsieurhugo.com\/blog\/wp-json\/wp\/v2\/posts\/352166\/revisions\/355938"}],"wp:featuredmedia":[{"embeddable":true,"href":"https:\/\/www.monsieurhugo.com\/blog\/wp-json\/wp\/v2\/media\/353168"}],"wp:attachment":[{"href":"https:\/\/www.monsieurhugo.com\/blog\/wp-json\/wp\/v2\/media?parent=352166"}],"wp:term":[{"taxonomy":"category","embeddable":true,"href":"https:\/\/www.monsieurhugo.com\/blog\/wp-json\/wp\/v2\/categories?post=352166"},{"taxonomy":"post_tag","embeddable":true,"href":"https:\/\/www.monsieurhugo.com\/blog\/wp-json\/wp\/v2\/tags?post=352166"}],"curies":[{"name":"wp","href":"https:\/\/api.w.org\/{rel}","templated":true}]}}