{"id":352147,"date":"2018-09-25T09:00:00","date_gmt":"2018-09-25T07:00:00","guid":{"rendered":""},"modified":"2026-01-20T15:43:08","modified_gmt":"2026-01-20T14:43:08","slug":"les-6-principaux-litiges-lies-au-bail","status":"publish","type":"post","link":"https:\/\/www.monsieurhugo.com\/blog\/2018\/09\/25\/les-6-principaux-litiges-lies-au-bail\/","title":{"rendered":"Les 6 principaux litiges li\u00e9s au bail. Quelles sont les proc\u00e9dures \u00e0 suivre ?"},"content":{"rendered":"<p>[et_pb_section fb_built=\u00a0\u00bb1&Prime; _builder_version=\u00a0\u00bb3.22&Prime;][et_pb_row _builder_version=\u00a0\u00bb3.25&Prime; background_size=\u00a0\u00bbinitial\u00a0\u00bb background_position=\u00a0\u00bbtop_left\u00a0\u00bb background_repeat=\u00a0\u00bbrepeat\u00a0\u00bb][et_pb_column type=\u00a0\u00bb4_4&Prime; _builder_version=\u00a0\u00bb3.25&Prime; custom_padding=\u00a0\u00bb|||\u00a0\u00bb custom_padding__hover=\u00a0\u00bb|||\u00a0\u00bb][et_pb_text _builder_version=\u00a0\u00bb4.4.9&Prime; background_size=\u00a0\u00bbinitial\u00a0\u00bb background_position=\u00a0\u00bbtop_left\u00a0\u00bb background_repeat=\u00a0\u00bbrepeat\u00a0\u00bb hover_enabled=\u00a0\u00bb0&Prime; text_font_size=\u00a0\u00bb19px\u00a0\u00bb ol_font_size=\u00a0\u00bb19px\u00a0\u00bb ul_font_size=\u00a0\u00bb19px\u00a0\u00bb]<\/p>\n<p>Mon propri\u00e9taire a augment\u00e9 le loyer ce mois-ci ! Mon locataire a encore du retard dans le paiement du loyer ! Mon propri\u00e9taire ne m&rsquo;a pas rendu ma caution ! Mon locataire ne m&rsquo;a pas rendu les cl\u00e9s du logement ! Mon propri\u00e9taire n&rsquo;a pas r\u00e9par\u00e9 la chaudi\u00e8re ! Mon locataire n&rsquo;a pas entretenu le logement ! Mon propri\u00e9taire&#8230;! Mon locataire&#8230;!<\/p>\n<p>Je pourrais allonger encore et encore la liste tant les litiges entre les propri\u00e9taires et les locataires sont fr\u00e9quents et ce malgr\u00e9 les diff\u00e9rentes lois, notamment Alur dont le but est entre autres d\u2019am\u00e9liorer les relations entre les 2 parties.<br \/> Chaque ann\u00e9e, la Conf\u00e9d\u00e9ration g\u00e9n\u00e9rale du logement (CGL), principales organisations de locataires, recense les plaintes qui lui sont adress\u00e9es.<\/p>\n<p>Je vous ai list\u00e9 ci-dessous les <span style=\"font-family: 'arial' , 'helvetica' , sans-serif;\">6<\/span> principaux litiges li\u00e9s au bail d&rsquo;habitation.<\/p>\n<ol>\n<li>L&rsquo;augmentation du loyer<\/li>\n<li>Le non paiement du loyer<\/li>\n<li>L&rsquo;\u00e9tat des lieux<\/li>\n<li>Le d\u00e9p\u00f4t de garantie<\/li>\n<li>Les charges et r\u00e9parations locatives<\/li>\n<li>Les troubles de jouissance \/ litiges autour de la notion de logement d\u00e9cent<\/li>\n<\/ol>\n<p>Il est \u00e0 noter que <strong>la r\u00e9solution \u00e0 l\u2019amiable est toujours \u00e0 privil\u00e9gier<\/strong>. Mais \u00e0 d\u00e9faut, des proc\u00e9dures juridiques doivent \u00eatre mises en place en respectant des d\u00e9lais pour les engager.<\/p>\n<h2>1. L&rsquo;augmentation du loyer<\/h2>\n<h3>1.1 Que dit la loi ?<\/h3>\n<p>Une fois le bail conclu, <strong>un propri\u00e9taire ne peut pas majorer le loyer \u00e0 sa guise<\/strong>. Que ce soit en cours de bail que lors de son renouvellement.<\/p>\n<p>La seule possibilit\u00e9 qui vous est donn\u00e9e par la loi est de r\u00e9\u00e9valuer le montant du loyer \u00e0 raison d\u2019<strong>une fois par an si une clause de r\u00e9vision a \u00e9t\u00e9 incluse au contrat de location<\/strong>. Vous devrez pour cela suivre l\u2019Indice de r\u00e9f\u00e9rence des loyers (IRL), que publie chaque trimestre l\u2019INSEE, qui sert de base pour la r\u00e9vision des loyers.<\/p>\n<p>Pensez bien \u00e0 mentionner cette clause de r\u00e9vision dans votre bail car en son absence, vous vous trouverez dans l\u2019impossibilit\u00e9 d\u2019augmenter le loyer pendant toute la dur\u00e9e du bail.<\/p>\n<p><span style=\"font-family: 'arial' , 'helvetica' , sans-serif;\">Pour en savoir plus sur le bail et les clauses \u00e0 y faire figurer, je vous sugg\u00e8re cet article \u00ab\u00a0<\/span><span style=\"background-color: white; letter-spacing: -0.4px;\"><span style=\"font-family: 'arial' , 'helvetica' , sans-serif;\"><a href=\"https:\/\/www.monsieurhugo.com\/blog\/2018\/01\/bail-de-location-loi-alur-modele-gratuit-telecharger.html\" target=\"_blank\" rel=\"noopener noreferrer\"><span style=\"color: blue;\"><u>Comment bien r\u00e9diger votre bail de location sans vous tromper ? (word \u00e0 t\u00e9l\u00e9charger gratuitement<\/u><\/span><\/a>)\u00a0\u00bb.<\/span><\/span><\/p>\n<p>Le bail type Alur indique d&rsquo;ailleurs qu\u2019outre le montant et le mode de paiement du loyer, \u201cles modalit\u00e9s de r\u00e9vision (date de r\u00e9vision ou trimestre de r\u00e9f\u00e9rence de l&rsquo;IRL) du loyer doivent \u00e9galement \u00eatre pr\u00e9cis\u00e9es\u201d.<\/p>\n<p>Cette r\u00e9\u00e9valuation peut alors s\u2019effectuer <strong>\u00e0 la date mentionn\u00e9e<\/strong> dans le contrat de bail ou, \u00e0 d\u00e9faut, <strong>\u00e0 la date anniversaire du bail.<\/strong><\/p>\n<p><span style=\"font-family: 'arial' , 'helvetica' , sans-serif; font-size: large;\">Sachez par ailleurs que dans le bail r\u00e9glementaire, il n\u2019y a :<\/span><\/p>\n<ul>\n<li><span style=\"font-size: large;\">plus de d\u00e9lai de prescription : un propri\u00e9taire ne r\u00e9alisant pas l\u2019indexation chaque ann\u00e9e en perd le b\u00e9n\u00e9fice (prescription de 5 ans auparavant), <\/span><\/li>\n<li><span style=\"font-size: large;\">pas de rattrapage r\u00e9troactif : le nouveau loyer ne s&rsquo;applique que pour l&rsquo;avenir.<\/span><\/li>\n<\/ul>\n<p>Vous devrez d\u2019ailleurs respecter une proc\u00e9dure pr\u00e9cise pour signifier l\u2019augmentation du loyer sous peine de tacite reconduction du bail dans les conditions initialement pr\u00e9vues :<\/p>\n<ul>\n<li><span style=\"font-size: large;\">la demande d\u2019augmentation de loyer doit parvenir au locataire par lettre recommand\u00e9 avec AR, <\/span><\/li>\n<li><span style=\"font-size: large;\">la date \u00e0 retenir est celle de la r\u00e9ception de la lettre, <\/span><\/li>\n<li><span style=\"font-size: large;\">l\u2019avis doit mentionner le montant du loyer propos\u00e9 correspondant \u00e0 l&rsquo;indice de r\u00e9f\u00e9rence des loyers \u00e9tabli par l&rsquo;INSEE.<\/span><\/li>\n<\/ul>\n<h2>1.2 Quelle est la proc\u00e9dure \u00e0 suivre par le locataire en cas de litiges sur l\u2019augmentation du loyer ?<span style=\"font-size: large;\"><br \/> <\/span><\/h2>\n<p>L\u2019augmentation de loyer en cours de contrat est r\u00e9gi par la loi du 6 juillet 1989 modifi\u00e9e par la \u00ab loi ALUR \u00bb du 24 mars 2014.<\/p>\n<p>Le locataire a 3 ans pour agir pour demander le remboursement de loyers injustement vers\u00e9s.<br \/> Il lui est conseill\u00e9 de vous adresser par recommand\u00e9 une <strong>mise en cause<\/strong> en vous exposant les requ\u00eates<\/p>\n<p>Sans r\u00e9ponse de votre part sous 8 jours, <strong>une mise en demeure<\/strong> vous sera adress\u00e9e par le locataire. Elle doit \u00eatre juridiquement motiv\u00e9e et accompagn\u00e9e d&rsquo;une d\u00e9claration au greffe du Tribunal. Elle constitue un avertissement.<\/p>\n<p>Enfin si le litige persiste, le locataire devra saisir le <strong>tribunal d\u2019instance<\/strong> du lieu o\u00f9 se trouve le logement.<\/p>\n<p>Le tribunal statuera alors sur la suite \u00e0 donner au dossier.<\/p>\n<h2>2. Le non paiement du loyer par le locataire<\/h2>\n<h3>2.1 Que dit la loi ?<\/h3>\n<p>Il s\u2019agit l\u00e0 d\u2019une des premi\u00e8res <strong>obligations<\/strong> du locataire.<\/p>\n<p>L\u2019article 7 de la loi du 6 juillet 1989 pr\u00e9voit que \u201c<u>Le locataire est oblig\u00e9 de payer le loyer et les charges r\u00e9cup\u00e9rables aux termes convenus sur le contrat de bail<\/u>\u201d.<\/p>\n<p>En cas d&rsquo;inex\u00e9cution, vous pourrez entamer une <strong>proc\u00e9dure de recouvrement des loyers.<\/strong><\/p>\n<h3>2.2 Quelle est la proc\u00e9dure \u00e0 suivre pour le propri\u00e9taire en cas de non paiement des loyers ?<\/h3>\n<p>Vous avez <strong>3 ans pour agir<\/strong> (loi ALUR du 24 mars 2014) ou 5 ans si la cr\u00e9ance est n\u00e9e avant la loi Alur de mars 2014.<\/p>\n<p>Encore une fois, la <strong>r\u00e9solution \u00e0 l\u2019amiable<\/strong> est toujours \u00e0 privil\u00e9gier en adressant par recommand\u00e9 une mise en cause au locataire en lui exposant les requ\u00eates.<\/p>\n<p>S&rsquo;il est en difficult\u00e9, vous pourrez lui proposer des solutions comme l&rsquo;<strong>\u00e9chelonnement de la dette<\/strong>. Si un accord est trouv\u00e9, vous prendrez soin de consigner les \u00e9l\u00e9ments dans un document \u00e9crit, dat\u00e9 et sign\u00e9 par le locataire et vous.<\/p>\n<p>S&rsquo;il ne r\u00e9pond pas \u00e0 votre courrier, vous devrez alors envoyer une <strong>mise en demeure<\/strong> au locataire et \u00e0 ses \u00e9ventuels garants. Il s\u2019agit d\u2019une lettre juridiquement motiv\u00e9e envoy\u00e9e par recommand\u00e9 et qui laisse 8 jours au locataire pour r\u00e9gler le litige, sous peine de s&rsquo;exposer \u00e0 d&rsquo;autres poursuites.<\/p>\n<p>Si la mise en demeure ne donne rien, vous devrez alors :<\/p>\n<ul>\n<li><span style=\"font-size: large;\">envoyer un commandement de payer au locataire. <\/span><\/li>\n<\/ul>\n<p><span style=\"font-size: large;\">La d\u00e9livrance d&rsquo;un commandement de payer est la condition essentielle qui permet de mettre en \u0153uvre la clause r\u00e9solutoire si votre contrat de bail en contient une. Cette clause pr\u00e9voit la r\u00e9siliation de plein droit du contrat de location pour d\u00e9faut de paiement du loyer ou des charges au terme convenu.<\/span><\/p>\n<p>Toutefois la clause r\u00e9solutoire ne produira ses effets que <strong>2 mois apr\u00e8s la d\u00e9livrance d\u2019un commandement de payer <\/strong>demeur\u00e9 infructueux. D\u00e8s que votre locataire ne paye plus ses loyers, prenez contact avec un huissier de justice afin qu\u2019il d\u00e9livre un commandement de payer au locataire.<\/p>\n<ul>\n<li>engager une <strong>proc\u00e9dure d&rsquo;expulsion<\/strong> contre le locataire pour non-paiement de loyer<\/li>\n<\/ul>\n<p>En cas d&rsquo;absence de r\u00e9ponse satisfaisante, vous pourrez <strong>assigner le locataire au tribunal d&rsquo;instance<\/strong> pour que le litige soit tranch\u00e9 par le juge et selon la solvabilit\u00e9 du locataire, prononcer l&rsquo;ordre de payer ou d&rsquo;expulsion. Une notification parall\u00e8le de l&rsquo;assignation \u00e0 la pr\u00e9fecture est n\u00e9cessaire.<\/p>\n<p>Par ailleurs, si vous obtenez l&rsquo;expulsion du locataire, celle-ci ne pourra pas intervenir entre le <strong>1er novembre et le 31 mars, p\u00e9riode hivernale<\/strong> pendant laquelle les locataires ne peuvent pas \u00eatre d\u00e9log\u00e9s.<\/p>\n<p>Si vous souhaitez en savoir plus sur les loyers impay\u00e9s et la proc\u00e9dure \u00e0 suivre, je vous conseille cet article : \u00ab\u00a0<a href=\"https:\/\/www.monsieurhugo.com\/blog\/2018\/02\/loyer-impaye-que-faire.html\" target=\"_blank\" rel=\"noopener noreferrer\"><span style=\"color: blue;\"><u>Vous \u00eates confront\u00e9s aux l<\/u><\/span><\/a><a href=\"https:\/\/www.monsieurhugo.com\/blog\/2018\/02\/loyer-impaye-que-faire.html\" target=\"_blank\" rel=\"noopener noreferrer\"><span style=\"color: blue;\"><u>oyers impay\u00e9s ? Que faire ?<\/u><\/span><\/a>\u00ab\u00a0.<\/p>\n<h2>3. L\u2019\u00e9tat des lieux<\/h2>\n<h3>3.1 Comment est \u00e9tabli l&rsquo;\u00e9tat des lieux ?<\/h3>\n<p>L&rsquo;\u00e9tat des lieux est un document qui <strong>d\u00e9crit en d\u00e9tail<\/strong> l&rsquo;\u00e9tat du logement et de ses \u00e9quipements, pi\u00e8ce par pi\u00e8ce.<\/p>\n<p>Le locataire et vous devrez en \u00e9tablir 2 : l&rsquo;\u00e9tat des lieux d&rsquo;entr\u00e9e, en d\u00e9but de bail, et l&rsquo;\u00e9tat des lieux de sortie, en fin de bail.<\/p>\n<p>La comparaison des 2 documents permettra de v\u00e9rifier que le locataire a bien rempli les obligations qui sont les siennes en mati\u00e8re de r\u00e9parations et d&rsquo;entretien.<\/p>\n<p>L\u2019\u00e9tat des lieux est g\u00e9n\u00e9ralement \u00e9tabli <strong>\u00e0 l\u2019amiable<\/strong> entre le propri\u00e9taire et le locataire <strong>et de fa\u00e7on contradictoire <\/strong>entre les 2 parties. Cela signifie que chacun \u00e0 la possibilit\u00e9 de discuter l&rsquo;\u00e9tablissement de l&rsquo;\u00e9tat des lieux.<\/p>\n<h2>3.2 Quelle est la proc\u00e9dure \u00e0 suivre en cas de d\u00e9saccord sur l\u2019\u00e9tat des lieux ?<\/h2>\n<p>Lorsque l\u2019\u00e9tat des lieux ne peut \u00eatre \u00e9tabli \u00e0 l\u2019amiable, il peut \u00eatre r\u00e9alis\u00e9 par un <strong>huissier de justice<\/strong> \u00e0 la demande d\u2019une des parties. On parle alors d\u2019un \u00ab <strong>constat locatif<\/strong> \u00bb.<\/p>\n<p>L&rsquo;\u00e9tat des lieux r\u00e9alis\u00e9 par un huissier ne peut \u00eatre contest\u00e9.<\/p>\n<p>Son co\u00fbt est \u00e0 partager de mani\u00e8re \u00e9gale entre le propri\u00e9taire et le locataire. Les honoraires sont fix\u00e9s par la loi et la part impos\u00e9e au locataire est plafonn\u00e9e.<span style=\"font-size: large;\"><br \/> <\/span><\/p>\n<p><span style=\"font-size: large;\">Pour en savoir davantage sur l&rsquo;\u00e9tat des lieux, je vous propose cet article :\u00a0\u00ab\u00a0<a href=\"https:\/\/www.monsieurhugo.com\/blog\/2018\/01\/etat-des-lieux-modele-a-telecharger.html\" target=\"_blank\" rel=\"noopener noreferrer\"><span style=\"color: blue;\"><u>Tout savoir sur l<span style=\"white-space: pre-wrap;\">\u2019\u00e9tat des lieux &#8211; Mod\u00e8le gratuit \u00e0 t\u00e9l\u00e9charger<\/span><\/u><\/span><\/a><\/span><span style=\"white-space: pre-wrap;\"><span style=\"font-size: large;\">\u00ab\u00a0.<\/span><\/span><span style=\"font-family: 'arial' , 'helvetica' , sans-serif;\"><span style=\"white-space: pre-wrap;\">\u00a0<\/span><\/span><\/p>\n<h2><span style=\"color: #006fad; font-family: 'arial' , 'helvetica' , sans-serif; font-size: x-large;\">4. Le d\u00e9p\u00f4t de garantie<\/span><\/h2>\n<h3><span style=\"font-family: 'arial' , 'helvetica' , sans-serif;\">4.1 Que dit la loi ?<\/span><\/h3>\n<p><span style=\"font-family: 'arial' , 'helvetica' , sans-serif;\">Le bailleur est tenu de restituer le d\u00e9p\u00f4t de garantie \u00e0 son locataire (article 22 de la loi du 6 juillet 1989).<\/span><\/p>\n<p><span style=\"font-family: 'arial' , 'helvetica' , sans-serif;\">Le d\u00e9p\u00f4t de garantie est une somme \u00e9quivalent \u00e0 <strong>1 mois<\/strong> de loyer hors charges <strong>pour les logements vides et 2 mois<\/strong> de loyer hors charges <strong>pour les logements meubl\u00e9s<\/strong> qui est vers\u00e9e par le locataire \u00e0 l\u2019entr\u00e9e des lieux.\u00a0<\/span><\/p>\n<p><span style=\"font-family: 'arial' , 'helvetica' , sans-serif;\">Elle vous sert de garantie contre les \u00e9ventuelles d\u00e9gradations de l\u2019appartement voire les impay\u00e9s de loyers ou de charges.<\/span><\/p>\n<p><span style=\"font-family: 'arial' , 'helvetica' , sans-serif;\">Vous devez en principe <u>restituer ce versement dans le mois qui suit le d\u00e9part du locataire lorsqu\u2019il n\u2019y a pas de r\u00e9serves \u00e9mises sur l\u2019\u00e9tat des lieux de sortie<\/u>. Si vous ne respectez pas ce d\u00e9lai, des <strong>p\u00e9nalit\u00e9s de retard de 10 % <\/strong>du d\u00e9p\u00f4t par mois de retard seront appliqu\u00e9es.<\/span><\/p>\n<p><span style=\"font-family: 'arial' , 'helvetica' , sans-serif;\">Dans le cas o\u00f9 l&rsquo;\u00e9tat des lieux de sortie r\u00e9v\u00e8le des diff\u00e9rences avec l&rsquo;\u00e9tat des lieux d&rsquo;entr\u00e9e, vous avez <strong>2 mois pour restituer la caution<\/strong> au locataire \u00e0 compter de la remise des cl\u00e9s. Vous devrez alors justifier toute retenue effectu\u00e9e.<\/span><\/p>\n<p><span style=\"font-size: large;\">Les montants retenus correspondent, le plus souvent :<\/span><\/p>\n<ul>\n<li><span style=\"font-size: large;\">\u00e0 la r\u00e9paration des d\u00e9gradations ou l&rsquo;absence de travaux du logement par le locataire,\u00a0<\/span><\/li>\n<li><span style=\"font-size: large;\">aux loyers ou charges impay\u00e9es ; pour justifier ce motif de retenue, vous devrez justifier de courriers de relance afin d&rsquo;obtenir le paiement rest\u00e9 sans r\u00e9ponse.<\/span><\/li>\n<\/ul>\n<p><span style=\"font-family: 'arial' , 'helvetica' , sans-serif;\">Lorsque l\u2019origine de la plainte n\u2019est pas li\u00e9e \u00e0 la mauvaise volont\u00e9 du bailleur pour restituer le d\u00e9p\u00f4t de garantie, il s\u2019agit le plus souvent d\u2019un d\u00e9saccord entre les deux parties lors de l\u2019\u00e9tat des lieux de sortie du logement, o\u00f9 la facture de remise en \u00e9tat est contest\u00e9e par le locataire.<\/span><span style=\"font-family: 'arial' , 'helvetica' , sans-serif;\">\u00a0<\/span><\/p>\n<h3><span style=\"font-family: 'arial' , 'helvetica' , sans-serif;\">4.2 Quelle est la proc\u00e9dure \u00e0 suivre pour le locataire ?<\/span><\/h3>\n<p><span style=\"font-family: 'arial' , 'helvetica' , sans-serif;\">Le locataire a <strong>3 ans<\/strong> pour agir.<\/span><span style=\"font-family: 'arial' , 'helvetica' , sans-serif;\"><br \/> <\/span><\/p>\n<p><span style=\"font-family: 'arial' , 'helvetica' , sans-serif;\">Il devra vous mettre en demeure \u00e0 envoyer par lettre recommand\u00e9e avec accus\u00e9 de r\u00e9ception.<\/span><span style=\"font-family: 'arial' , 'helvetica' , sans-serif;\">En l\u2019absence de r\u00e9ponse satisfaisante de votre part sous 8 jours, il pourra saisir en fonction du montant du litige le juge de proximit\u00e9 ou du tribunal d\u2019instance du lieu o\u00f9 se trouve le logement.<\/span><span style=\"font-family: 'arial' , 'helvetica' , sans-serif;\"><\/span><span style=\"font-family: 'arial' , 'helvetica' , sans-serif; font-size: medium;\">\u00a0<\/span><\/p>\n<h2><span style=\"color: #006fad; font-size: x-large;\">5. Les charges locatives<\/span><\/h2>\n<h3><span style=\"font-size: large;\">5.1 Que dit la loi ?<\/span><\/h3>\n<p><span style=\"font-family: 'arial' , 'helvetica' , sans-serif;\">Les charges locatives peuvent faire l&rsquo;objet d&rsquo;un versement provisionnel et doivent faire \u00ab\u00a0l&rsquo;objet d&rsquo;une r\u00e9gularisation annuelle\u00a0\u00bb. La liste des charges exigibles est fix\u00e9e par le d\u00e9cret n\u00b0 87-713 du 26 ao\u00fbt 1987.<\/span><\/p>\n<p><span style=\"font-family: 'arial' , 'helvetica' , sans-serif;\">Les charges locatives, appel\u00e9 \u00e9galement charges r\u00e9cup\u00e9rables, sont des <strong>d\u00e9penses prises en charges initialement par le propri\u00e9taire<\/strong>, mais que celui-ci <strong>peut se faire rembourser par le locataire<\/strong>. Ces charges doivent \u00eatre justifi\u00e9es, tant par leur nature que pour leur montant (art. 23 de la loi n\u00b0 89-462 du 6.7.1989).<\/span><\/p>\n<p><span style=\"font-family: 'arial' , 'helvetica' , sans-serif;\"><br \/> <\/span><span style=\"font-family: 'arial' , 'helvetica' , sans-serif;\">La liste des charges r\u00e9cup\u00e9rables est limitative (d\u00e9cret n\u00b0 87-713 du 26 ao\u00fbt 1987).<\/span>Pour en savoir plus sur les charges locatives, voici l&rsquo;article qui y est consacr\u00e9 :\u00a0\u00bb<span style=\"white-space: pre-wrap;\"><a href=\"http:\/\/www.monsieurhugo.com\/blog\/2018\/04\/quelles-sont-les-charges-recuperables.html\" target=\"_blank\" rel=\"noopener noreferrer\"><span style=\"color: blue;\"><u>Quelles sont les charges r\u00e9cup\u00e9rables aupr\u00e8s du locataire ?<\/u><\/span><\/a>\u00ab\u00a0.<\/span><\/p>\n<p><span style=\"font-family: 'arial' , 'helvetica' , sans-serif;\">Les litiges portent principalement sur la question des <strong>r\u00e9gulations annuelles<\/strong><\/span><span style=\"font-family: 'arial' , 'helvetica' , sans-serif;\">.\u00a0<\/span><\/p>\n<p>Le plus souvent, les charges locatives sont vers\u00e9es chaque mois et \u00e0 l\u2019avance, sous forme de provisions, en m\u00eame temps que le loyer. Dans ce cas, la loi impose une r\u00e9gularisation annuelle (art. 23 alin\u00e9a 3 de la loi de 1989) en comparant :<\/p>\n<ul>\n<li><span style=\"font-size: large;\">le total des provisions d\u00e9j\u00e0 demand\u00e9es par le bailleur aux locataires, <\/span><\/li>\n<li><span style=\"font-size: large;\">avec les d\u00e9penses effectives engag\u00e9es par le propri\u00e9taire pendant l&rsquo;ann\u00e9e. <\/span><\/li>\n<\/ul>\n<p><span style=\"font-family: 'arial' , 'helvetica' , sans-serif;\">La diff\u00e9rence est alors <strong>r\u00e9clam\u00e9e ou rembours\u00e9e<\/strong> au locataire.<\/span><span style=\"font-family: 'arial' , 'helvetica' , sans-serif;\"><br \/> <\/span><\/p>\n<p><span style=\"font-family: 'arial' , 'helvetica' , sans-serif;\">Un mois avant cette r\u00e9gularisation, vous devrez adresser au locataire le d\u00e9compte des charges, ventil\u00e9es par postes (entretien des espaces verts, ascenseur, chauffage, frais de personnel, etc.), et une note d\u2019information sur les modalit\u00e9s de calcul des charges de chauffage et de production d\u2019eau chaude sanitaire collectifs.<\/span><\/p>\n<p><span style=\"font-family: 'arial' , 'helvetica' , sans-serif;\">Si les provisions sont sup\u00e9rieures aux d\u00e9penses r\u00e9elles, vous devrez reverser le trop-per\u00e7u au locataire. Dans le cas contraire, vous pourrez lui demander un compl\u00e9ment.<\/span><\/p>\n<p><span style=\"font-family: 'arial' , 'helvetica' , sans-serif;\">Vous devrez tenir les <strong>pi\u00e8ces justificatives \u00e0 la disposition du locataire<\/strong> pendant <strong>6 mois<\/strong> apr\u00e8s l&rsquo;envoi du d\u00e9compte des charges.<\/span><\/p>\n<h3><span style=\"font-family: 'arial' , 'helvetica' , sans-serif;\">5.2 Quelle est la proc\u00e9dure \u00e0 suivre pour le propri\u00e9taire ?<\/span><\/h3>\n<p><span style=\"font-family: 'arial' , 'helvetica' , sans-serif;\">Vous avez <strong>3 ans<\/strong> pour agir pour un arri\u00e9r\u00e9 de charges locatives d\u00fb depuis le 27 mars 2014 ou 5 ans pour les arri\u00e9r\u00e9s ant\u00e9rieurs au 27 mars 2014.<\/span><\/p>\n<p><span style=\"font-family: 'arial' , 'helvetica' , sans-serif;\">Le locataire qui a des difficult\u00e9s pour payer ses charges peut, dans certains cas vous demander des d\u00e9lais de paiement.<\/span><\/p>\n<p><span style=\"font-family: 'arial' , 'helvetica' , sans-serif;\">En cas d\u2019impossibilit\u00e9 de <strong>r\u00e9solution \u00e0 l\u2019amiable<\/strong>, le propri\u00e9taire ou le locataire doit <strong>mettre en demeure<\/strong> son interlocuteur.\u00a0<\/span><\/p>\n<p><span style=\"font-family: 'arial' , 'helvetica' , sans-serif;\">Cette lettre, motiv\u00e9e juridiquement et accompagn\u00e9e d&rsquo;une d\u00e9claration au greffe du Tribunal, constitue un avertissement.<\/span><span style=\"font-family: 'arial' , 'helvetica' , sans-serif;\"><br \/> <\/span><\/p>\n<p><span style=\"font-family: 'arial' , 'helvetica' , sans-serif;\">En cas de silence du propri\u00e9taire ou du locataire, il faut <strong>saisir le tribunal d&rsquo;instance.<\/strong><\/span><\/p>\n<h2><span style=\"color: #006fad; font-family: 'arial' , 'helvetica' , sans-serif; font-size: x-large;\">6. Les troubles de jouissance<\/span><\/h2>\n<h3><span style=\"font-family: 'arial' , 'helvetica' , sans-serif;\">6.1 Que dit la loi ?<\/span><\/h3>\n<p><span style=\"font-family: 'arial' , 'helvetica' , sans-serif;\">\u00ab\u00a0Le propri\u00e9taire a l&rsquo;obligation de mettre \u00e0 disposition un <strong>logement d\u00e9cent<\/strong> \u00e0 son locataire en l\u2019entretenant et en effectuant les r\u00e9parations n\u00e9cessaires\u00a0\u00bb. D\u00e9cret n\u00b02002-120 du 30 janvier 2002 \/ Articles 6 et 6-1 de la Loi du 6 Juillet 1989<\/span><span style=\"font-family: 'arial' , 'helvetica' , sans-serif; font-size: large;\"><br \/> <\/span><span style=\"font-family: 'arial' , 'helvetica' , sans-serif; font-size: large;\">Pour en savoir plus sur les logements d\u00e9cents, voici la <a href=\"http:\/\/file.monsieurhugo.com\/Blog\/Caract%C3%A9ristiques%20bien%20d%C3%A9cent_Blog_Monsieur%20Hugo.pdf\" target=\"_blank\" rel=\"noopener noreferrer\"><span style=\"color: blue;\"><u>fiche officielle<\/u><\/span><\/a> fournie par Monsieur Hugo<span style=\"font-family: 'arial' , 'helvetica' , sans-serif;\">.<\/span><\/span><\/p>\n<p><span style=\"font-family: 'arial' , 'helvetica' , sans-serif; font-size: large;\"><br \/> <\/span><span style=\"font-family: 'arial' , 'helvetica' , sans-serif;\">Parmi les obligations que vous avez vis-<\/span><span style=\"font-family: 'arial' , 'helvetica' , sans-serif;\">\u00e0-vis de votre locataire figure celle de lui assurer un <strong>usage paisible du logement.<\/strong><\/span><\/p>\n<p><span style=\"font-family: 'arial' , 'helvetica' , sans-serif;\">La majorit\u00e9 des r\u00e9clamations recens\u00e9es par la CGL concernent un mauvais entretien des lieux :\u00a0<\/span><\/p>\n<ul>\n<li>l&rsquo;isolation thermique insuffisante des murs et des fen\u00eatres, le mauvais fonctionnement du syst\u00e8me de chauffage&#8230;<\/li>\n<li>l\u2019introduction du propri\u00e9taire dans le logement sans autorisation du locataire,<\/li>\n<li>la pr\u00e9sence d\u2019amiante ou autres substances n\u00e9fastes,<\/li>\n<li>la pr\u00e9sence d\u2019insectes ou de nuisibles.<span style=\"font-family: 'arial' , 'helvetica' , sans-serif;\"> <br \/><\/span><\/li>\n<\/ul>\n<p><span style=\"font-family: 'arial' , 'helvetica' , sans-serif;\">Le bailleur n\u2019a pas non plus le droit de faire, sans le consentement du locataire, des changements \u00e0 l\u2019\u00e9tat des lieux lou\u00e9s, par exemple:<\/span><\/p>\n<ul>\n<li><span style=\"font-size: large;\">un refus d\u2019installer une boite aux lettres, <\/span><\/li>\n<li><span style=\"font-size: large;\">l\u2019absence d\u2019installations \u00e9lectriques et de robinets d\u2019eau, <\/span><\/li>\n<li><span style=\"font-size: large;\">la cessation de fourniture du chauffage collectif pr\u00e9vu par le bail, <\/span><\/li>\n<li><span style=\"font-size: large;\">le refus d\u2019acc\u00e8s \u00e0 l\u2019ascenseur, etc.<\/span><\/li>\n<\/ul>\n<h3><span style=\"font-family: 'arial' , 'helvetica' , sans-serif;\">6.2 Quelle est la proc\u00e9dure \u00e0 suivre pour le locataire ?<\/span><\/h3>\n<p><span style=\"font-family: 'arial' , 'helvetica' , sans-serif;\">Le locataire a <strong>5 ans pour agir<\/strong>.<\/span><\/p>\n<p><span style=\"font-family: 'arial' , 'helvetica' , sans-serif;\">Toutefois, le locataire qui subit un trouble de jouissance ne peut pas, de son propre chef, suspendre le paiement des loyers ou minorer le montant de sa propre initiative. Il faut pour cela une autorisation pr\u00e9alable du juge.<\/span><span style=\"font-family: 'arial' , 'helvetica' , sans-serif;\"><br \/> <\/span><\/p>\n<p><span style=\"font-family: 'arial' , 'helvetica' , sans-serif;\">Il devra vous envoyer un <strong>courrier en recommand\u00e9<\/strong> avec accus\u00e9 de r\u00e9ception faisant \u00e9tat du trouble de jouissance.<\/span><br \/> <span style=\"font-family: 'arial' , 'helvetica' , sans-serif;\">Ce courrier doit pr\u00e9ciser la nature du trouble et exprimer le besoin absolu de trouver une solution dans les meilleurs d\u00e9lais.<\/span><\/p>\n<p><span style=\"font-family: 'arial' , 'helvetica' , sans-serif;\">Sans r\u00e9ponse dans les 2 mois suivant la r\u00e9ception, ou apr\u00e8s une r\u00e9ponse n\u00e9gative, <strong>le locataire pourra saisir la Commission D\u00e9partementale de Conciliation<\/strong>.\u00a0<\/span><\/p>\n<p><span style=\"font-family: 'arial' , 'helvetica' , sans-serif;\">Elle recherchera alors une solution amiable pouvant convenir aux deux parties.<\/span><\/p>\n<p><span style=\"font-family: 'arial' , 'helvetica' , sans-serif;\">Si cela ne fonctionne pas, le locataire pourra <strong>saisir la justice<\/strong>, qui pourra \u00e9ventuellement permettre de suspendre le paiement du loyer. Le juge pourra aussi octroyer au locataire des dommages-int\u00e9r\u00eats dont le montant peut \u00eatre plus ou moins \u00e9lev\u00e9 selon qu&rsquo;il s&rsquo;agit d&rsquo;un simple trouble ou d&rsquo;une v\u00e9ritable privation de jouissance.<\/span><\/p>\n<p><span style=\"color: #006fad; font-family: 'arial' , 'helvetica' , sans-serif; font-size: x-large;\"><strong>Conclusion<\/strong><\/span><\/p>\n<p><span style=\"font-family: 'arial' , 'helvetica' , sans-serif;\">Dans tous les cas privil\u00e9giez le dialogue et ce d\u00e8s les premiers signes de litiges apparents. Si cela ne porte aucun fruit, agissez rapidement car certaines proc\u00e9dures sont longues.<\/span><\/p>\n<p><span style=\"font-size: large;\">Je vous sugg\u00e8re aussi :<\/span><\/p>\n<ul>\n<li><span style=\"font-family: 'arial' , 'helvetica' , sans-serif;\"><a href=\"https:\/\/www.monsieurhugo.com\/blog\/2018\/03\/les-nouveautes-du-bail-apportees-par-la.html\" target=\"_blank\" rel=\"noopener noreferrer\"><span style=\"color: blue;\"><u>Les nouveaut\u00e9s du bail apport\u00e9es par la loi Alur (PDF bail \u00e0 t\u00e9l\u00e9charger gratuitement)<\/u><\/span><\/a><\/span><\/li>\n<li dir=\"ltr\"><a href=\"http:\/\/www.monsieurhugo.com\/blog\/2018\/01\/quittance-de-loyer-modele-a-telecharger.html\" target=\"_blank\" rel=\"noopener noreferrer\"><span style=\"color: blue;\"><u><span style=\"white-space: pre-wrap;\">Quittance de loyer &#8211; Mod\u00e8le de quittance \u00e0 t\u00e9l\u00e9charger<\/span><\/u><\/span><\/a><\/li>\n<li><a href=\"https:\/\/www.monsieurhugo.com\/blog\/2018\/02\/signature-en-ligne-du-bail.html\" target=\"_blank\" rel=\"noopener noreferrer\"><span style=\"color: blue;\"><u><span style=\"white-space: pre-wrap;\">La signature en ligne du bail<\/span><\/u><\/span><\/a><\/li>\n<\/ul>\n<p>[\/et_pb_text][\/et_pb_column][\/et_pb_row][\/et_pb_section]<\/p>\n","protected":false},"excerpt":{"rendered":"<p>Mon propri\u00e9taire a augment\u00e9 le loyer ce mois-ci ! Mon locataire a encore du retard dans le paiement du loyer ! Mon propri\u00e9taire ne m&rsquo;a pas rendu ma caution ! Mon locataire ne m&rsquo;a pas rendu les cl\u00e9s du logement ! Mon propri\u00e9taire n&rsquo;a pas r\u00e9par\u00e9 la chaudi\u00e8re ! Mon locataire n&rsquo;a pas entretenu le [&hellip;]<\/p>\n","protected":false},"author":1,"featured_media":353108,"comment_status":"closed","ping_status":"closed","sticky":false,"template":"","format":"standard","meta":{"_acf_changed":false,"_et_pb_use_builder":"on","_et_pb_old_content":"<p><img src=\"https:\/\/4.bp.blogspot.com\/-ZUp4Yn_4s7Y\/W41hZb8B3II\/AAAAAAAAAF0\/7kTtk8I0gtkYAaGXfakjsPhWJLny15_FgCLcBGAs\/s1600\/litiges%2B-%2Bmonsieur%2Bhugo.jpeg\" alt=\"Litiges opposant les locataires et les propri\u00e9taires - Gestion locative - Monsieur Hugo\" \/><\/p><p>Mon propri\u00e9taire a augment\u00e9 le loyer ce mois-ci ! Mon locataire a encore du retard dans le paiement du loyer ! Mon propri\u00e9taire ne m'a pas rendu ma caution ! Mon locataire ne m'a pas rendu les cl\u00e9s du logement ! Mon propri\u00e9taire n'a pas r\u00e9par\u00e9 la chaudi\u00e8re ! Mon locataire n'a pas entretenu le logement ! Mon propri\u00e9taire...! Mon locataire...!\u00a0<\/p><p>Je pourrais allonger encore et encore la liste tant les litiges entre les propri\u00e9taires et les locataires sont fr\u00e9quents et ce malgr\u00e9 les diff\u00e9rentes lois, notamment Alur dont le but est entre autres d\u2019am\u00e9liorer les relations entre les 2 parties.<br \/>Chaque ann\u00e9e, la Conf\u00e9d\u00e9ration g\u00e9n\u00e9rale du logement (CGL), principales organisations de locataires, recense les plaintes qui lui sont adress\u00e9es.<\/p><p>Je vous ai list\u00e9 ci-dessous les <span style=\"font-family: 'arial' , 'helvetica' , sans-serif;\">6<\/span> principaux litiges li\u00e9s au bail d'habitation.<\/p><ol><li>L'augmentation du loyer<\/li><li>Le non paiement du loyer<\/li><li>L'\u00e9tat des lieux<\/li><li>Le d\u00e9p\u00f4t de garantie<\/li><li>Les charges et r\u00e9parations locatives<\/li><li>Les troubles de jouissance \/ litiges autour de la notion de logement d\u00e9cent<\/li><\/ol><p>Il est \u00e0 noter que <strong>la r\u00e9solution \u00e0 l\u2019amiable est toujours \u00e0 privil\u00e9gier<\/strong>. Mais \u00e0 d\u00e9faut, des proc\u00e9dures juridiques doivent \u00eatre mises en place en respectant des d\u00e9lais pour les engager.<\/p><h2>1. L'augmentation du loyer<\/h2><h3>1.1 Que dit la loi ?<\/h3><p>Une fois le bail conclu, <strong>un propri\u00e9taire ne peut pas majorer le loyer \u00e0 sa guise<\/strong>. Que ce soit en cours de bail que lors de son renouvellement.<\/p><p>La seule possibilit\u00e9 qui vous est donn\u00e9e par la loi est de r\u00e9\u00e9valuer le montant du loyer \u00e0 raison d\u2019<strong>une fois par an si une clause de r\u00e9vision a \u00e9t\u00e9 incluse au contrat de location<\/strong>. Vous devrez pour cela suivre l\u2019Indice de r\u00e9f\u00e9rence des loyers (IRL), que publie chaque trimestre l\u2019INSEE, qui sert de base pour la r\u00e9vision des loyers.<\/p><p>Pensez bien \u00e0 mentionner cette clause de r\u00e9vision dans votre bail car en son absence, vous vous trouverez dans l\u2019impossibilit\u00e9 d\u2019augmenter le loyer pendant toute la dur\u00e9e du bail.<\/p><p><span style=\"font-family: 'arial' , 'helvetica' , sans-serif;\">Pour en savoir plus sur le bail et les clauses \u00e0 y faire figurer, je vous sugg\u00e8re cet article \"<\/span><span style=\"background-color: white; letter-spacing: -0.4px;\"><span style=\"font-family: 'arial' , 'helvetica' , sans-serif;\"><a href=\"https:\/\/www.monsieurhugo.com\/blog\/2018\/01\/bail-de-location-loi-alur-modele-gratuit-telecharger.html\" target=\"_blank\" rel=\"noopener noreferrer\"><span style=\"color: blue;\"><u>Comment bien r\u00e9diger votre bail de location sans vous tromper ? (word \u00e0 t\u00e9l\u00e9charger gratuitement<\/u><\/span><\/a>)\".<\/span><\/span><\/p><p>Le bail type Alur indique d'ailleurs qu\u2019outre le montant et le mode de paiement du loyer, \u201cles modalit\u00e9s de r\u00e9vision (date de r\u00e9vision ou trimestre de r\u00e9f\u00e9rence de l'IRL) du loyer doivent \u00e9galement \u00eatre pr\u00e9cis\u00e9es\u201d.<\/p><p>Cette r\u00e9\u00e9valuation peut alors s\u2019effectuer <strong>\u00e0 la date mentionn\u00e9e<\/strong> dans le contrat de bail ou, \u00e0 d\u00e9faut, <strong>\u00e0 la date anniversaire du bail.<\/strong><\/p><p><span style=\"font-family: 'arial' , 'helvetica' , sans-serif; font-size: large;\">Sachez par ailleurs que dans le bail r\u00e9glementaire, il n\u2019y a :<\/span><\/p><ul><li><span style=\"font-size: large;\">plus de d\u00e9lai de prescription : un propri\u00e9taire ne r\u00e9alisant pas l\u2019indexation chaque ann\u00e9e en perd le b\u00e9n\u00e9fice (prescription de 5 ans auparavant), <\/span><\/li><li><span style=\"font-size: large;\">pas de rattrapage r\u00e9troactif : le nouveau loyer ne s'applique que pour l'avenir.<\/span><\/li><\/ul><p>Vous devrez d\u2019ailleurs respecter une proc\u00e9dure pr\u00e9cise pour signifier l\u2019augmentation du loyer sous peine de tacite reconduction du bail dans les conditions initialement pr\u00e9vues :<\/p><ul><li><span style=\"font-size: large;\">la demande d\u2019augmentation de loyer doit parvenir au locataire par lettre recommand\u00e9 avec AR, <\/span><\/li><li><span style=\"font-size: large;\">la date \u00e0 retenir est celle de la r\u00e9ception de la lettre, <\/span><\/li><li><span style=\"font-size: large;\">l\u2019avis doit mentionner le montant du loyer propos\u00e9 correspondant \u00e0 l'indice de r\u00e9f\u00e9rence des loyers \u00e9tabli par l'INSEE.<\/span><\/li><\/ul><h2>\u00a0<\/h2><h2>1.2 Quelle est la proc\u00e9dure \u00e0 suivre par le locataire en cas de litiges sur l\u2019augmentation du loyer ?<span style=\"font-size: large;\"><br \/><\/span><\/h2><p>L\u2019augmentation de loyer en cours de contrat est r\u00e9gi par la loi du 6 juillet 1989 modifi\u00e9e par la \u00ab loi ALUR \u00bb du 24 mars 2014.<\/p><p>Le locataire a 3 ans pour agir pour demander le remboursement de loyers injustement vers\u00e9s.<br \/>Il lui est conseill\u00e9 de vous adresser par recommand\u00e9 une <strong>mise en cause<\/strong> en vous exposant les requ\u00eates<\/p><p>Sans r\u00e9ponse de votre part sous 8 jours, <strong>une mise en demeure<\/strong> vous sera adress\u00e9e par le locataire. Elle doit \u00eatre juridiquement motiv\u00e9e et accompagn\u00e9e d'une d\u00e9claration au greffe du Tribunal. Elle constitue un avertissement.<\/p><p>Enfin si le litige persiste, le locataire devra saisir le <strong>tribunal d\u2019instance<\/strong> du lieu o\u00f9 se trouve le logement.<\/p><p>Le tribunal statuera alors sur la suite \u00e0 donner au dossier.<\/p><h2>2. Le non paiement du loyer par le locataire<\/h2><h3>2.1 Que dit la loi ?<\/h3><p>Il s\u2019agit l\u00e0 d\u2019une des premi\u00e8res <strong>obligations<\/strong> du locataire.\u00a0<\/p><p>L\u2019article 7 de la loi du 6 juillet 1989 pr\u00e9voit que \u201c<u>Le locataire est oblig\u00e9 de payer le loyer et les charges r\u00e9cup\u00e9rables aux termes convenus sur le contrat de bail<\/u>\u201d.<\/p><p>En cas d'inex\u00e9cution, vous pourrez entamer une <strong>proc\u00e9dure de recouvrement des loyers.<\/strong><\/p><h3>2.2 Quelle est la proc\u00e9dure \u00e0 suivre pour le propri\u00e9taire en cas de non paiement des loyers ?<\/h3><p>Vous avez <strong>3 ans pour agir<\/strong> (loi ALUR du 24 mars 2014) ou 5 ans si la cr\u00e9ance est n\u00e9e avant la loi Alur de mars 2014.<\/p><p>Encore une fois, la <strong>r\u00e9solution \u00e0 l\u2019amiable<\/strong> est toujours \u00e0 privil\u00e9gier en adressant par recommand\u00e9 une mise en cause au locataire en lui exposant les requ\u00eates.\u00a0<\/p><p>S'il est en difficult\u00e9, vous pourrez lui proposer des solutions comme l'<strong>\u00e9chelonnement de la dette<\/strong>. Si un accord est trouv\u00e9, vous prendrez soin de consigner les \u00e9l\u00e9ments dans un document \u00e9crit, dat\u00e9 et sign\u00e9 par le locataire et vous.<\/p><p>S'il ne r\u00e9pond pas \u00e0 votre courrier, vous devrez alors envoyer une <strong>mise en demeure<\/strong> au locataire et \u00e0 ses \u00e9ventuels garants. Il s\u2019agit d\u2019une lettre juridiquement motiv\u00e9e envoy\u00e9e par recommand\u00e9 et qui laisse 8 jours au locataire pour r\u00e9gler le litige, sous peine de s'exposer \u00e0 d'autres poursuites.<\/p><p>Si la mise en demeure ne donne rien, vous devrez alors :<\/p><ul><li><span style=\"font-size: large;\">envoyer un commandement de payer au locataire. <\/span><\/li><\/ul><p><span style=\"font-size: large;\">La d\u00e9livrance d'un commandement de payer est la condition essentielle qui permet de mettre en \u0153uvre la clause r\u00e9solutoire si votre contrat de bail en contient une. Cette clause pr\u00e9voit la r\u00e9siliation de plein droit du contrat de location pour d\u00e9faut de paiement du loyer ou des charges au terme convenu.<\/span><\/p><p>Toutefois la clause r\u00e9solutoire ne produira ses effets que <strong>2 mois apr\u00e8s la d\u00e9livrance d\u2019un commandement de payer <\/strong>demeur\u00e9 infructueux. D\u00e8s que votre locataire ne paye plus ses loyers, prenez contact avec un huissier de justice afin qu\u2019il d\u00e9livre un commandement de payer au locataire.<\/p><ul><li>engager une <strong>proc\u00e9dure d'expulsion<\/strong> contre le locataire pour non-paiement de loyer<\/li><\/ul><p>En cas d'absence de r\u00e9ponse satisfaisante, vous pourrez <strong>assigner le locataire au tribunal d'instance<\/strong> pour que le litige soit tranch\u00e9 par le juge et selon la solvabilit\u00e9 du locataire, prononcer l'ordre de payer ou d'expulsion. Une notification parall\u00e8le de l'assignation \u00e0 la pr\u00e9fecture est n\u00e9cessaire.<\/p><p>Par ailleurs, si vous obtenez l'expulsion du locataire, celle-ci ne pourra pas intervenir entre le <strong>1er novembre et le 31 mars, p\u00e9riode hivernale<\/strong> pendant laquelle les locataires ne peuvent pas \u00eatre d\u00e9log\u00e9s.<\/p><p>Si vous souhaitez en savoir plus sur les loyers impay\u00e9s et la proc\u00e9dure \u00e0 suivre, je vous conseille cet article : \"<a href=\"https:\/\/www.monsieurhugo.com\/blog\/2018\/02\/loyer-impaye-que-faire.html\" target=\"_blank\" rel=\"noopener noreferrer\"><span style=\"color: blue;\"><u>Vous \u00eates confront\u00e9s aux l<\/u><\/span><\/a><a href=\"https:\/\/www.monsieurhugo.com\/blog\/2018\/02\/loyer-impaye-que-faire.html\" target=\"_blank\" rel=\"noopener noreferrer\"><span style=\"color: blue;\"><u>oyers impay\u00e9s ? Que faire ?<\/u><\/span><\/a>\".<\/p><h2>3. L\u2019\u00e9tat des lieux<\/h2><h3>3.1 Comment est \u00e9tabli l'\u00e9tat des lieux ?<\/h3><p>L'\u00e9tat des lieux est un document qui <strong>d\u00e9crit en d\u00e9tail<\/strong> l'\u00e9tat du logement et de ses \u00e9quipements, pi\u00e8ce par pi\u00e8ce.\u00a0<\/p><p>Le locataire et vous devrez en \u00e9tablir 2 : l'\u00e9tat des lieux d'entr\u00e9e, en d\u00e9but de bail, et l'\u00e9tat des lieux de sortie, en fin de bail.\u00a0<\/p><p>La comparaison des 2 documents permettra de v\u00e9rifier que le locataire a bien rempli les obligations qui sont les siennes en mati\u00e8re de r\u00e9parations et d'entretien.<\/p><p>L\u2019\u00e9tat des lieux est g\u00e9n\u00e9ralement \u00e9tabli <strong>\u00e0 l\u2019amiable<\/strong> entre le propri\u00e9taire et le locataire <strong>et de fa\u00e7on contradictoire <\/strong>entre les 2 parties. Cela signifie que chacun \u00e0 la possibilit\u00e9 de discuter l'\u00e9tablissement de l'\u00e9tat des lieux.<\/p><h2>3.2 Quelle est la proc\u00e9dure \u00e0 suivre en cas de d\u00e9saccord sur l\u2019\u00e9tat des lieux ?<\/h2><p>Lorsque l\u2019\u00e9tat des lieux ne peut \u00eatre \u00e9tabli \u00e0 l\u2019amiable, il peut \u00eatre r\u00e9alis\u00e9 par un <strong>huissier de justice<\/strong> \u00e0 la demande d\u2019une des parties. On parle alors d\u2019un \u00ab <strong>constat locatif<\/strong> \u00bb.<\/p><p>L'\u00e9tat des lieux r\u00e9alis\u00e9 par un huissier ne peut \u00eatre contest\u00e9.<\/p><p>Son co\u00fbt est \u00e0 partager de mani\u00e8re \u00e9gale entre le propri\u00e9taire et le locataire. Les honoraires sont fix\u00e9s par la loi et la part impos\u00e9e au locataire est plafonn\u00e9e.<br \/><span style=\"font-size: large;\">\u00a0<\/span><\/p><p><span style=\"font-size: large;\">Pour en savoir davantage sur l'\u00e9tat des lieux, je vous propose cet article :\u00a0\"<a href=\"https:\/\/www.monsieurhugo.com\/blog\/2018\/01\/etat-des-lieux-modele-a-telecharger.html\" target=\"_blank\" rel=\"noopener noreferrer\"><span style=\"color: blue;\"><u>Tout savoir sur l<span style=\"white-space: pre-wrap;\">\u2019\u00e9tat des lieux - Mod\u00e8le gratuit \u00e0 t\u00e9l\u00e9charger<\/span><\/u><\/span><\/a><\/span><span style=\"white-space: pre-wrap;\"><span style=\"font-size: large;\">\"<\/span><\/span><\/p><p><span style=\"font-family: 'arial' , 'helvetica' , sans-serif;\"><span style=\"white-space: pre-wrap;\">\u00a0<\/span><\/span><\/p><h2><span style=\"color: #006fad; font-family: 'arial' , 'helvetica' , sans-serif; font-size: x-large;\">4. Le d\u00e9p\u00f4t de garantie<\/span><\/h2><h3><span style=\"font-family: 'arial' , 'helvetica' , sans-serif;\">4.1 Que dit la loi ?<\/span><\/h3><p><span style=\"font-family: 'arial' , 'helvetica' , sans-serif;\">Le bailleur est tenu de restituer le d\u00e9p\u00f4t de garantie \u00e0 son locataire (article 22 de la loi du 6 juillet 1989).<\/span><\/p><p><span style=\"font-family: 'arial' , 'helvetica' , sans-serif;\">Le d\u00e9p\u00f4t de garantie est une somme \u00e9quivalent \u00e0 <strong>1 mois<\/strong> de loyer hors charges <strong>pour les logements vides et 2 mois<\/strong> de loyer hors charges <strong>pour les logements meubl\u00e9s<\/strong> qui est vers\u00e9e par le locataire \u00e0 l\u2019entr\u00e9e des lieux.\u00a0<\/span><\/p><p><span style=\"font-family: 'arial' , 'helvetica' , sans-serif;\">Elle vous sert de garantie contre les \u00e9ventuelles d\u00e9gradations de l\u2019appartement voire les impay\u00e9s de loyers ou de charges.<\/span><\/p><p><span style=\"font-family: 'arial' , 'helvetica' , sans-serif;\">Vous devez en principe <u>restituer ce versement dans le mois qui suit le d\u00e9part du locataire lorsqu\u2019il n\u2019y a pas de r\u00e9serves \u00e9mises sur l\u2019\u00e9tat des lieux de sortie<\/u>. Si vous ne respectez pas ce d\u00e9lai, des <strong>p\u00e9nalit\u00e9s de retard de 10 % <\/strong>du d\u00e9p\u00f4t par mois de retard seront appliqu\u00e9es.<\/span><\/p><p><span style=\"font-family: 'arial' , 'helvetica' , sans-serif;\">Dans le cas o\u00f9 l'\u00e9tat des lieux de sortie r\u00e9v\u00e8le des diff\u00e9rences avec l'\u00e9tat des lieux d'entr\u00e9e, vous avez <strong>2 mois pour restituer la caution<\/strong> au locataire \u00e0 compter de la remise des cl\u00e9s. Vous devrez alors justifier toute retenue effectu\u00e9e.<\/span><\/p><p><span style=\"font-size: large;\">Les montants retenus correspondent, le plus souvent :<\/span><\/p><ul><li><span style=\"font-size: large;\">\u00e0 la r\u00e9paration des d\u00e9gradations ou l'absence de travaux du logement par le locataire,\u00a0<\/span><\/li><li><span style=\"font-size: large;\">aux loyers ou charges impay\u00e9es ; pour justifier ce motif de retenue, vous devrez justifier de courriers de relance afin d'obtenir le paiement rest\u00e9 sans r\u00e9ponse.<\/span><\/li><\/ul><p>\u00a0<\/p><p><span style=\"font-family: 'arial' , 'helvetica' , sans-serif;\">Lorsque l\u2019origine de la plainte n\u2019est pas li\u00e9e \u00e0 la mauvaise volont\u00e9 du bailleur pour restituer le d\u00e9p\u00f4t de garantie, il s\u2019agit le plus souvent d\u2019un d\u00e9saccord entre les deux parties lors de l\u2019\u00e9tat des lieux de sortie du logement, o\u00f9 la facture de remise en \u00e9tat est contest\u00e9e par le locataire.<\/span><\/p><p><span style=\"font-family: 'arial' , 'helvetica' , sans-serif;\">\u00a0<\/span><\/p><h3><span style=\"font-family: 'arial' , 'helvetica' , sans-serif;\">4.2 Quelle est la proc\u00e9dure \u00e0 suivre pour le locataire ?<\/span><\/h3><p><span style=\"font-family: 'arial' , 'helvetica' , sans-serif;\">Le locataire a <strong>3 ans<\/strong> pour agir.<\/span><br \/><span style=\"font-family: 'arial' , 'helvetica' , sans-serif;\"><br \/><\/span><\/p><p><span style=\"font-family: 'arial' , 'helvetica' , sans-serif;\">Il devra vous mettre en demeure \u00e0 envoyer par lettre recommand\u00e9e avec accus\u00e9 de r\u00e9ception.<\/span><span style=\"font-family: 'arial' , 'helvetica' , sans-serif;\">En l\u2019absence de r\u00e9ponse satisfaisante de votre part sous 8 jours, il pourra saisir en fonction du montant du litige le juge de proximit\u00e9 ou du tribunal d\u2019instance du lieu o\u00f9 se trouve le logement.<\/span><\/p><p><span style=\"font-family: 'arial' , 'helvetica' , sans-serif;\">\u00a0<\/span><\/p><p><span style=\"font-family: 'arial' , 'helvetica' , sans-serif; font-size: medium;\">\u00a0<\/span><\/p><h2><span style=\"color: #006fad; font-size: x-large;\">5. Les charges locatives<\/span><\/h2><h3><span style=\"font-size: large;\">5.1 Que dit la loi ?<\/span><\/h3><p><span style=\"font-family: 'arial' , 'helvetica' , sans-serif;\">Les charges locatives peuvent faire l'objet d'un versement provisionnel et doivent faire \"l'objet d'une r\u00e9gularisation annuelle\". La liste des charges exigibles est fix\u00e9e par le d\u00e9cret n\u00b0 87-713 du 26 ao\u00fbt 1987.<\/span><\/p><p><span style=\"font-family: 'arial' , 'helvetica' , sans-serif;\">Les charges locatives, appel\u00e9 \u00e9galement charges r\u00e9cup\u00e9rables, sont des <strong>d\u00e9penses prises en charges initialement par le propri\u00e9taire<\/strong>, mais que celui-ci <strong>peut se faire rembourser par le locataire<\/strong>. Ces charges doivent \u00eatre justifi\u00e9es, tant par leur nature que pour leur montant (art. 23 de la loi n\u00b0 89-462 du 6.7.1989).<\/span><\/p><p><span style=\"font-family: 'arial' , 'helvetica' , sans-serif;\"><br \/><\/span><span style=\"font-family: 'arial' , 'helvetica' , sans-serif;\">La liste des charges r\u00e9cup\u00e9rables est limitative (d\u00e9cret n\u00b0 87-713 du 26 ao\u00fbt 1987).<\/span>Pour en savoir plus sur les charges locatives, voici l'article qui y est consacr\u00e9 :\"<span style=\"white-space: pre-wrap;\"><a href=\"http:\/\/www.monsieurhugo.com\/blog\/2018\/04\/quelles-sont-les-charges-recuperables.html\" target=\"_blank\" rel=\"noopener noreferrer\"><span style=\"color: blue;\"><u>Quelles sont les charges r\u00e9cup\u00e9rables aupr\u00e8s du locataire ?<\/u><\/span><\/a>\".<\/span><\/p><p><span style=\"font-family: 'arial' , 'helvetica' , sans-serif; font-size: large;\"><br \/><\/span><span style=\"font-family: 'arial' , 'helvetica' , sans-serif; font-size: large;\"><br \/><\/span><span style=\"font-family: 'arial' , 'helvetica' , sans-serif;\">Les litiges portent principalement sur la question des <strong>r\u00e9gulations annuelles<\/strong><\/span><span style=\"font-family: 'arial' , 'helvetica' , sans-serif;\">.\u00a0<\/span><\/p><p>Le plus souvent, les charges locatives sont vers\u00e9es chaque mois et \u00e0 l\u2019avance, sous forme de provisions, en m\u00eame temps que le loyer. Dans ce cas, la loi impose une r\u00e9gularisation annuelle (art. 23 alin\u00e9a 3 de la loi de 1989) en comparant :<\/p><ul><li><span style=\"font-size: large;\">le total des provisions d\u00e9j\u00e0 demand\u00e9es par le bailleur aux locataires, <\/span><\/li><li><span style=\"font-size: large;\">avec les d\u00e9penses effectives engag\u00e9es par le propri\u00e9taire pendant l'ann\u00e9e. <\/span><\/li><\/ul><p><span style=\"font-family: 'arial' , 'helvetica' , sans-serif;\">La diff\u00e9rence est alors <strong>r\u00e9clam\u00e9e ou rembours\u00e9e<\/strong> au locataire.<\/span><br \/><span style=\"font-family: 'arial' , 'helvetica' , sans-serif;\"><br \/><\/span><\/p><p><span style=\"font-family: 'arial' , 'helvetica' , sans-serif;\">Un mois avant cette r\u00e9gularisation, vous devrez adresser au locataire le d\u00e9compte des charges, ventil\u00e9es par postes (entretien des espaces verts, ascenseur, chauffage, frais de personnel, etc.), et une note d\u2019information sur les modalit\u00e9s de calcul des charges de chauffage et de production d\u2019eau chaude sanitaire collectifs.<\/span><\/p><p><span style=\"font-family: 'arial' , 'helvetica' , sans-serif;\">Si les provisions sont sup\u00e9rieures aux d\u00e9penses r\u00e9elles, vous devrez reverser le trop-per\u00e7u au locataire. Dans le cas contraire, vous pourrez lui demander un compl\u00e9ment.<\/span><\/p><p><span style=\"font-family: 'arial' , 'helvetica' , sans-serif;\">Vous devrez tenir les <strong>pi\u00e8ces justificatives \u00e0 la disposition du locataire<\/strong> pendant <strong>6 mois<\/strong> apr\u00e8s l'envoi du d\u00e9compte des charges.<\/span><\/p><h3><span style=\"font-family: 'arial' , 'helvetica' , sans-serif;\">5.2 Quelle est la proc\u00e9dure \u00e0 suivre pour le propri\u00e9taire ?<\/span><\/h3><p><span style=\"font-family: 'arial' , 'helvetica' , sans-serif;\">Vous avez <strong>3 ans<\/strong> pour agir pour un arri\u00e9r\u00e9 de charges locatives d\u00fb depuis le 27 mars 2014 ou 5 ans pour les arri\u00e9r\u00e9s ant\u00e9rieurs au 27 mars 2014.<\/span><\/p><p><span style=\"font-family: 'arial' , 'helvetica' , sans-serif;\">Le locataire qui a des difficult\u00e9s pour payer ses charges peut, dans certains cas vous demander des d\u00e9lais de paiement.<\/span><\/p><p><span style=\"font-family: 'arial' , 'helvetica' , sans-serif;\">En cas d\u2019impossibilit\u00e9 de <strong>r\u00e9solution \u00e0 l\u2019amiable<\/strong>, le propri\u00e9taire ou le locataire doit <strong>mettre en demeure<\/strong> son interlocuteur.\u00a0<\/span><\/p><p><span style=\"font-family: 'arial' , 'helvetica' , sans-serif;\">Cette lettre, motiv\u00e9e juridiquement et accompagn\u00e9e d'une d\u00e9claration au greffe du Tribunal, constitue un avertissement.<\/span><br \/><span style=\"font-family: 'arial' , 'helvetica' , sans-serif;\"><br \/><\/span><\/p><p><span style=\"font-family: 'arial' , 'helvetica' , sans-serif;\">En cas de silence du propri\u00e9taire ou du locataire, il faut <strong>saisir le tribunal d'instance.<\/strong><\/span><\/p><h2><span style=\"color: #006fad; font-family: 'arial' , 'helvetica' , sans-serif; font-size: x-large;\">6. Les troubles de jouissance<\/span><\/h2><h3><span style=\"font-family: 'arial' , 'helvetica' , sans-serif;\">6.1 Que dit la loi ?<\/span><\/h3><p><span style=\"font-family: 'arial' , 'helvetica' , sans-serif;\">\"Le propri\u00e9taire a l'obligation de mettre \u00e0 disposition un <strong>logement d\u00e9cent<\/strong> \u00e0 son locataire en l\u2019entretenant et en effectuant les r\u00e9parations n\u00e9cessaires\". D\u00e9cret n\u00b02002-120 du 30 janvier 2002 \/ Articles 6 et 6-1 de la Loi du 6 Juillet 1989<\/span><span style=\"font-family: 'arial' , 'helvetica' , sans-serif; font-size: large;\"><br \/><\/span><span style=\"font-family: 'arial' , 'helvetica' , sans-serif; font-size: large;\">Pour en savoir plus sur les logements d\u00e9cents, voici la <a href=\"http:\/\/file.monsieurhugo.com\/Blog\/Caract%C3%A9ristiques%20bien%20d%C3%A9cent_Blog_Monsieur%20Hugo.pdf\" target=\"_blank\" rel=\"noopener noreferrer\"><span style=\"color: blue;\"><u>fiche officielle<\/u><\/span><\/a> fournie par Monsieur Hugo<span style=\"font-family: 'arial' , 'helvetica' , sans-serif;\">.<\/span><\/span><\/p><p><span style=\"font-family: 'arial' , 'helvetica' , sans-serif; font-size: large;\"><br \/><\/span><span style=\"font-family: 'arial' , 'helvetica' , sans-serif;\">Parmi les obligations que vous avez vis-<\/span><span style=\"font-family: 'arial' , 'helvetica' , sans-serif;\">\u00e0-vis de votre locataire figure celle de lui assurer un <strong>usage paisible du logement.<\/strong><\/span><\/p><p><span style=\"font-family: 'arial' , 'helvetica' , sans-serif;\">La majorit\u00e9 des r\u00e9clamations recens\u00e9es par la CGL concernent un mauvais entretien des lieux :\u00a0<\/span><\/p><ul><li>l'isolation thermique insuffisante des murs et des fen\u00eatres, le mauvais fonctionnement du syst\u00e8me de chauffage...<\/li><li>l\u2019introduction du propri\u00e9taire dans le logement sans autorisation du locataire,<\/li><li>la pr\u00e9sence d\u2019amiante ou autres substances n\u00e9fastes,<\/li><li>la pr\u00e9sence d\u2019insectes ou de nuisibles.<\/li><\/ul><p><span style=\"font-family: 'arial' , 'helvetica' , sans-serif;\">\u00a0<\/span><\/p><p><span style=\"font-family: 'arial' , 'helvetica' , sans-serif;\">Le bailleur n\u2019a pas non plus le droit de faire, sans le consentement du locataire, des changements \u00e0 l\u2019\u00e9tat des lieux lou\u00e9s, par exemple:<\/span><\/p><ul><li><span style=\"font-size: large;\">un refus d\u2019installer une boite aux lettres, <\/span><\/li><li><span style=\"font-size: large;\">l\u2019absence d\u2019installations \u00e9lectriques et de robinets d\u2019eau, <\/span><\/li><li><span style=\"font-size: large;\">la cessation de fourniture du chauffage collectif pr\u00e9vu par le bail, <\/span><\/li><li><span style=\"font-size: large;\">le refus d\u2019acc\u00e8s \u00e0 l\u2019ascenseur, etc.<\/span><\/li><\/ul><h3><span style=\"font-family: 'arial' , 'helvetica' , sans-serif;\">6.2 Quelle est la proc\u00e9dure \u00e0 suivre pour le locataire ?<\/span><\/h3><p><span style=\"font-family: 'arial' , 'helvetica' , sans-serif;\">Le locataire a <strong>5 ans pour agir<\/strong>.<\/span><\/p><p><span style=\"font-family: 'arial' , 'helvetica' , sans-serif;\">Toutefois, le locataire qui subit un trouble de jouissance ne peut pas, de son propre chef, suspendre le paiement des loyers ou minorer le montant de sa propre initiative. Il faut pour cela une autorisation pr\u00e9alable du juge.<\/span><br \/><span style=\"font-family: 'arial' , 'helvetica' , sans-serif;\"><br \/><\/span><\/p><p><span style=\"font-family: 'arial' , 'helvetica' , sans-serif;\">Il devra vous envoyer un <strong>courrier en recommand\u00e9<\/strong> avec accus\u00e9 de r\u00e9ception faisant \u00e9tat du trouble de jouissance.<\/span><br \/><span style=\"font-family: 'arial' , 'helvetica' , sans-serif;\">Ce courrier doit pr\u00e9ciser la nature du trouble et exprimer le besoin absolu de trouver une solution dans les meilleurs d\u00e9lais.<\/span><\/p><p><span style=\"font-family: 'arial' , 'helvetica' , sans-serif;\">Sans r\u00e9ponse dans les 2 mois suivant la r\u00e9ception, ou apr\u00e8s une r\u00e9ponse n\u00e9gative, <strong>le locataire pourra saisir la Commission D\u00e9partementale de Conciliation<\/strong>.\u00a0<\/span><\/p><p><span style=\"font-family: 'arial' , 'helvetica' , sans-serif;\">Elle recherchera alors une solution amiable pouvant convenir aux deux parties.<\/span><\/p><p><span style=\"font-family: 'arial' , 'helvetica' , sans-serif;\">Si cela ne fonctionne pas, le locataire pourra <strong>saisir la justice<\/strong>, qui pourra \u00e9ventuellement permettre de suspendre le paiement du loyer. Le juge pourra aussi octroyer au locataire des dommages-int\u00e9r\u00eats dont le montant peut \u00eatre plus ou moins \u00e9lev\u00e9 selon qu'il s'agit d'un simple trouble ou d'une v\u00e9ritable privation de jouissance.<\/span><\/p><p><span style=\"color: #006fad; font-family: 'arial' , 'helvetica' , sans-serif; font-size: x-large;\"><strong>Conclusion<\/strong><\/span><\/p><p><span style=\"font-family: 'arial' , 'helvetica' , sans-serif;\">Dans tous les cas privil\u00e9giez le dialogue et ce d\u00e8s les premiers signes de litiges apparents. Si cela ne porte aucun fruit, agissez rapidement car certaines proc\u00e9dures sont longues.<\/span><\/p><p><span style=\"font-size: large;\"><br \/><\/span><br \/><span style=\"font-size: large;\">Bonne location !<\/span><\/p><p><span style=\"font-size: large;\"><br \/><\/span><br \/><span style=\"font-size: large;\">A tr\u00e8s vite,\u00a0<\/span><\/p><p><span style=\"font-size: large;\"><strong><span style=\"color: #006fad;\">Monsieur Hugo<\/span><\/strong>, votre assistant personnel en gestion locative.<\/span><\/p><p><span style=\"font-size: large;\"><strong>Restons en conta<\/strong><span style=\"font-family: 'arial' , 'helvetica' , sans-serif;\"><strong>ct !\u00a0<\/strong><\/span><\/span><\/p><p><span style=\"font-size: large;\"><strong><span style=\"font-family: 'arial' , 'helvetica' , sans-serif;\">Inscrive<span style=\"font-family: 'arial' , 'helvetica' , sans-serif;\">z-vous \u00e0\u00a0<span style=\"font-family: 'arial' , 'helvetica' , sans-serif;\">ma\u00a0<span style=\"font-family: 'arial' , 'helvetica' , sans-serif;\">NEWSLETTER\u00a0<\/span><\/span><\/span><\/span><\/strong><\/span><span style=\"font-family: 'arial' , 'helvetica' , sans-serif;\"><span style=\"font-family: 'arial' , 'helvetica' , sans-serif;\">pour\u00a0<span style=\"font-family: 'arial' , 'helvetica' , sans-serif;\">recevoir<\/span>\u00a0les dernie<span style=\"font-family: 'arial' , 'helvetica' , sans-serif;\">rs docu<span style=\"font-family: 'arial' , 'helvetica' , sans-serif;\">ments contractu<span style=\"font-family: 'arial' , 'helvetica' , sans-serif;\">els \u00e0 jour (bail, \u00e9tat des lieux, mod\u00e8les de lettres, acte de ca<span style=\"font-family: 'arial' , 'helvetica' , sans-serif;\">ution<\/span>...), je les mets \u00e0 jour r\u00e9guli\u00e8rement en fonction des \u00e9volution<span style=\"font-family: 'arial' , 'helvetica' , sans-serif;\">s r\u00e9glementaires.<\/span><\/span><\/span><\/span><\/span><\/span><\/p><p><span style=\"font-size: large;\"><span style=\"font-family: 'arial' , 'helvetica' , sans-serif;\"><strong>Retrouvez-moi sur<\/strong>\u00a0<a href=\"https:\/\/www.facebook.com\/assistantmonsieurhugo\" target=\"_blank\" rel=\"noopener noreferrer\"><span style=\"color: blue;\"><u>Facebook<\/u><\/span><\/a><\/span><u><\/u><\/span><\/p><p><span style=\"font-size: large;\"><br \/><\/span><br \/><span style=\"font-size: large;\"><br \/><\/span><br \/><span style=\"font-size: large;\"> Je vous sugg\u00e8re aussi :<\/span><\/p><p><span style=\"font-family: 'arial' , 'helvetica' , sans-serif;\">> <a href=\"https:\/\/www.monsieurhugo.com\/blog\/2018\/03\/les-nouveautes-du-bail-apportees-par-la.html\" target=\"_blank\" rel=\"noopener noreferrer\"><span style=\"color: blue;\"><u>Les nouveaut\u00e9s du bail apport\u00e9es par la loi Alur (PDF bail \u00e0 t\u00e9l\u00e9charger gratuitement)<\/u><\/span><\/a><\/span><\/p><p dir=\"ltr\"><span style=\"background-color: transparent; color: black; font-style: normal; font-variant: normal; font-weight: 400; text-decoration: none; vertical-align: baseline; white-space: pre-wrap;\">> <\/span><a href=\"http:\/\/www.monsieurhugo.com\/blog\/2018\/01\/quittance-de-loyer-modele-a-telecharger.html\" target=\"_blank\" rel=\"noopener noreferrer\"><span style=\"color: blue;\"><u><span style=\"white-space: pre-wrap;\">Quittance de loyer - Mod\u00e8le de quittance \u00e0 t\u00e9l\u00e9charger<\/span><\/u><\/span><\/a><\/p><p><span style=\"white-space: pre-wrap;\">> <\/span><a href=\"https:\/\/www.monsieurhugo.com\/blog\/2018\/02\/signature-en-ligne-du-bail.html\" target=\"_blank\" rel=\"noopener noreferrer\"><span style=\"color: blue;\"><u><span style=\"white-space: pre-wrap;\">La signature en ligne du bail<\/span><\/u><\/span><\/a><\/p>","_et_gb_content_width":"","footnotes":""},"categories":[53],"tags":[],"class_list":["post-352147","post","type-post","status-publish","format-standard","has-post-thumbnail","hentry","category-bail"],"acf":[],"yoast_head":"<!-- This site is optimized with the Yoast SEO plugin v27.5 - https:\/\/yoast.com\/product\/yoast-seo-wordpress\/ -->\n<title>Les 6 principaux litiges li\u00e9s au bail. Quelles sont les proc\u00e9dures \u00e0 suivre ? - Monsieur Hugo<\/title>\n<meta name=\"robots\" content=\"index, follow, max-snippet:-1, max-image-preview:large, max-video-preview:-1\" \/>\n<link rel=\"canonical\" href=\"https:\/\/www.monsieurhugo.com\/blog\/2018\/09\/25\/les-6-principaux-litiges-lies-au-bail\/\" \/>\n<meta property=\"og:locale\" content=\"fr_FR\" \/>\n<meta property=\"og:type\" content=\"article\" \/>\n<meta property=\"og:title\" content=\"Les 6 principaux litiges li\u00e9s au bail. Quelles sont les proc\u00e9dures \u00e0 suivre ? - Monsieur Hugo\" \/>\n<meta property=\"og:description\" content=\"Mon propri\u00e9taire a augment\u00e9 le loyer ce mois-ci ! Mon locataire a encore du retard dans le paiement du loyer ! Mon propri\u00e9taire ne m&#039;a pas rendu ma caution ! Mon locataire ne m&#039;a pas rendu les cl\u00e9s du logement ! Mon propri\u00e9taire n&#039;a pas r\u00e9par\u00e9 la chaudi\u00e8re ! Mon locataire n&#039;a pas entretenu le [&hellip;]\" \/>\n<meta property=\"og:url\" content=\"https:\/\/www.monsieurhugo.com\/blog\/2018\/09\/25\/les-6-principaux-litiges-lies-au-bail\/\" \/>\n<meta property=\"og:site_name\" content=\"Monsieur Hugo\" \/>\n<meta property=\"article:publisher\" content=\"https:\/\/www.facebook.com\/assistantmonsieurhugo\/\" \/>\n<meta property=\"article:published_time\" content=\"2018-09-25T07:00:00+00:00\" \/>\n<meta property=\"article:modified_time\" content=\"2026-01-20T14:43:08+00:00\" \/>\n<meta property=\"og:image\" content=\"https:\/\/www.monsieurhugo.com\/blog\/wp-content\/uploads\/2018\/09\/bail-litige.jpg\" \/>\n\t<meta property=\"og:image:width\" content=\"2121\" \/>\n\t<meta property=\"og:image:height\" content=\"1414\" \/>\n\t<meta property=\"og:image:type\" content=\"image\/jpeg\" \/>\n<meta name=\"author\" content=\"Bruno Cantegrel\" \/>\n<meta name=\"twitter:card\" content=\"summary_large_image\" \/>\n<meta name=\"twitter:creator\" content=\"@monsieurhugo_\" \/>\n<meta name=\"twitter:site\" content=\"@monsieurhugo_\" \/>\n<meta name=\"twitter:label1\" content=\"\u00c9crit par\" \/>\n\t<meta name=\"twitter:data1\" content=\"Bruno Cantegrel\" \/>\n\t<meta name=\"twitter:label2\" content=\"Dur\u00e9e de lecture estim\u00e9e\" \/>\n\t<meta name=\"twitter:data2\" content=\"14 minutes\" \/>\n<script type=\"application\/ld+json\" class=\"yoast-schema-graph\">{\"@context\":\"https:\\\/\\\/schema.org\",\"@graph\":[{\"@type\":\"Article\",\"@id\":\"https:\\\/\\\/www.monsieurhugo.com\\\/blog\\\/2018\\\/09\\\/25\\\/les-6-principaux-litiges-lies-au-bail\\\/#article\",\"isPartOf\":{\"@id\":\"https:\\\/\\\/www.monsieurhugo.com\\\/blog\\\/2018\\\/09\\\/25\\\/les-6-principaux-litiges-lies-au-bail\\\/\"},\"author\":{\"name\":\"Bruno Cantegrel\",\"@id\":\"https:\\\/\\\/www.monsieurhugo.com\\\/blog\\\/#\\\/schema\\\/person\\\/c46c67fabd9bedfa0ce7d1f4142116c3\"},\"headline\":\"Les 6 principaux litiges li\u00e9s au bail. Quelles sont les proc\u00e9dures \u00e0 suivre ?\",\"datePublished\":\"2018-09-25T07:00:00+00:00\",\"dateModified\":\"2026-01-20T14:43:08+00:00\",\"mainEntityOfPage\":{\"@id\":\"https:\\\/\\\/www.monsieurhugo.com\\\/blog\\\/2018\\\/09\\\/25\\\/les-6-principaux-litiges-lies-au-bail\\\/\"},\"wordCount\":2901,\"publisher\":{\"@id\":\"https:\\\/\\\/www.monsieurhugo.com\\\/blog\\\/#organization\"},\"image\":{\"@id\":\"https:\\\/\\\/www.monsieurhugo.com\\\/blog\\\/2018\\\/09\\\/25\\\/les-6-principaux-litiges-lies-au-bail\\\/#primaryimage\"},\"thumbnailUrl\":\"https:\\\/\\\/www.monsieurhugo.com\\\/blog\\\/wp-content\\\/uploads\\\/2018\\\/09\\\/bail-litige.jpg\",\"articleSection\":[\"Contrat de bail\"],\"inLanguage\":\"fr-FR\"},{\"@type\":\"WebPage\",\"@id\":\"https:\\\/\\\/www.monsieurhugo.com\\\/blog\\\/2018\\\/09\\\/25\\\/les-6-principaux-litiges-lies-au-bail\\\/\",\"url\":\"https:\\\/\\\/www.monsieurhugo.com\\\/blog\\\/2018\\\/09\\\/25\\\/les-6-principaux-litiges-lies-au-bail\\\/\",\"name\":\"Les 6 principaux litiges li\u00e9s au bail. Quelles sont les proc\u00e9dures \u00e0 suivre ? - Monsieur Hugo\",\"isPartOf\":{\"@id\":\"https:\\\/\\\/www.monsieurhugo.com\\\/blog\\\/#website\"},\"primaryImageOfPage\":{\"@id\":\"https:\\\/\\\/www.monsieurhugo.com\\\/blog\\\/2018\\\/09\\\/25\\\/les-6-principaux-litiges-lies-au-bail\\\/#primaryimage\"},\"image\":{\"@id\":\"https:\\\/\\\/www.monsieurhugo.com\\\/blog\\\/2018\\\/09\\\/25\\\/les-6-principaux-litiges-lies-au-bail\\\/#primaryimage\"},\"thumbnailUrl\":\"https:\\\/\\\/www.monsieurhugo.com\\\/blog\\\/wp-content\\\/uploads\\\/2018\\\/09\\\/bail-litige.jpg\",\"datePublished\":\"2018-09-25T07:00:00+00:00\",\"dateModified\":\"2026-01-20T14:43:08+00:00\",\"breadcrumb\":{\"@id\":\"https:\\\/\\\/www.monsieurhugo.com\\\/blog\\\/2018\\\/09\\\/25\\\/les-6-principaux-litiges-lies-au-bail\\\/#breadcrumb\"},\"inLanguage\":\"fr-FR\",\"potentialAction\":[{\"@type\":\"ReadAction\",\"target\":[\"https:\\\/\\\/www.monsieurhugo.com\\\/blog\\\/2018\\\/09\\\/25\\\/les-6-principaux-litiges-lies-au-bail\\\/\"]}]},{\"@type\":\"ImageObject\",\"inLanguage\":\"fr-FR\",\"@id\":\"https:\\\/\\\/www.monsieurhugo.com\\\/blog\\\/2018\\\/09\\\/25\\\/les-6-principaux-litiges-lies-au-bail\\\/#primaryimage\",\"url\":\"https:\\\/\\\/www.monsieurhugo.com\\\/blog\\\/wp-content\\\/uploads\\\/2018\\\/09\\\/bail-litige.jpg\",\"contentUrl\":\"https:\\\/\\\/www.monsieurhugo.com\\\/blog\\\/wp-content\\\/uploads\\\/2018\\\/09\\\/bail-litige.jpg\",\"width\":2121,\"height\":1414},{\"@type\":\"BreadcrumbList\",\"@id\":\"https:\\\/\\\/www.monsieurhugo.com\\\/blog\\\/2018\\\/09\\\/25\\\/les-6-principaux-litiges-lies-au-bail\\\/#breadcrumb\",\"itemListElement\":[{\"@type\":\"ListItem\",\"position\":1,\"name\":\"Logiciel Gestion Locative En Ligne\",\"item\":\"https:\\\/\\\/www.monsieurhugo.com\\\/blog\\\/\"},{\"@type\":\"ListItem\",\"position\":2,\"name\":\"Contrat de bail\",\"item\":\"https:\\\/\\\/www.monsieurhugo.com\\\/blog\\\/category\\\/bail\\\/\"},{\"@type\":\"ListItem\",\"position\":3,\"name\":\"Les 6 principaux litiges li\u00e9s au bail. Quelles sont les proc\u00e9dures \u00e0 suivre ?\"}]},{\"@type\":\"WebSite\",\"@id\":\"https:\\\/\\\/www.monsieurhugo.com\\\/blog\\\/#website\",\"url\":\"https:\\\/\\\/www.monsieurhugo.com\\\/blog\\\/\",\"name\":\"Monsieur Hugo\",\"description\":\"Votre logiciel de gestion locative\",\"publisher\":{\"@id\":\"https:\\\/\\\/www.monsieurhugo.com\\\/blog\\\/#organization\"},\"potentialAction\":[{\"@type\":\"SearchAction\",\"target\":{\"@type\":\"EntryPoint\",\"urlTemplate\":\"https:\\\/\\\/www.monsieurhugo.com\\\/blog\\\/?s={search_term_string}\"},\"query-input\":{\"@type\":\"PropertyValueSpecification\",\"valueRequired\":true,\"valueName\":\"search_term_string\"}}],\"inLanguage\":\"fr-FR\"},{\"@type\":\"Organization\",\"@id\":\"https:\\\/\\\/www.monsieurhugo.com\\\/blog\\\/#organization\",\"name\":\"Monsieur Hugo\",\"url\":\"https:\\\/\\\/www.monsieurhugo.com\\\/blog\\\/\",\"logo\":{\"@type\":\"ImageObject\",\"inLanguage\":\"fr-FR\",\"@id\":\"https:\\\/\\\/www.monsieurhugo.com\\\/blog\\\/#\\\/schema\\\/logo\\\/image\\\/\",\"url\":\"https:\\\/\\\/www.monsieurhugo.com\\\/blog\\\/wp-content\\\/uploads\\\/2020\\\/06\\\/Logotype-final-v2.png\",\"contentUrl\":\"https:\\\/\\\/www.monsieurhugo.com\\\/blog\\\/wp-content\\\/uploads\\\/2020\\\/06\\\/Logotype-final-v2.png\",\"width\":898,\"height\":234,\"caption\":\"Monsieur Hugo\"},\"image\":{\"@id\":\"https:\\\/\\\/www.monsieurhugo.com\\\/blog\\\/#\\\/schema\\\/logo\\\/image\\\/\"},\"sameAs\":[\"https:\\\/\\\/www.facebook.com\\\/assistantmonsieurhugo\\\/\",\"https:\\\/\\\/x.com\\\/monsieurhugo_\",\"https:\\\/\\\/www.linkedin.com\\\/company\\\/18421005\\\/\"]},{\"@type\":\"Person\",\"@id\":\"https:\\\/\\\/www.monsieurhugo.com\\\/blog\\\/#\\\/schema\\\/person\\\/c46c67fabd9bedfa0ce7d1f4142116c3\",\"name\":\"Bruno Cantegrel\",\"image\":{\"@type\":\"ImageObject\",\"inLanguage\":\"fr-FR\",\"@id\":\"https:\\\/\\\/secure.gravatar.com\\\/avatar\\\/627f29f4ef165adeb61765fbeaf70336b3653293cbe1ba89fccd189379833b3a?s=96&d=mm&r=g\",\"url\":\"https:\\\/\\\/secure.gravatar.com\\\/avatar\\\/627f29f4ef165adeb61765fbeaf70336b3653293cbe1ba89fccd189379833b3a?s=96&d=mm&r=g\",\"contentUrl\":\"https:\\\/\\\/secure.gravatar.com\\\/avatar\\\/627f29f4ef165adeb61765fbeaf70336b3653293cbe1ba89fccd189379833b3a?s=96&d=mm&r=g\",\"caption\":\"Bruno Cantegrel\"},\"description\":\"Fondateur de Monsieur Hugo, dipl\u00f4m\u00e9 d'un MBA \u00e0 l'EDHEC et professeur \u00e0 HEC Paris. Expert en investissement locatif avec plus de 20 ans d'exp\u00e9rience, il est l'auteur de l'ouvrage 'Trouver un locataire pour son logement' aux \u00e9ditions Studyrama\",\"sameAs\":[\"https:\\\/\\\/www.monsieurhugo.com\\\/blog\\\/a-propos\\\/\",\"https:\\\/\\\/www.linkedin.com\\\/in\\\/bruno-bruno-4336096\\\/\"],\"alumniOf\":[{\"@type\":\"Organization\",\"name\":\"EDHEC Business School\"},{\"@type\":\"Organization\",\"name\":\"HEC Paris\"}],\"knowsAbout\":[\"Gestion locative\",\"Investissement immobilier\",\"Droit immobilier\",\"Proptech\"]}]}<\/script>\n<!-- \/ Yoast SEO plugin. -->","yoast_head_json":{"title":"Les 6 principaux litiges li\u00e9s au bail. Quelles sont les proc\u00e9dures \u00e0 suivre ? - Monsieur Hugo","robots":{"index":"index","follow":"follow","max-snippet":"max-snippet:-1","max-image-preview":"max-image-preview:large","max-video-preview":"max-video-preview:-1"},"canonical":"https:\/\/www.monsieurhugo.com\/blog\/2018\/09\/25\/les-6-principaux-litiges-lies-au-bail\/","og_locale":"fr_FR","og_type":"article","og_title":"Les 6 principaux litiges li\u00e9s au bail. Quelles sont les proc\u00e9dures \u00e0 suivre ? - Monsieur Hugo","og_description":"Mon propri\u00e9taire a augment\u00e9 le loyer ce mois-ci ! Mon locataire a encore du retard dans le paiement du loyer ! Mon propri\u00e9taire ne m'a pas rendu ma caution ! Mon locataire ne m'a pas rendu les cl\u00e9s du logement ! Mon propri\u00e9taire n'a pas r\u00e9par\u00e9 la chaudi\u00e8re ! Mon locataire n'a pas entretenu le [&hellip;]","og_url":"https:\/\/www.monsieurhugo.com\/blog\/2018\/09\/25\/les-6-principaux-litiges-lies-au-bail\/","og_site_name":"Monsieur Hugo","article_publisher":"https:\/\/www.facebook.com\/assistantmonsieurhugo\/","article_published_time":"2018-09-25T07:00:00+00:00","article_modified_time":"2026-01-20T14:43:08+00:00","og_image":[{"width":2121,"height":1414,"url":"https:\/\/www.monsieurhugo.com\/blog\/wp-content\/uploads\/2018\/09\/bail-litige.jpg","type":"image\/jpeg"}],"author":"Bruno Cantegrel","twitter_card":"summary_large_image","twitter_creator":"@monsieurhugo_","twitter_site":"@monsieurhugo_","twitter_misc":{"\u00c9crit par":"Bruno Cantegrel","Dur\u00e9e de lecture estim\u00e9e":"14 minutes"},"schema":{"@context":"https:\/\/schema.org","@graph":[{"@type":"Article","@id":"https:\/\/www.monsieurhugo.com\/blog\/2018\/09\/25\/les-6-principaux-litiges-lies-au-bail\/#article","isPartOf":{"@id":"https:\/\/www.monsieurhugo.com\/blog\/2018\/09\/25\/les-6-principaux-litiges-lies-au-bail\/"},"author":{"name":"Bruno Cantegrel","@id":"https:\/\/www.monsieurhugo.com\/blog\/#\/schema\/person\/c46c67fabd9bedfa0ce7d1f4142116c3"},"headline":"Les 6 principaux litiges li\u00e9s au bail. Quelles sont les proc\u00e9dures \u00e0 suivre ?","datePublished":"2018-09-25T07:00:00+00:00","dateModified":"2026-01-20T14:43:08+00:00","mainEntityOfPage":{"@id":"https:\/\/www.monsieurhugo.com\/blog\/2018\/09\/25\/les-6-principaux-litiges-lies-au-bail\/"},"wordCount":2901,"publisher":{"@id":"https:\/\/www.monsieurhugo.com\/blog\/#organization"},"image":{"@id":"https:\/\/www.monsieurhugo.com\/blog\/2018\/09\/25\/les-6-principaux-litiges-lies-au-bail\/#primaryimage"},"thumbnailUrl":"https:\/\/www.monsieurhugo.com\/blog\/wp-content\/uploads\/2018\/09\/bail-litige.jpg","articleSection":["Contrat de bail"],"inLanguage":"fr-FR"},{"@type":"WebPage","@id":"https:\/\/www.monsieurhugo.com\/blog\/2018\/09\/25\/les-6-principaux-litiges-lies-au-bail\/","url":"https:\/\/www.monsieurhugo.com\/blog\/2018\/09\/25\/les-6-principaux-litiges-lies-au-bail\/","name":"Les 6 principaux litiges li\u00e9s au bail. Quelles sont les proc\u00e9dures \u00e0 suivre ? - Monsieur Hugo","isPartOf":{"@id":"https:\/\/www.monsieurhugo.com\/blog\/#website"},"primaryImageOfPage":{"@id":"https:\/\/www.monsieurhugo.com\/blog\/2018\/09\/25\/les-6-principaux-litiges-lies-au-bail\/#primaryimage"},"image":{"@id":"https:\/\/www.monsieurhugo.com\/blog\/2018\/09\/25\/les-6-principaux-litiges-lies-au-bail\/#primaryimage"},"thumbnailUrl":"https:\/\/www.monsieurhugo.com\/blog\/wp-content\/uploads\/2018\/09\/bail-litige.jpg","datePublished":"2018-09-25T07:00:00+00:00","dateModified":"2026-01-20T14:43:08+00:00","breadcrumb":{"@id":"https:\/\/www.monsieurhugo.com\/blog\/2018\/09\/25\/les-6-principaux-litiges-lies-au-bail\/#breadcrumb"},"inLanguage":"fr-FR","potentialAction":[{"@type":"ReadAction","target":["https:\/\/www.monsieurhugo.com\/blog\/2018\/09\/25\/les-6-principaux-litiges-lies-au-bail\/"]}]},{"@type":"ImageObject","inLanguage":"fr-FR","@id":"https:\/\/www.monsieurhugo.com\/blog\/2018\/09\/25\/les-6-principaux-litiges-lies-au-bail\/#primaryimage","url":"https:\/\/www.monsieurhugo.com\/blog\/wp-content\/uploads\/2018\/09\/bail-litige.jpg","contentUrl":"https:\/\/www.monsieurhugo.com\/blog\/wp-content\/uploads\/2018\/09\/bail-litige.jpg","width":2121,"height":1414},{"@type":"BreadcrumbList","@id":"https:\/\/www.monsieurhugo.com\/blog\/2018\/09\/25\/les-6-principaux-litiges-lies-au-bail\/#breadcrumb","itemListElement":[{"@type":"ListItem","position":1,"name":"Logiciel Gestion Locative En Ligne","item":"https:\/\/www.monsieurhugo.com\/blog\/"},{"@type":"ListItem","position":2,"name":"Contrat de bail","item":"https:\/\/www.monsieurhugo.com\/blog\/category\/bail\/"},{"@type":"ListItem","position":3,"name":"Les 6 principaux litiges li\u00e9s au bail. Quelles sont les proc\u00e9dures \u00e0 suivre ?"}]},{"@type":"WebSite","@id":"https:\/\/www.monsieurhugo.com\/blog\/#website","url":"https:\/\/www.monsieurhugo.com\/blog\/","name":"Monsieur Hugo","description":"Votre logiciel de gestion locative","publisher":{"@id":"https:\/\/www.monsieurhugo.com\/blog\/#organization"},"potentialAction":[{"@type":"SearchAction","target":{"@type":"EntryPoint","urlTemplate":"https:\/\/www.monsieurhugo.com\/blog\/?s={search_term_string}"},"query-input":{"@type":"PropertyValueSpecification","valueRequired":true,"valueName":"search_term_string"}}],"inLanguage":"fr-FR"},{"@type":"Organization","@id":"https:\/\/www.monsieurhugo.com\/blog\/#organization","name":"Monsieur Hugo","url":"https:\/\/www.monsieurhugo.com\/blog\/","logo":{"@type":"ImageObject","inLanguage":"fr-FR","@id":"https:\/\/www.monsieurhugo.com\/blog\/#\/schema\/logo\/image\/","url":"https:\/\/www.monsieurhugo.com\/blog\/wp-content\/uploads\/2020\/06\/Logotype-final-v2.png","contentUrl":"https:\/\/www.monsieurhugo.com\/blog\/wp-content\/uploads\/2020\/06\/Logotype-final-v2.png","width":898,"height":234,"caption":"Monsieur Hugo"},"image":{"@id":"https:\/\/www.monsieurhugo.com\/blog\/#\/schema\/logo\/image\/"},"sameAs":["https:\/\/www.facebook.com\/assistantmonsieurhugo\/","https:\/\/x.com\/monsieurhugo_","https:\/\/www.linkedin.com\/company\/18421005\/"]},{"@type":"Person","@id":"https:\/\/www.monsieurhugo.com\/blog\/#\/schema\/person\/c46c67fabd9bedfa0ce7d1f4142116c3","name":"Bruno Cantegrel","image":{"@type":"ImageObject","inLanguage":"fr-FR","@id":"https:\/\/secure.gravatar.com\/avatar\/627f29f4ef165adeb61765fbeaf70336b3653293cbe1ba89fccd189379833b3a?s=96&d=mm&r=g","url":"https:\/\/secure.gravatar.com\/avatar\/627f29f4ef165adeb61765fbeaf70336b3653293cbe1ba89fccd189379833b3a?s=96&d=mm&r=g","contentUrl":"https:\/\/secure.gravatar.com\/avatar\/627f29f4ef165adeb61765fbeaf70336b3653293cbe1ba89fccd189379833b3a?s=96&d=mm&r=g","caption":"Bruno Cantegrel"},"description":"Fondateur de Monsieur Hugo, dipl\u00f4m\u00e9 d'un MBA \u00e0 l'EDHEC et professeur \u00e0 HEC Paris. Expert en investissement locatif avec plus de 20 ans d'exp\u00e9rience, il est l'auteur de l'ouvrage 'Trouver un locataire pour son logement' aux \u00e9ditions Studyrama","sameAs":["https:\/\/www.monsieurhugo.com\/blog\/a-propos\/","https:\/\/www.linkedin.com\/in\/bruno-bruno-4336096\/"],"alumniOf":[{"@type":"Organization","name":"EDHEC Business School"},{"@type":"Organization","name":"HEC Paris"}],"knowsAbout":["Gestion locative","Investissement immobilier","Droit immobilier","Proptech"]}]}},"_links":{"self":[{"href":"https:\/\/www.monsieurhugo.com\/blog\/wp-json\/wp\/v2\/posts\/352147","targetHints":{"allow":["GET"]}}],"collection":[{"href":"https:\/\/www.monsieurhugo.com\/blog\/wp-json\/wp\/v2\/posts"}],"about":[{"href":"https:\/\/www.monsieurhugo.com\/blog\/wp-json\/wp\/v2\/types\/post"}],"author":[{"embeddable":true,"href":"https:\/\/www.monsieurhugo.com\/blog\/wp-json\/wp\/v2\/users\/1"}],"replies":[{"embeddable":true,"href":"https:\/\/www.monsieurhugo.com\/blog\/wp-json\/wp\/v2\/comments?post=352147"}],"version-history":[{"count":1,"href":"https:\/\/www.monsieurhugo.com\/blog\/wp-json\/wp\/v2\/posts\/352147\/revisions"}],"predecessor-version":[{"id":355929,"href":"https:\/\/www.monsieurhugo.com\/blog\/wp-json\/wp\/v2\/posts\/352147\/revisions\/355929"}],"wp:featuredmedia":[{"embeddable":true,"href":"https:\/\/www.monsieurhugo.com\/blog\/wp-json\/wp\/v2\/media\/353108"}],"wp:attachment":[{"href":"https:\/\/www.monsieurhugo.com\/blog\/wp-json\/wp\/v2\/media?parent=352147"}],"wp:term":[{"taxonomy":"category","embeddable":true,"href":"https:\/\/www.monsieurhugo.com\/blog\/wp-json\/wp\/v2\/categories?post=352147"},{"taxonomy":"post_tag","embeddable":true,"href":"https:\/\/www.monsieurhugo.com\/blog\/wp-json\/wp\/v2\/tags?post=352147"}],"curies":[{"name":"wp","href":"https:\/\/api.w.org\/{rel}","templated":true}]}}