{"id":352079,"date":"2019-01-02T09:30:00","date_gmt":"2019-01-02T08:30:00","guid":{"rendered":""},"modified":"2026-04-13T23:32:02","modified_gmt":"2026-04-13T21:32:02","slug":"quelles-sont-les-nouveautes-apportees","status":"publish","type":"post","link":"https:\/\/www.monsieurhugo.com\/blog\/2019\/01\/02\/quelles-sont-les-nouveautes-apportees\/","title":{"rendered":"Quelles sont les nouveaut\u00e9s apport\u00e9es par la loi Elan sur le bail d&rsquo;habitation ?"},"content":{"rendered":"\n[et_pb_section fb_built=\u00a0\u00bb1&Prime; _builder_version=\u00a0\u00bb3.22&Prime;][et_pb_row _builder_version=\u00a0\u00bb3.25&Prime; background_size=\u00a0\u00bbinitial\u00a0\u00bb background_position=\u00a0\u00bbtop_left\u00a0\u00bb background_repeat=\u00a0\u00bbrepeat\u00a0\u00bb][et_pb_column type=\u00a0\u00bb4_4&Prime; _builder_version=\u00a0\u00bb3.25&Prime; custom_padding=\u00a0\u00bb|||\u00a0\u00bb custom_padding__hover=\u00a0\u00bb|||\u00a0\u00bb][et_pb_text _builder_version=\u00a0\u00bb4.4.9&Prime; background_size=\u00a0\u00bbinitial\u00a0\u00bb background_position=\u00a0\u00bbtop_left\u00a0\u00bb background_repeat=\u00a0\u00bbrepeat\u00a0\u00bb hover_enabled=\u00a0\u00bb0&Prime; text_font_size=\u00a0\u00bb19px\u00a0\u00bb]<h2 class=\"separator\">Le bail et la loi ELAN : savez-vous ce qui vous attend ?<\/h2>\n<p>La loi Elan ou loi logement modifie les rapports locataires propri\u00e9taires. De nombreuses mesures vont notamment impacter le bail.<\/p>\n<p>Outre le bail mobilit\u00e9, l&rsquo;encadrement des loyers et les sanctions accrues sur la location touristique que j&rsquo;ai d\u00e9j\u00e0 \u00e9voqu\u00e9s dans ce blog, je vais m&rsquo;attacher dans cet article \u00e0 d\u00e9velopper ces 2 points<span style=\"font-family: 'arial' , 'helvetica' , sans-serif; font-size: large;\">qui pourraient vous concerner, en tant que propri\u00e9taire bailleur <\/span>:<\/p>\n<ul>\n<li>l&rsquo;uniformisation des normes de peuplement en colocation<\/li>\n<li>la d\u00e9mat\u00e9rialisation des documents<\/li>\n<\/ul>\n<h3>Uniformisation des normes de peuplement en colocation<\/h3>\n<p><span style=\"font-family: 'arial' , 'helvetica' , sans-serif; font-size: large;\">Selon <\/span><span style=\"font-family: 'arial' , 'helvetica' , sans-serif; font-size: large;\"><span style=\"font-family: 'arial' , 'helvetica' , sans-serif; font-size: large;\"><span style=\"font-family: 'arial' , 'helvetica' , sans-serif; font-size: large;\">l&rsquo;<a href=\"https:\/\/www.legifrance.gouv.fr\/affichCodeArticle.do?cidTexte=LEGITEXT000006074096&amp;idArticle=LEGIARTI000028808282\" target=\"_blank\" rel=\"noopener noreferrer\">article L. 111-6-1<\/a> du code de la construction et de l&rsquo;habitation, <\/span>la colocation constitue une <strong>division de logement<\/strong>.<\/span> <\/span><\/p>\n<p><span style=\"font-family: 'arial' , 'helvetica' , sans-serif; font-size: large;\">La loi Alur du 24 mars 2014 est venue l\u00e9gif\u00e9rer sur la colocation en lui donnant une d\u00e9finition. La colocation est :<\/span><\/p>\n<p><span style=\"font-size: large;\">\u00ab\u00a0la location d&rsquo;un m\u00eame logement par plusieurs locataires, constituant leur r\u00e9sidence principale et formalis\u00e9e par la conclusion d&rsquo;un contrat unique ou de plusieurs contrats entre les locataires et le bailleur\u00a0\u00bb.<\/span><\/p>\n<p>En plus de lui instaurer un <strong>statut juridique<\/strong>, la loi Alur<span style=\"color: black; display: inline; float: none; font-family: 'arial' , 'helvetica' , sans-serif; font-size: large; font-style: normal; font-weight: 400; letter-spacing: normal; text-indent: 0px; text-transform: none; white-space: normal; word-spacing: 0px;\">a mis<\/span> en place des <strong>normes de d\u00e9cence<\/strong> \u00e0 la colocation notamment avec les \u00ab\u00a0normes de peuplement\u00a0\u00bb pour lutter contre les marchands de sommeil.<\/p>\n<p>En cas de baux multiples, la loi Alur impose que chaque locataire doit avoir la <strong>jouissance exclusive de parties privatives en surface et en volume d\u2019au moins 14 m\u00b2 et 33 m3.<\/strong><\/p>\n<p>Toutefois, pour un <strong>bail unique<\/strong>, les normes de peuplement sont diff\u00e9rentes. Pour \u00eatre d\u00e9cent, le logement doit avoir une surface d\u2019au moins <strong>9 m\u00b2<\/strong> pour une personne seule et d\u2019au moins 16 m\u00b2 pour 2 personnes, en ajoutant 9 m\u00b2 par personne suppl\u00e9mentaire jusqu\u2019\u00e0 huit personnes.<\/p>\n<p>La loi Elan est venue uniformiser ces normes. Elle supprime les incoh\u00e9rences en mati\u00e8re de r\u00e8gles de surfaces.<\/p>\n<p>L&rsquo;<span style=\"font-size: large;\"><a href=\"https:\/\/www.legifrance.gouv.fr\/affichTexteArticle.do;jsessionid=459DF9E26D91E4F1760AFA71613D2A86.tplgfr22s_2?idArticle=JORFARTI000037639644&amp;cidTexte=JORFTEXT000037639478&amp;dateTexte=29990101&amp;categorieLien=id\" target=\"_blank\" rel=\"noopener noreferrer\"><span style=\"color: blue;\"><u>article 141<\/u><\/span><\/a> <\/span>indique que la surface et le volume habitable minimal pr\u00e9vus dans les crit\u00e8res de d\u00e9cence des locaux d\u2019habitation, doivent d\u00e9sormais <strong>quelque soit le type de bail \u00eatre au moins \u00e9gale \u00e0 9 m2 et \u00e0 20 m3<\/strong>.<\/p>\n<p>Et les caract\u00e9ristiques de la <strong>d\u00e9cence<\/strong> s\u2019appr\u00e9cieront dor\u00e9navant non plus \u00e0 partir de la seule partie du logement dont le colocataire a la jouissance exclusive mais par la <strong>prise en compte de l\u2019ensemble du logement<\/strong>.<\/p>\n<p>Pour en savoir plus sur le <strong>bail de colocation meubl\u00e9 et t\u00e9l\u00e9charger votre bail meubl\u00e9<\/strong>, je vous conseille cet article : <a href=\"https:\/\/www.monsieurhugo.com\/blog\/2018\/04\/tout-savoir-sur-la-colocation.html\" target=\"_blank\" rel=\"noopener noreferrer\"><span style=\"color: blue;\"><u>Vous vous lancez dans la colocation ? Tout savoir sur le bail de colocation meubl\u00e9 !<\/u><\/span><\/a><\/p>\n<h3>En route vers la d\u00e9mat\u00e9rialisation&#8230;<\/h3>\n<p>La loi Elan mise sur le num\u00e9rique pour redynamiser le secteur immobilier.<\/p>\n<p>Ainsi <strong>avec l\u2019accord du locataire<\/strong>, le bailleur pourra d\u00e9sormais fournir un certain nombre de documents par e-mail :<\/p>\n<ul>\n<li>le <strong>dossier de diagnostic technique<\/strong>,<\/li>\n<li>lorsque le logement est soumis au statut de la copropri\u00e9t\u00e9, les <strong>extraits du r\u00e8glement de copropri\u00e9t\u00e9 <\/strong>concernant la destination de l\u2019immeuble, la jouissance et l\u2019usage des parties privatives et communes, et pr\u00e9cisant la quote-part aff\u00e9rente au lot lou\u00e9 dans chacune des cat\u00e9gories de charges.<\/li>\n<\/ul>\n<p>Par ailleurs, il ne sera <strong>plus n\u00e9cessaire pour les garants de recopier \u00e0 la main<\/strong> le long texte de l&rsquo;acte de caution. Il est supprim\u00e9 par l&rsquo;<a href=\"https:\/\/www.legifrance.gouv.fr\/affichTexteArticle.do;jsessionid=CDEF08D418B6ED3CE368FD9E3C90BA81.tplgfr22s_2?idArticle=JORFARTI000037639637&amp;cidTexte=JORFTEXT000037639478&amp;dateTexte=29990101&amp;categorieLien=id\" target=\"_blank\" rel=\"noopener noreferrer\"><u><span style=\"font-family: 'arial' , 'helvetica' , sans-serif;\"><span style=\"font-size: large;\">article 134<\/span><\/span><\/u><\/a>de la loi Elan.<\/p>\n<p>Car jusqu&rsquo;\u00e0 pr\u00e9sent, pour que le cautionnement soit valable, le contrat de caution solidaire devait obligatoirement comporter les mentions manuscrites suivantes :<\/p>\n<ul>\n<li>le montant du loyer en chiffres et en lettres, ainsi que les conditions de sa r\u00e9vision ;<\/li>\n<li>la mention exprimant clairement que la caution a pris connaissance de la nature et de l&rsquo;\u00e9tendue de son engagement.<\/li>\n<li>si la caution est solidaire, elle devait l&rsquo;\u00e9crire dans l&rsquo;acte ;<\/li>\n<li>enfin la caution devait reproduire l&rsquo;article de loi suivant :<\/li>\n<\/ul>\n<p>\u00ab Lorsque le cautionnement d&rsquo;obligations r\u00e9sultant d&rsquo;un contrat de location conclu en application du pr\u00e9sent titre ne comporte aucune indication de dur\u00e9e ou lorsque la dur\u00e9e du cautionnement est stipul\u00e9e ind\u00e9termin\u00e9e, la caution peut le r\u00e9silier unilat\u00e9ralement. La r\u00e9siliation prend effet au terme du contrat de location, qu&rsquo;il s&rsquo;agisse du contrat initial ou d&rsquo;un contrat reconduit ou renouvel\u00e9, au cours duquel le bailleur re\u00e7oit notification de la r\u00e9siliation\u00a0\u00bb. \u00bb<\/p>\n<p>D\u00e9sormais, elles seront int\u00e9gr\u00e9es au bail type de location et les garants n\u2019auront plus qu\u2019\u00e0 apposer leur signature \u00e9lectronique.<\/p>\n<p>Vous en saurez plus sur l&rsquo;<strong>acte de caution solidaire<\/strong> dans ce dossier \u00e0 lire <a href=\"https:\/\/www.monsieurhugo.com\/blog\/2018\/01\/garants-modele-lettre-gratuit.html\" target=\"_blank\" rel=\"noopener noreferrer\"><span style=\"color: blue;\"><u>ici<\/u><\/span><\/a>.\u00a0<\/p>\n<p>Pour d\u00e9couvrir les autres nouveaut\u00e9s apport\u00e9es au bail par la loi Elan, je vous recommande cet article du Journal de l&rsquo;Agence que vous retrouverez<span style=\"font-family: 'arial' , 'helvetica' , sans-serif;\"> <a href=\"https:\/\/www.journaldelagence.com\/1158773-les-nouveautes-pour-le-bail-dhabitation-anne-claude-poncet-expert-immobilier-businessfil\" target=\"_blank\" rel=\"noopener noreferrer\"><span style=\"color: blue;\"><u>ici<\/u><\/span><\/a>.<\/span><span style=\"font-family: 'arial' , 'helvetica' , sans-serif;\"><span style=\"color: blue;\"><u><br \/> <\/u><\/span><\/span><\/p>\n<p><span style=\"font-weight: normal;\"><span style=\"font-family: 'arial' , 'helvetica' , sans-serif;\"><span style=\"font-size: large;\">Je vous conseille aussi :<\/span><\/span><\/span><\/p>\n<ul>\n<li><span style=\"font-weight: normal;\"><span style=\"color: blue; font-size: large;\"><span style=\"font-size: large;\"><span style=\"font-family: 'arial' , 'helvetica' , sans-serif;\"><span style=\"font-family: 'arial' , 'helvetica' , sans-serif;\"><span style=\"color: black;\"><a href=\"https:\/\/www.monsieurhugo.com\/blog\/2018\/03\/les-nouveautes-du-bail-apportees-par-la.html\" target=\"_blank\" rel=\"noopener noreferrer\"><span style=\"color: blue;\"><u>Les nouveaut\u00e9s apport\u00e9es par la loi Alur (pdf bail \u00e0 t\u00e9l\u00e9charger)<\/u><\/span><\/a><\/span><\/span><\/span><\/span><\/span><\/span><\/li>\n<li><span style=\"font-weight: normal;\"><span style=\"color: blue; font-size: large;\"><span style=\"font-size: large;\"><span style=\"font-family: 'arial' , 'helvetica' , sans-serif;\"><span style=\"font-family: 'arial' , 'helvetica' , sans-serif;\"><span style=\"color: black;\"><a href=\"https:\/\/www.monsieurhugo.com\/blog\/2018\/02\/loyer-impaye-que-faire.html\" target=\"_blank\" rel=\"noopener noreferrer\"><span style=\"color: blue;\"><u>Mon locataire ne paie plus son loyer ! Que dois-je faire ?<\/u><\/span><\/a><\/span><\/span><\/span><\/span><\/span><\/span><\/li>\n<li><span style=\"font-weight: normal;\"><span style=\"font-family: 'arial' , 'helvetica' , sans-serif;\"><span style=\"font-size: large;\"><a href=\"https:\/\/www.monsieurhugo.com\/blog\/2018\/11\/duree-du-bail-preavis-caution-fiscalite.html\" target=\"_blank\" rel=\"noopener noreferrer\"><span style=\"color: blue;\"><u>Dur\u00e9e, caution, fiscalit\u00e9&#8230; Quelles sont les diff\u00e9rences entre une location meubl\u00e9e et une location nue ?<\/u><\/span><\/a><\/span><\/span><\/span><\/li>\n<\/ul>\n<p><span style=\"font-family: 'arial' , 'helvetica' , sans-serif;\">\u00a0<\/span><\/p>\n[\/et_pb_text][\/et_pb_column][\/et_pb_row][\/et_pb_section]\n","protected":false},"excerpt":{"rendered":"<p>Le bail et la loi ELAN : savez-vous ce qui vous attend ? La loi Elan ou loi logement modifie les rapports locataires propri\u00e9taires. De nombreuses mesures vont notamment impacter le bail. Outre le bail mobilit\u00e9, l&rsquo;encadrement des loyers et les sanctions accrues sur la location touristique que j&rsquo;ai d\u00e9j\u00e0 \u00e9voqu\u00e9s dans ce blog, je [&hellip;]<\/p>\n","protected":false},"author":1,"featured_media":360713,"comment_status":"closed","ping_status":"closed","sticky":false,"template":"","format":"standard","meta":{"_acf_changed":false,"_et_pb_use_builder":"on","_et_pb_old_content":"<p class=\"separator\"><img src=\"https:\/\/3.bp.blogspot.com\/-rHnckTEgf3w\/XCyEBqzwUvI\/AAAAAAAAAUc\/dysK99vDOmIFIF_mfJL0HmwKSjzmq_IDACLcBGAs\/s1600\/news.png\" \/><\/p><h2>Le bail et la loi ELAN : savez-vous ce qui vous attend ?<\/h2><p>La loi Elan ou loi logement modifie les rapports locataires propri\u00e9taires. De nombreuses mesures vont notamment impacter le bail.<\/p><p>Outre le bail mobilit\u00e9, l'encadrement des loyers et les sanctions accrues sur la location touristique que j'ai d\u00e9j\u00e0 \u00e9voqu\u00e9s dans ce blog, je vais m'attacher dans cet article \u00e0 d\u00e9velopper ces 2 points<span style=\"font-family: 'arial' , 'helvetica' , sans-serif; font-size: large;\">qui pourraient vous concerner, en tant que propri\u00e9taire bailleur <\/span>:<\/p><ul><li>l'uniformisation des normes de peuplement en colocation<\/li><li>la d\u00e9mat\u00e9rialisation des documents<\/li><\/ul><h3>Uniformisation des normes de peuplement en colocation<\/h3><p><span style=\"font-family: 'arial' , 'helvetica' , sans-serif; font-size: large;\">Selon <\/span><span style=\"font-family: 'arial' , 'helvetica' , sans-serif; font-size: large;\"><span style=\"font-family: 'arial' , 'helvetica' , sans-serif; font-size: large;\"><span style=\"font-family: 'arial' , 'helvetica' , sans-serif; font-size: large;\">l'<a href=\"https:\/\/www.legifrance.gouv.fr\/affichCodeArticle.do?cidTexte=LEGITEXT000006074096&idArticle=LEGIARTI000028808282\" target=\"_blank\" rel=\"noopener noreferrer\">article L. 111-6-1<\/a> du code de la construction et de l'habitation, <\/span>la colocation constitue une <strong>division de logement<\/strong>.<\/span> <\/span><\/p><p><span style=\"font-family: 'arial' , 'helvetica' , sans-serif; font-size: large;\">La loi Alur du 24 mars 2014 est venue l\u00e9gif\u00e9rer sur la colocation en lui donnant une d\u00e9finition. La colocation est :<\/span><\/p><p><span style=\"font-size: large;\">\"la location d'un m\u00eame logement par plusieurs locataires, constituant leur r\u00e9sidence principale et formalis\u00e9e par la conclusion d'un contrat unique ou de plusieurs contrats entre les locataires et le bailleur\".<\/span><\/p><p>En plus de lui instaurer un <strong>statut juridique<\/strong>, la loi Alur<span style=\"color: black; display: inline; float: none; font-family: 'arial' , 'helvetica' , sans-serif; font-size: large; font-style: normal; font-weight: 400; letter-spacing: normal; text-indent: 0px; text-transform: none; white-space: normal; word-spacing: 0px;\">a mis<\/span> en place des <strong>normes de d\u00e9cence<\/strong> \u00e0 la colocation notamment avec les \"normes de peuplement\" pour lutter contre les marchands de sommeil.<\/p><p>En cas de baux multiples, la loi Alur impose que chaque locataire doit avoir la <strong>jouissance exclusive de parties privatives en surface et en volume d\u2019au moins 14 m\u00b2 et 33 m3.<\/strong><\/p><p>Toutefois, pour un <strong>bail unique<\/strong>, les normes de peuplement sont diff\u00e9rentes. Pour \u00eatre d\u00e9cent, le logement doit avoir une surface d\u2019au moins <strong>9 m\u00b2<\/strong> pour une personne seule et d\u2019au moins 16 m\u00b2 pour 2 personnes, en ajoutant 9 m\u00b2 par personne suppl\u00e9mentaire jusqu\u2019\u00e0 huit personnes.<\/p><p>La loi Elan est venue uniformiser ces normes. Elle supprime les incoh\u00e9rences en mati\u00e8re de r\u00e8gles de surfaces.<\/p><p>L'<span style=\"font-size: large;\"><a href=\"https:\/\/www.legifrance.gouv.fr\/affichTexteArticle.do;jsessionid=459DF9E26D91E4F1760AFA71613D2A86.tplgfr22s_2?idArticle=JORFARTI000037639644&cidTexte=JORFTEXT000037639478&dateTexte=29990101&categorieLien=id\" target=\"_blank\" rel=\"noopener noreferrer\"><span style=\"color: blue;\"><u>article 141<\/u><\/span><\/a> <\/span>indique que la surface et le volume habitable minimal pr\u00e9vus dans les crit\u00e8res de d\u00e9cence des locaux d\u2019habitation, doivent d\u00e9sormais <strong>quelque soit le type de bail \u00eatre au moins \u00e9gale \u00e0 9 m2 et \u00e0 20 m3<\/strong>.<\/p><p>Et les caract\u00e9ristiques de la <strong>d\u00e9cence<\/strong> s\u2019appr\u00e9cieront dor\u00e9navant non plus \u00e0 partir de la seule partie du logement dont le colocataire a la jouissance exclusive mais par la <strong>prise en compte de l\u2019ensemble du logement<\/strong>.<\/p><p>Pour en savoir plus sur le <strong>bail de colocation meubl\u00e9 et t\u00e9l\u00e9charger votre bail meubl\u00e9<\/strong>, je vous conseille cet article : <a href=\"https:\/\/www.monsieurhugo.com\/blog\/2018\/04\/tout-savoir-sur-la-colocation.html\" target=\"_blank\" rel=\"noopener noreferrer\"><span style=\"color: blue;\"><u>Vous vous lancez dans la colocation ? Tout savoir sur le bail de colocation meubl\u00e9 !<\/u><\/span><\/a><\/p><h3>\u00a0<\/h3><h3>En route vers la d\u00e9mat\u00e9rialisation...<\/h3><p>La loi Elan mise sur le num\u00e9rique pour redynamiser le secteur immobilier.<\/p><p>Ainsi <strong>avec l\u2019accord du locataire<\/strong>, le bailleur pourra d\u00e9sormais fournir un certain nombre de documents par e-mail :<\/p><ul><li>le <strong>dossier de diagnostic technique<\/strong>,<\/li><li>lorsque le logement est soumis au statut de la copropri\u00e9t\u00e9, les <strong>extraits du r\u00e8glement de copropri\u00e9t\u00e9 <\/strong>concernant la destination de l\u2019immeuble, la jouissance et l\u2019usage des parties privatives et communes, et pr\u00e9cisant la quote-part aff\u00e9rente au lot lou\u00e9 dans chacune des cat\u00e9gories de charges.<\/li><\/ul><p>Par ailleurs, il ne sera <strong>plus n\u00e9cessaire pour les garants de recopier \u00e0 la main<\/strong> le long texte de l'acte de caution. Il est supprim\u00e9 par l'<a href=\"https:\/\/www.legifrance.gouv.fr\/affichTexteArticle.do;jsessionid=CDEF08D418B6ED3CE368FD9E3C90BA81.tplgfr22s_2?idArticle=JORFARTI000037639637&cidTexte=JORFTEXT000037639478&dateTexte=29990101&categorieLien=id\" target=\"_blank\" rel=\"noopener noreferrer\"><u><span style=\"font-family: 'arial' , 'helvetica' , sans-serif;\"><span style=\"font-size: large;\">article 134<\/span><\/span><\/u><\/a>de la loi Elan.<\/p><p>Car jusqu'\u00e0 pr\u00e9sent, pour que le cautionnement soit valable, le contrat de caution solidaire devait obligatoirement comporter les mentions manuscrites suivantes :<\/p><ul><li>le montant du loyer en chiffres et en lettres, ainsi que les conditions de sa r\u00e9vision ;<\/li><li>la mention exprimant clairement que la caution a pris connaissance de la nature et de l'\u00e9tendue de son engagement.\u00a0<\/li><li>si la caution est solidaire, elle devait l'\u00e9crire dans l'acte ;<\/li><li>enfin la caution devait reproduire l'article de loi suivant :<\/li><\/ul><p>\u00ab Lorsque le cautionnement d'obligations r\u00e9sultant d'un contrat de location conclu en application du pr\u00e9sent titre ne comporte aucune indication de dur\u00e9e ou lorsque la dur\u00e9e du cautionnement est stipul\u00e9e ind\u00e9termin\u00e9e, la caution peut le r\u00e9silier unilat\u00e9ralement. La r\u00e9siliation prend effet au terme du contrat de location, qu'il s'agisse du contrat initial ou d'un contrat reconduit ou renouvel\u00e9, au cours duquel le bailleur re\u00e7oit notification de la r\u00e9siliation\". \u00bb<\/p><p>D\u00e9sormais, elles seront int\u00e9gr\u00e9es au bail type de location et les garants n\u2019auront plus qu\u2019\u00e0 apposer leur signature \u00e9lectronique.\u00a0<\/p><p>Vous en saurez plus sur l'<strong>acte de caution solidaire<\/strong> dans ce dossier \u00e0 lire <a href=\"https:\/\/www.monsieurhugo.com\/blog\/2018\/01\/garants-modele-lettre-gratuit.html\" target=\"_blank\" rel=\"noopener noreferrer\"><span style=\"color: blue;\"><u>ici<\/u><\/span><\/a>.<\/p><p>\u00a0<\/p><p>Pour d\u00e9couvrir les autres nouveaut\u00e9s apport\u00e9es au bail par la loi Elan, je vous recommande cet article du Journal de l'Agence que vous retrouverez<span style=\"font-family: 'arial' , 'helvetica' , sans-serif;\"><a href=\"https:\/\/www.journaldelagence.com\/1158773-les-nouveautes-pour-le-bail-dhabitation-anne-claude-poncet-expert-immobilier-businessfil\" target=\"_blank\" rel=\"noopener noreferrer\"><span style=\"color: blue;\"><u>ici<\/u><\/span><\/a>.<\/span><span style=\"font-family: 'arial' , 'helvetica' , sans-serif;\"><span style=\"color: blue;\"><u><br \/><\/u><\/span><\/span><\/p><p><span style=\"font-family: 'arial' , 'helvetica' , sans-serif;\"><span style=\"font-weight: normal;\"><span style=\"font-family: 'arial' , 'helvetica' , sans-serif;\"><span style=\"font-size: large;\">Bonne location,<\/span><\/span><\/span><\/span><\/p><p><span style=\"font-weight: normal;\"><strong><span style=\"font-family: 'arial' , 'helvetica' , sans-serif; font-size: large;\"><span style=\"color: #006fad;\">Monsieur Hugo<\/span><\/span><\/strong><span style=\"font-family: 'arial' , 'helvetica' , sans-serif; font-size: large;\">,<\/span><\/span><\/p><p><span style=\"font-weight: normal;\"><span style=\"font-family: 'arial' , 'helvetica' , sans-serif; font-size: large;\">Votre assistant personnel en gestion locative<\/span><\/span><\/p><p><span style=\"font-weight: normal;\"><br \/><\/span><span style=\"font-weight: normal;\"><span style=\"font-family: 'arial' , 'helvetica' , sans-serif;\"><span style=\"font-size: large;\">Inscrivez-vous d\u00e8s maintenant \u00e0 ma\u00a0<\/span><\/span><a href=\"https:\/\/www.monsieurhugo.com\/blog\/p\/blog-page.html\" target=\"_blank\" rel=\"noopener noreferrer\"><span style=\"color: blue;\"><u><span style=\"font-size: large;\"><span style=\"font-family: 'arial' , 'helvetica' , sans-serif;\">NEWSLETTER<\/span><\/span><\/u><\/span><\/a><span style=\"font-family: 'arial' , 'helvetica' , sans-serif;\"><span style=\"font-size: large;\">, pour b\u00e9n\u00e9ficier de conseils sur la\u00a0gestion locative en ligne\u00a0et\u00a0<span style=\"font-family: 'arial' , 'helvetica' , sans-serif;\">\u00eatre averti<span style=\"font-family: 'arial' , 'helvetica' , sans-serif;\">s des \u00e9volutions importantes pour louer en toute s\u00e9curit\u00e9.<\/span><\/span><\/span><\/span><\/span><\/p><p><span style=\"font-weight: normal;\"><span style=\"font-family: 'arial' , 'helvetica' , sans-serif;\"><span style=\"font-size: large;\"><span style=\"font-family: 'arial' , 'helvetica' , sans-serif;\"><span style=\"font-family: 'arial' , 'helvetica' , sans-serif;\"><span style=\"font-family: 'arial' , 'helvetica' , sans-serif;\"><span style=\"font-size: large;\"><span style=\"font-family: 'arial' , 'helvetica' , sans-serif;\"><strong>Retrouvez-moi sur\u00a0<\/strong><a href=\"https:\/\/www.facebook.com\/assistantmonsieurhugo\" target=\"_blank\" rel=\"noopener noreferrer\"><span style=\"color: blue;\"><u>Facebook<\/u><\/span><\/a><\/span><\/span><\/span> <\/span><\/span><\/span><\/span><\/span><\/p><p><span style=\"font-weight: normal;\"><br \/><\/span><span style=\"font-weight: normal;\"><span style=\"font-family: 'arial' , 'helvetica' , sans-serif;\"><span style=\"font-size: large;\">Je vous conseille aussi :<\/span><\/span><\/span><\/p><p><span style=\"font-weight: normal;\"><span style=\"color: blue; font-size: large;\"><span style=\"font-size: large;\"><span style=\"font-family: 'arial' , 'helvetica' , sans-serif;\"><span style=\"font-family: 'arial' , 'helvetica' , sans-serif;\"><span style=\"color: black;\">> <a href=\"https:\/\/www.monsieurhugo.com\/blog\/2018\/03\/les-nouveautes-du-bail-apportees-par-la.html\" target=\"_blank\" rel=\"noopener noreferrer\"><span style=\"color: blue;\"><u>Les nouveaut\u00e9s apport\u00e9es par la loi Alur (pdf bail \u00e0 t\u00e9l\u00e9charger)<\/u><\/span><\/a><\/span><\/span><\/span><\/span><\/span><\/span><\/p><p><span style=\"font-weight: normal;\"><span style=\"color: blue; font-size: large;\"><span style=\"font-size: large;\"><span style=\"font-family: 'arial' , 'helvetica' , sans-serif;\"><span style=\"font-family: 'arial' , 'helvetica' , sans-serif;\"><span style=\"color: black;\">> <a href=\"https:\/\/www.monsieurhugo.com\/blog\/2018\/02\/loyer-impaye-que-faire.html\" target=\"_blank\" rel=\"noopener noreferrer\"><span style=\"color: blue;\"><u>Mon locataire ne paie plus son loyer ! Que dois-je faire ?<\/u><\/span><\/a><\/span><\/span><\/span><\/span><\/span><\/span><\/p><p><span style=\"font-weight: normal;\"><span style=\"font-family: 'arial' , 'helvetica' , sans-serif;\"><span style=\"font-size: large;\">>\u00a0<a href=\"https:\/\/www.monsieurhugo.com\/blog\/2018\/11\/duree-du-bail-preavis-caution-fiscalite.html\" target=\"_blank\" rel=\"noopener noreferrer\"><span style=\"color: blue;\"><u>Dur\u00e9e, caution, fiscalit\u00e9... Quelles sont les diff\u00e9rences entre une location meubl\u00e9e et une location nue ?<\/u><\/span><\/a><\/span><\/span><\/span><\/p><p><span style=\"font-family: 'arial' , 'helvetica' , sans-serif;\">\u00a0<\/span><\/p>","_et_gb_content_width":"","footnotes":""},"categories":[53],"tags":[],"class_list":["post-352079","post","type-post","status-publish","format-standard","has-post-thumbnail","hentry","category-bail"],"acf":[],"yoast_head":"<!-- This site is optimized with the Yoast SEO plugin v27.5 - https:\/\/yoast.com\/product\/yoast-seo-wordpress\/ -->\n<title>Quelles sont les nouveaut\u00e9s apport\u00e9es par la loi Elan sur le bail d&#039;habitation ? - Monsieur Hugo<\/title>\n<meta name=\"robots\" content=\"index, follow, max-snippet:-1, max-image-preview:large, max-video-preview:-1\" \/>\n<link rel=\"canonical\" href=\"https:\/\/www.monsieurhugo.com\/blog\/2019\/01\/02\/quelles-sont-les-nouveautes-apportees\/\" \/>\n<meta property=\"og:locale\" content=\"fr_FR\" \/>\n<meta property=\"og:type\" content=\"article\" \/>\n<meta property=\"og:title\" content=\"Quelles sont les nouveaut\u00e9s apport\u00e9es par la loi Elan sur le bail d&#039;habitation ? - Monsieur Hugo\" \/>\n<meta property=\"og:description\" content=\"Le bail et la loi ELAN : savez-vous ce qui vous attend ? La loi Elan ou loi logement modifie les rapports locataires propri\u00e9taires. De nombreuses mesures vont notamment impacter le bail. Outre le bail mobilit\u00e9, l&#039;encadrement des loyers et les sanctions accrues sur la location touristique que j&#039;ai d\u00e9j\u00e0 \u00e9voqu\u00e9s dans ce blog, je [&hellip;]\" \/>\n<meta property=\"og:url\" content=\"https:\/\/www.monsieurhugo.com\/blog\/2019\/01\/02\/quelles-sont-les-nouveautes-apportees\/\" \/>\n<meta property=\"og:site_name\" content=\"Monsieur Hugo\" \/>\n<meta property=\"article:publisher\" content=\"https:\/\/www.facebook.com\/assistantmonsieurhugo\/\" \/>\n<meta property=\"article:published_time\" content=\"2019-01-02T08:30:00+00:00\" \/>\n<meta property=\"article:modified_time\" content=\"2026-04-13T21:32:02+00:00\" \/>\n<meta property=\"og:image\" content=\"https:\/\/www.monsieurhugo.com\/blog\/wp-content\/uploads\/2019\/01\/bail-loi-elan-scaled.jpg\" \/>\n\t<meta property=\"og:image:width\" content=\"2880\" \/>\n\t<meta property=\"og:image:height\" content=\"1920\" \/>\n\t<meta property=\"og:image:type\" content=\"image\/jpeg\" \/>\n<meta name=\"author\" content=\"Bruno Cantegrel\" \/>\n<meta name=\"twitter:card\" content=\"summary_large_image\" \/>\n<meta name=\"twitter:creator\" content=\"@monsieurhugo_\" \/>\n<meta name=\"twitter:site\" content=\"@monsieurhugo_\" \/>\n<meta name=\"twitter:label1\" content=\"\u00c9crit par\" \/>\n\t<meta name=\"twitter:data1\" content=\"Bruno Cantegrel\" \/>\n\t<meta name=\"twitter:label2\" content=\"Dur\u00e9e de lecture estim\u00e9e\" \/>\n\t<meta name=\"twitter:data2\" content=\"5 minutes\" \/>\n<script type=\"application\/ld+json\" class=\"yoast-schema-graph\">{\"@context\":\"https:\\\/\\\/schema.org\",\"@graph\":[{\"@type\":\"Article\",\"@id\":\"https:\\\/\\\/www.monsieurhugo.com\\\/blog\\\/2019\\\/01\\\/02\\\/quelles-sont-les-nouveautes-apportees\\\/#article\",\"isPartOf\":{\"@id\":\"https:\\\/\\\/www.monsieurhugo.com\\\/blog\\\/2019\\\/01\\\/02\\\/quelles-sont-les-nouveautes-apportees\\\/\"},\"author\":{\"name\":\"Bruno Cantegrel\",\"@id\":\"https:\\\/\\\/www.monsieurhugo.com\\\/blog\\\/#\\\/schema\\\/person\\\/c46c67fabd9bedfa0ce7d1f4142116c3\"},\"headline\":\"Quelles sont les nouveaut\u00e9s apport\u00e9es par la loi Elan sur le bail d&rsquo;habitation ?\",\"datePublished\":\"2019-01-02T08:30:00+00:00\",\"dateModified\":\"2026-04-13T21:32:02+00:00\",\"mainEntityOfPage\":{\"@id\":\"https:\\\/\\\/www.monsieurhugo.com\\\/blog\\\/2019\\\/01\\\/02\\\/quelles-sont-les-nouveautes-apportees\\\/\"},\"wordCount\":915,\"publisher\":{\"@id\":\"https:\\\/\\\/www.monsieurhugo.com\\\/blog\\\/#organization\"},\"image\":{\"@id\":\"https:\\\/\\\/www.monsieurhugo.com\\\/blog\\\/2019\\\/01\\\/02\\\/quelles-sont-les-nouveautes-apportees\\\/#primaryimage\"},\"thumbnailUrl\":\"https:\\\/\\\/www.monsieurhugo.com\\\/blog\\\/wp-content\\\/uploads\\\/2019\\\/01\\\/bail-loi-elan-scaled.jpg\",\"articleSection\":[\"Contrat de bail\"],\"inLanguage\":\"fr-FR\"},{\"@type\":\"WebPage\",\"@id\":\"https:\\\/\\\/www.monsieurhugo.com\\\/blog\\\/2019\\\/01\\\/02\\\/quelles-sont-les-nouveautes-apportees\\\/\",\"url\":\"https:\\\/\\\/www.monsieurhugo.com\\\/blog\\\/2019\\\/01\\\/02\\\/quelles-sont-les-nouveautes-apportees\\\/\",\"name\":\"Quelles sont les nouveaut\u00e9s apport\u00e9es par la loi Elan sur le bail d'habitation ? - Monsieur Hugo\",\"isPartOf\":{\"@id\":\"https:\\\/\\\/www.monsieurhugo.com\\\/blog\\\/#website\"},\"primaryImageOfPage\":{\"@id\":\"https:\\\/\\\/www.monsieurhugo.com\\\/blog\\\/2019\\\/01\\\/02\\\/quelles-sont-les-nouveautes-apportees\\\/#primaryimage\"},\"image\":{\"@id\":\"https:\\\/\\\/www.monsieurhugo.com\\\/blog\\\/2019\\\/01\\\/02\\\/quelles-sont-les-nouveautes-apportees\\\/#primaryimage\"},\"thumbnailUrl\":\"https:\\\/\\\/www.monsieurhugo.com\\\/blog\\\/wp-content\\\/uploads\\\/2019\\\/01\\\/bail-loi-elan-scaled.jpg\",\"datePublished\":\"2019-01-02T08:30:00+00:00\",\"dateModified\":\"2026-04-13T21:32:02+00:00\",\"breadcrumb\":{\"@id\":\"https:\\\/\\\/www.monsieurhugo.com\\\/blog\\\/2019\\\/01\\\/02\\\/quelles-sont-les-nouveautes-apportees\\\/#breadcrumb\"},\"inLanguage\":\"fr-FR\",\"potentialAction\":[{\"@type\":\"ReadAction\",\"target\":[\"https:\\\/\\\/www.monsieurhugo.com\\\/blog\\\/2019\\\/01\\\/02\\\/quelles-sont-les-nouveautes-apportees\\\/\"]}]},{\"@type\":\"ImageObject\",\"inLanguage\":\"fr-FR\",\"@id\":\"https:\\\/\\\/www.monsieurhugo.com\\\/blog\\\/2019\\\/01\\\/02\\\/quelles-sont-les-nouveautes-apportees\\\/#primaryimage\",\"url\":\"https:\\\/\\\/www.monsieurhugo.com\\\/blog\\\/wp-content\\\/uploads\\\/2019\\\/01\\\/bail-loi-elan-scaled.jpg\",\"contentUrl\":\"https:\\\/\\\/www.monsieurhugo.com\\\/blog\\\/wp-content\\\/uploads\\\/2019\\\/01\\\/bail-loi-elan-scaled.jpg\",\"width\":2880,\"height\":1920},{\"@type\":\"BreadcrumbList\",\"@id\":\"https:\\\/\\\/www.monsieurhugo.com\\\/blog\\\/2019\\\/01\\\/02\\\/quelles-sont-les-nouveautes-apportees\\\/#breadcrumb\",\"itemListElement\":[{\"@type\":\"ListItem\",\"position\":1,\"name\":\"Logiciel Gestion Locative En Ligne\",\"item\":\"https:\\\/\\\/www.monsieurhugo.com\\\/blog\\\/\"},{\"@type\":\"ListItem\",\"position\":2,\"name\":\"Contrat de bail\",\"item\":\"https:\\\/\\\/www.monsieurhugo.com\\\/blog\\\/category\\\/bail\\\/\"},{\"@type\":\"ListItem\",\"position\":3,\"name\":\"Quelles sont les nouveaut\u00e9s apport\u00e9es par la loi Elan sur le bail d&rsquo;habitation ?\"}]},{\"@type\":\"WebSite\",\"@id\":\"https:\\\/\\\/www.monsieurhugo.com\\\/blog\\\/#website\",\"url\":\"https:\\\/\\\/www.monsieurhugo.com\\\/blog\\\/\",\"name\":\"Monsieur Hugo\",\"description\":\"Votre logiciel de gestion locative\",\"publisher\":{\"@id\":\"https:\\\/\\\/www.monsieurhugo.com\\\/blog\\\/#organization\"},\"potentialAction\":[{\"@type\":\"SearchAction\",\"target\":{\"@type\":\"EntryPoint\",\"urlTemplate\":\"https:\\\/\\\/www.monsieurhugo.com\\\/blog\\\/?s={search_term_string}\"},\"query-input\":{\"@type\":\"PropertyValueSpecification\",\"valueRequired\":true,\"valueName\":\"search_term_string\"}}],\"inLanguage\":\"fr-FR\"},{\"@type\":\"Organization\",\"@id\":\"https:\\\/\\\/www.monsieurhugo.com\\\/blog\\\/#organization\",\"name\":\"Monsieur Hugo\",\"url\":\"https:\\\/\\\/www.monsieurhugo.com\\\/blog\\\/\",\"logo\":{\"@type\":\"ImageObject\",\"inLanguage\":\"fr-FR\",\"@id\":\"https:\\\/\\\/www.monsieurhugo.com\\\/blog\\\/#\\\/schema\\\/logo\\\/image\\\/\",\"url\":\"https:\\\/\\\/www.monsieurhugo.com\\\/blog\\\/wp-content\\\/uploads\\\/2020\\\/06\\\/Logotype-final-v2.png\",\"contentUrl\":\"https:\\\/\\\/www.monsieurhugo.com\\\/blog\\\/wp-content\\\/uploads\\\/2020\\\/06\\\/Logotype-final-v2.png\",\"width\":898,\"height\":234,\"caption\":\"Monsieur Hugo\"},\"image\":{\"@id\":\"https:\\\/\\\/www.monsieurhugo.com\\\/blog\\\/#\\\/schema\\\/logo\\\/image\\\/\"},\"sameAs\":[\"https:\\\/\\\/www.facebook.com\\\/assistantmonsieurhugo\\\/\",\"https:\\\/\\\/x.com\\\/monsieurhugo_\",\"https:\\\/\\\/www.linkedin.com\\\/company\\\/18421005\\\/\"]},{\"@type\":\"Person\",\"@id\":\"https:\\\/\\\/www.monsieurhugo.com\\\/blog\\\/#\\\/schema\\\/person\\\/c46c67fabd9bedfa0ce7d1f4142116c3\",\"name\":\"Bruno Cantegrel\",\"image\":{\"@type\":\"ImageObject\",\"inLanguage\":\"fr-FR\",\"@id\":\"https:\\\/\\\/secure.gravatar.com\\\/avatar\\\/627f29f4ef165adeb61765fbeaf70336b3653293cbe1ba89fccd189379833b3a?s=96&d=mm&r=g\",\"url\":\"https:\\\/\\\/secure.gravatar.com\\\/avatar\\\/627f29f4ef165adeb61765fbeaf70336b3653293cbe1ba89fccd189379833b3a?s=96&d=mm&r=g\",\"contentUrl\":\"https:\\\/\\\/secure.gravatar.com\\\/avatar\\\/627f29f4ef165adeb61765fbeaf70336b3653293cbe1ba89fccd189379833b3a?s=96&d=mm&r=g\",\"caption\":\"Bruno Cantegrel\"},\"description\":\"Fondateur de Monsieur Hugo, dipl\u00f4m\u00e9 d'un MBA \u00e0 l'EDHEC et professeur \u00e0 HEC Paris. Expert en investissement locatif avec plus de 20 ans d'exp\u00e9rience, il est l'auteur de l'ouvrage 'Trouver un locataire pour son logement' aux \u00e9ditions Studyrama\",\"sameAs\":[\"https:\\\/\\\/www.monsieurhugo.com\\\/blog\\\/a-propos\\\/\",\"https:\\\/\\\/www.linkedin.com\\\/in\\\/bruno-bruno-4336096\\\/\"],\"alumniOf\":[{\"@type\":\"Organization\",\"name\":\"EDHEC Business School\"},{\"@type\":\"Organization\",\"name\":\"HEC Paris\"}],\"knowsAbout\":[\"Gestion locative\",\"Investissement immobilier\",\"Droit immobilier\",\"Proptech\"]}]}<\/script>\n<!-- \/ Yoast SEO plugin. -->","yoast_head_json":{"title":"Quelles sont les nouveaut\u00e9s apport\u00e9es par la loi Elan sur le bail d'habitation ? - Monsieur Hugo","robots":{"index":"index","follow":"follow","max-snippet":"max-snippet:-1","max-image-preview":"max-image-preview:large","max-video-preview":"max-video-preview:-1"},"canonical":"https:\/\/www.monsieurhugo.com\/blog\/2019\/01\/02\/quelles-sont-les-nouveautes-apportees\/","og_locale":"fr_FR","og_type":"article","og_title":"Quelles sont les nouveaut\u00e9s apport\u00e9es par la loi Elan sur le bail d'habitation ? - Monsieur Hugo","og_description":"Le bail et la loi ELAN : savez-vous ce qui vous attend ? La loi Elan ou loi logement modifie les rapports locataires propri\u00e9taires. De nombreuses mesures vont notamment impacter le bail. Outre le bail mobilit\u00e9, l'encadrement des loyers et les sanctions accrues sur la location touristique que j'ai d\u00e9j\u00e0 \u00e9voqu\u00e9s dans ce blog, je [&hellip;]","og_url":"https:\/\/www.monsieurhugo.com\/blog\/2019\/01\/02\/quelles-sont-les-nouveautes-apportees\/","og_site_name":"Monsieur Hugo","article_publisher":"https:\/\/www.facebook.com\/assistantmonsieurhugo\/","article_published_time":"2019-01-02T08:30:00+00:00","article_modified_time":"2026-04-13T21:32:02+00:00","og_image":[{"width":2880,"height":1920,"url":"https:\/\/www.monsieurhugo.com\/blog\/wp-content\/uploads\/2019\/01\/bail-loi-elan-scaled.jpg","type":"image\/jpeg"}],"author":"Bruno Cantegrel","twitter_card":"summary_large_image","twitter_creator":"@monsieurhugo_","twitter_site":"@monsieurhugo_","twitter_misc":{"\u00c9crit par":"Bruno Cantegrel","Dur\u00e9e de lecture estim\u00e9e":"5 minutes"},"schema":{"@context":"https:\/\/schema.org","@graph":[{"@type":"Article","@id":"https:\/\/www.monsieurhugo.com\/blog\/2019\/01\/02\/quelles-sont-les-nouveautes-apportees\/#article","isPartOf":{"@id":"https:\/\/www.monsieurhugo.com\/blog\/2019\/01\/02\/quelles-sont-les-nouveautes-apportees\/"},"author":{"name":"Bruno Cantegrel","@id":"https:\/\/www.monsieurhugo.com\/blog\/#\/schema\/person\/c46c67fabd9bedfa0ce7d1f4142116c3"},"headline":"Quelles sont les nouveaut\u00e9s apport\u00e9es par la loi Elan sur le bail d&rsquo;habitation ?","datePublished":"2019-01-02T08:30:00+00:00","dateModified":"2026-04-13T21:32:02+00:00","mainEntityOfPage":{"@id":"https:\/\/www.monsieurhugo.com\/blog\/2019\/01\/02\/quelles-sont-les-nouveautes-apportees\/"},"wordCount":915,"publisher":{"@id":"https:\/\/www.monsieurhugo.com\/blog\/#organization"},"image":{"@id":"https:\/\/www.monsieurhugo.com\/blog\/2019\/01\/02\/quelles-sont-les-nouveautes-apportees\/#primaryimage"},"thumbnailUrl":"https:\/\/www.monsieurhugo.com\/blog\/wp-content\/uploads\/2019\/01\/bail-loi-elan-scaled.jpg","articleSection":["Contrat de bail"],"inLanguage":"fr-FR"},{"@type":"WebPage","@id":"https:\/\/www.monsieurhugo.com\/blog\/2019\/01\/02\/quelles-sont-les-nouveautes-apportees\/","url":"https:\/\/www.monsieurhugo.com\/blog\/2019\/01\/02\/quelles-sont-les-nouveautes-apportees\/","name":"Quelles sont les nouveaut\u00e9s apport\u00e9es par la loi Elan sur le bail d'habitation ? - Monsieur Hugo","isPartOf":{"@id":"https:\/\/www.monsieurhugo.com\/blog\/#website"},"primaryImageOfPage":{"@id":"https:\/\/www.monsieurhugo.com\/blog\/2019\/01\/02\/quelles-sont-les-nouveautes-apportees\/#primaryimage"},"image":{"@id":"https:\/\/www.monsieurhugo.com\/blog\/2019\/01\/02\/quelles-sont-les-nouveautes-apportees\/#primaryimage"},"thumbnailUrl":"https:\/\/www.monsieurhugo.com\/blog\/wp-content\/uploads\/2019\/01\/bail-loi-elan-scaled.jpg","datePublished":"2019-01-02T08:30:00+00:00","dateModified":"2026-04-13T21:32:02+00:00","breadcrumb":{"@id":"https:\/\/www.monsieurhugo.com\/blog\/2019\/01\/02\/quelles-sont-les-nouveautes-apportees\/#breadcrumb"},"inLanguage":"fr-FR","potentialAction":[{"@type":"ReadAction","target":["https:\/\/www.monsieurhugo.com\/blog\/2019\/01\/02\/quelles-sont-les-nouveautes-apportees\/"]}]},{"@type":"ImageObject","inLanguage":"fr-FR","@id":"https:\/\/www.monsieurhugo.com\/blog\/2019\/01\/02\/quelles-sont-les-nouveautes-apportees\/#primaryimage","url":"https:\/\/www.monsieurhugo.com\/blog\/wp-content\/uploads\/2019\/01\/bail-loi-elan-scaled.jpg","contentUrl":"https:\/\/www.monsieurhugo.com\/blog\/wp-content\/uploads\/2019\/01\/bail-loi-elan-scaled.jpg","width":2880,"height":1920},{"@type":"BreadcrumbList","@id":"https:\/\/www.monsieurhugo.com\/blog\/2019\/01\/02\/quelles-sont-les-nouveautes-apportees\/#breadcrumb","itemListElement":[{"@type":"ListItem","position":1,"name":"Logiciel Gestion Locative En Ligne","item":"https:\/\/www.monsieurhugo.com\/blog\/"},{"@type":"ListItem","position":2,"name":"Contrat de bail","item":"https:\/\/www.monsieurhugo.com\/blog\/category\/bail\/"},{"@type":"ListItem","position":3,"name":"Quelles sont les nouveaut\u00e9s apport\u00e9es par la loi Elan sur le bail d&rsquo;habitation ?"}]},{"@type":"WebSite","@id":"https:\/\/www.monsieurhugo.com\/blog\/#website","url":"https:\/\/www.monsieurhugo.com\/blog\/","name":"Monsieur Hugo","description":"Votre logiciel de gestion locative","publisher":{"@id":"https:\/\/www.monsieurhugo.com\/blog\/#organization"},"potentialAction":[{"@type":"SearchAction","target":{"@type":"EntryPoint","urlTemplate":"https:\/\/www.monsieurhugo.com\/blog\/?s={search_term_string}"},"query-input":{"@type":"PropertyValueSpecification","valueRequired":true,"valueName":"search_term_string"}}],"inLanguage":"fr-FR"},{"@type":"Organization","@id":"https:\/\/www.monsieurhugo.com\/blog\/#organization","name":"Monsieur Hugo","url":"https:\/\/www.monsieurhugo.com\/blog\/","logo":{"@type":"ImageObject","inLanguage":"fr-FR","@id":"https:\/\/www.monsieurhugo.com\/blog\/#\/schema\/logo\/image\/","url":"https:\/\/www.monsieurhugo.com\/blog\/wp-content\/uploads\/2020\/06\/Logotype-final-v2.png","contentUrl":"https:\/\/www.monsieurhugo.com\/blog\/wp-content\/uploads\/2020\/06\/Logotype-final-v2.png","width":898,"height":234,"caption":"Monsieur Hugo"},"image":{"@id":"https:\/\/www.monsieurhugo.com\/blog\/#\/schema\/logo\/image\/"},"sameAs":["https:\/\/www.facebook.com\/assistantmonsieurhugo\/","https:\/\/x.com\/monsieurhugo_","https:\/\/www.linkedin.com\/company\/18421005\/"]},{"@type":"Person","@id":"https:\/\/www.monsieurhugo.com\/blog\/#\/schema\/person\/c46c67fabd9bedfa0ce7d1f4142116c3","name":"Bruno Cantegrel","image":{"@type":"ImageObject","inLanguage":"fr-FR","@id":"https:\/\/secure.gravatar.com\/avatar\/627f29f4ef165adeb61765fbeaf70336b3653293cbe1ba89fccd189379833b3a?s=96&d=mm&r=g","url":"https:\/\/secure.gravatar.com\/avatar\/627f29f4ef165adeb61765fbeaf70336b3653293cbe1ba89fccd189379833b3a?s=96&d=mm&r=g","contentUrl":"https:\/\/secure.gravatar.com\/avatar\/627f29f4ef165adeb61765fbeaf70336b3653293cbe1ba89fccd189379833b3a?s=96&d=mm&r=g","caption":"Bruno Cantegrel"},"description":"Fondateur de Monsieur Hugo, dipl\u00f4m\u00e9 d'un MBA \u00e0 l'EDHEC et professeur \u00e0 HEC Paris. Expert en investissement locatif avec plus de 20 ans d'exp\u00e9rience, il est l'auteur de l'ouvrage 'Trouver un locataire pour son logement' aux \u00e9ditions Studyrama","sameAs":["https:\/\/www.monsieurhugo.com\/blog\/a-propos\/","https:\/\/www.linkedin.com\/in\/bruno-bruno-4336096\/"],"alumniOf":[{"@type":"Organization","name":"EDHEC Business School"},{"@type":"Organization","name":"HEC Paris"}],"knowsAbout":["Gestion locative","Investissement immobilier","Droit immobilier","Proptech"]}]}},"_links":{"self":[{"href":"https:\/\/www.monsieurhugo.com\/blog\/wp-json\/wp\/v2\/posts\/352079","targetHints":{"allow":["GET"]}}],"collection":[{"href":"https:\/\/www.monsieurhugo.com\/blog\/wp-json\/wp\/v2\/posts"}],"about":[{"href":"https:\/\/www.monsieurhugo.com\/blog\/wp-json\/wp\/v2\/types\/post"}],"author":[{"embeddable":true,"href":"https:\/\/www.monsieurhugo.com\/blog\/wp-json\/wp\/v2\/users\/1"}],"replies":[{"embeddable":true,"href":"https:\/\/www.monsieurhugo.com\/blog\/wp-json\/wp\/v2\/comments?post=352079"}],"version-history":[{"count":2,"href":"https:\/\/www.monsieurhugo.com\/blog\/wp-json\/wp\/v2\/posts\/352079\/revisions"}],"predecessor-version":[{"id":360714,"href":"https:\/\/www.monsieurhugo.com\/blog\/wp-json\/wp\/v2\/posts\/352079\/revisions\/360714"}],"wp:featuredmedia":[{"embeddable":true,"href":"https:\/\/www.monsieurhugo.com\/blog\/wp-json\/wp\/v2\/media\/360713"}],"wp:attachment":[{"href":"https:\/\/www.monsieurhugo.com\/blog\/wp-json\/wp\/v2\/media?parent=352079"}],"wp:term":[{"taxonomy":"category","embeddable":true,"href":"https:\/\/www.monsieurhugo.com\/blog\/wp-json\/wp\/v2\/categories?post=352079"},{"taxonomy":"post_tag","embeddable":true,"href":"https:\/\/www.monsieurhugo.com\/blog\/wp-json\/wp\/v2\/tags?post=352079"}],"curies":[{"name":"wp","href":"https:\/\/api.w.org\/{rel}","templated":true}]}}