{"id":352066,"date":"2019-01-16T09:30:00","date_gmt":"2019-01-16T08:30:00","guid":{"rendered":""},"modified":"2026-01-20T15:43:03","modified_gmt":"2026-01-20T14:43:03","slug":"un-locataire-t-il-le-droit-de-changer","status":"publish","type":"post","link":"https:\/\/www.monsieurhugo.com\/blog\/2019\/01\/16\/un-locataire-t-il-le-droit-de-changer\/","title":{"rendered":"Un locataire a-t-il le droit de changer d\u2019avis apr\u00e8s avoir envoy\u00e9 son cong\u00e9 pour quitter le bien ?"},"content":{"rendered":"\n[et_pb_section fb_built=\u00a0\u00bb1&Prime; _builder_version=\u00a0\u00bb3.22&Prime;][et_pb_row _builder_version=\u00a0\u00bb3.25&Prime; background_size=\u00a0\u00bbinitial\u00a0\u00bb background_position=\u00a0\u00bbtop_left\u00a0\u00bb background_repeat=\u00a0\u00bbrepeat\u00a0\u00bb][et_pb_column type=\u00a0\u00bb4_4&Prime; _builder_version=\u00a0\u00bb3.25&Prime; custom_padding=\u00a0\u00bb|||\u00a0\u00bb custom_padding__hover=\u00a0\u00bb|||\u00a0\u00bb][et_pb_text _builder_version=\u00a0\u00bb4.4.9&Prime; background_size=\u00a0\u00bbinitial\u00a0\u00bb background_position=\u00a0\u00bbtop_left\u00a0\u00bb background_repeat=\u00a0\u00bbrepeat\u00a0\u00bb hover_enabled=\u00a0\u00bb0&Prime; text_font_size=\u00a0\u00bb19px\u00a0\u00bb]<h2 class=\"separator\"><span style=\"font-size: x-large;\"><span style=\"font-family: 'arial' , 'helvetica' , sans-serif;\">Votre locataire a-t-il un droit de r\u00e9tractation apr\u00e8s avoir envoy\u00e9 son pr\u00e9avis ?<\/span><\/span><\/h2>\n<p><span style=\"font-size: large;\">Votre locataire vous a adress\u00e9 son pr\u00e9avis mais voil\u00e0 qu&rsquo;avant la date de son d\u00e9part, il vous annonce qu&rsquo;il annule la demande de cong\u00e9 et qu&rsquo;il reste dans le logement ! En a-t-il le droit ? Y a-t-il un d\u00e9lai de r\u00e9tractation ?\u00a0<\/span><span style=\"font-size: large;\">\u00a0<\/span><\/p>\n<p><span style=\"font-size: large;\">Avant de r\u00e9pondre \u00e0 la question, je vais faire un point sur la l\u00e9gislation en terme de pr\u00e9avis.<\/span><\/p>\n<p><span style=\"font-size: large;\">Votre locataire peut, quelque soit le type de bail sign\u00e9,\u00a0 <strong>r\u00e9silier \u00e0 tout moment <\/strong>son contrat de location. Il doit toutefois respecter des <strong>conditions de forme et de d\u00e9lais<\/strong>.<\/span><span style=\"font-size: large;\">\u00a0<\/span><\/p>\n<p><span style=\"font-size: large;\">Concernant les d\u00e9lais, tout d\u00e9pend du <strong>type de bail<\/strong> que vous avez sign\u00e9 avec votre locataire ET de la <strong>situation g\u00e9ographique du bien<\/strong>.<\/span><\/p>\n<p><span style=\"font-size: large;\">Le pr\u00e9avis pr\u00e9vu par la loi est de :<\/span><\/p>\n<ul>\n<li><span style=\"font-size: large;\">1 mois en location meubl\u00e9e,\u00a0<\/span><\/li>\n<li><span style=\"font-size: large;\"><span style=\"font-family: 'arial' , 'helvetica' , sans-serif;\"><span style=\"font-size: large;\">3 mois en location vide.<\/span><\/span><\/span><\/li>\n<\/ul>\n<p><span style=\"font-size: large;\">Pour la location non meubl\u00e9e, l<\/span><span style=\"font-size: large;\"><span style=\"font-family: 'arial' , 'helvetica' , sans-serif;\"><span style=\"font-size: large;\">e pr\u00e9avis peut \u00eatre r\u00e9duit \u00e0 1 mois :<\/span><\/span><\/span><\/p>\n<ul>\n<li><span style=\"font-size: large;\"><span style=\"font-family: 'arial' , 'helvetica' , sans-serif;\"><span style=\"font-size: large;\">si le bien est situ\u00e9 en <a href=\"https:\/\/www.service-public.fr\/simulateur\/calcul\/zones-tendues\" target=\"_blank\" rel=\"noopener noreferrer\"><span style=\"color: blue;\"><u>zone tendue<\/u><\/span><\/a>, <\/span><\/span><\/span><span style=\"font-size: large;\"><span style=\"font-family: 'arial' , 'helvetica' , sans-serif;\"><span style=\"font-size: large;\">ou<\/span><\/span><\/span><\/li>\n<\/ul>\n<ul>\n<li><span style=\"font-size: large;\"><span style=\"font-family: 'arial' , 'helvetica' , sans-serif;\"><span style=\"font-size: large;\">si le bien se situe en zone non tendue mais que votre<br \/> locataire se trouve dans <strong>une des 7 des exceptions<\/strong> qui lui permettent de r\u00e9duire la dur\u00e9e du pr\u00e9avis \u00e0 1 mois (mutation<br \/> professionnelle, perte d&#8217;emploi, \u00e9tat de sant\u00e9 justifiant un changement<br \/> de domicile, s&rsquo;il b\u00e9n\u00e9ficie du RSA, de l&rsquo;allocation adulte handicap\u00e9,<br \/> s&rsquo;il se voit attribu\u00e9 un logement \u00e0 caract\u00e8re social) ;<\/span><\/span><\/span><span style=\"font-size: large;\"> <br \/><\/span><\/li>\n<\/ul>\n<p><span style=\"font-size: large;\">2 baux ne sont toutefois pas reconduits tacitement et se r\u00e9silient<strong> automatiquement d\u00e8s qu&rsquo;ils arrivent au terme <\/strong>du d\u00e9lai pr\u00e9vu et ce sans pr\u00e9avis du locataire : <\/span><\/p>\n<ul>\n<li><span style=\"font-size: large;\">Le <a href=\"https:\/\/www.monsieurhugo.com\/blog\/2018\/03\/tout-savoir-sur-le-bail-meuble-etudiant.html\" target=\"_blank\" rel=\"noopener noreferrer\"><span style=\"color: blue;\"><u>bail \u00e9tudiant<\/u><\/span><\/a> qui est sign\u00e9 pour une p\u00e9riode de 9 mois. Votre locataire n&rsquo;a pas besoin de vous signifier son cong\u00e9 \u00e0 l&rsquo;issu des 9 mois. Il quitte le logement et vous r\u00e9cup\u00e9rez votre bien.<\/span><\/li>\n<li><span style=\"font-size: large;\">Le <a href=\"https:\/\/www.monsieurhugo.com\/blog\/2018\/11\/le-bail-mobilite-va-t-il-faciliter-la.html\" target=\"_blank\" rel=\"noopener noreferrer\"><span style=\"color: blue;\"><u>bail mobilit\u00e9<\/u><\/span><\/a> qui est sign\u00e9 pour une p\u00e9riode de location d&rsquo;1 \u00e0 10 mois et qui se conclue lui aussi sans pr\u00e9avis.<\/span><\/li>\n<\/ul>\n<p><span style=\"font-size: large;\">Mais m\u00eame dans ces 2 cas, votre locataire peut r\u00e9silier \u00e0 tout moment mais il devra alors respecter un d\u00e9lai d&rsquo;1 mois.<\/span><span style=\"font-size: large;\">\u00a0<\/span><\/p>\n<p><span style=\"font-size: large;\">Concernant la forme du pr\u00e9avis, pour qu&rsquo;il soit valable, votre\u00a0locataire doit vous notifier son cong\u00e9 soit par :<\/span><\/p>\n<ul>\n<li><span style=\"font-size: large;\">notification par lettre recommand\u00e9e avec demande d&rsquo;avis de r\u00e9ception ;<\/span><\/li>\n<li><span style=\"font-size: large;\">signification par acte d&rsquo;huissier ;<\/span><\/li>\n<li><span style=\"font-size: large;\">remise en main propre contre r\u00e9c\u00e9piss\u00e9 ou \u00e9margement.<\/span><\/li>\n<\/ul>\n<p><span style=\"font-size: large;\">Un mail, un SMS, un courrier simple ou un pr\u00e9avis verbal n&rsquo;ont aucune valeur l\u00e9gale et ne font pas courir le pr\u00e9avis.<\/span><\/p>\n<p><span style=\"font-size: large;\">Votre locataire n&rsquo;a pas \u00e0 justifier sa d\u00e9cision dans le courrier mais simplement :<\/span><\/p>\n<ul>\n<li><span style=\"font-size: large;\">vous informez de son intention de quitter le logement,<\/span><\/li>\n<li><span style=\"font-size: large;\">vous indiquez la\u00a0<strong>date de prise d&rsquo;effet du cong\u00e9<\/strong> (qui ne peut intervenir, sauf accord avec vous, avant l&rsquo;expiration d&rsquo;un d\u00e9lai de pr\u00e9avis de 3 mois ou 1 mois selon les cas),\u00a0<\/span><\/li>\n<li><span style=\"font-size: large;\">vous indiquez dans le cas o\u00f9 il b\u00e9n\u00e9ficierait d&rsquo;un pr\u00e9avis de 1 mois, le <strong>motif ouvrant droit \u00e0 un pr\u00e9avis r\u00e9duit et le justifier<\/strong> (logement situ\u00e9 en zone tendue, perte d&#8217;emploi&#8230;).\u00a0<\/span><\/li>\n<\/ul>\n<p><span style=\"font-size: large;\">Si aucun motif de cong\u00e9 n&rsquo;est pr\u00e9cis\u00e9, un pr\u00e9avis de 3 mois s&rsquo;applique.<\/span><\/p>\n<p><span style=\"font-size: large;\">Pour en savoir davantage sur le pr\u00e9avis, je vous conseille cet article : <a href=\"https:\/\/www.monsieurhugo.com\/blog\/2018\/03\/comment-donner-conge-au-locataire-dune.html\" target=\"_blank\" rel=\"noopener noreferrer\"><span style=\"color: blue;\"><u>Comment donner cong\u00e9 au locataire d&rsquo;une location non meubl\u00e9e ?<\/u><\/span><\/a><\/span>\u00a0<span style=\"font-size: large;\">\u00a0<\/span><\/p>\n<p><span style=\"font-size: large;\">Mais une fois qu&rsquo;il vous a adress\u00e9 son pr\u00e9avis, votre locataire peut-il d\u00e9cider de se r\u00e9tracter et rester dans le logement ?<\/span><\/p>\n<p><span style=\"font-size: large;\">La r\u00e9ponse est claire : <strong>NON<\/strong>. D\u00e8s lors qu&rsquo;il vous a adress\u00e9 sa lettre de cong\u00e9, votre locataire <strong>ne peut plus revenir sur sa d\u00e9cision<\/strong>.\u00a0<\/span><\/p>\n<p><span style=\"font-size: large;\">Il n&rsquo;y a pas dans la l\u00e9gislation de d\u00e9lai de r\u00e9tractation et ce peu importe le moment o\u00f9 il vous ferait sa demande d&rsquo;annulation (exemple dans les heures qui suivent le d\u00e9part d&rsquo;un pr\u00e9avis de 3 mois).<\/span><\/p>\n<p><span style=\"font-size: large;\">Vous \u00eates en droit de ne pas accepter sa r\u00e9tractation, et d\u2019exiger son d\u00e9part \u00e0 la date de cong\u00e9 pr\u00e9vue l\u00e9galement dans le courrier. Et s&rsquo;il refuse de partir, vous pourriez <strong>saisir le tribunal pour demander une expulsion et exiger une indemnit\u00e9<\/strong>.<\/span><\/p>\n<p><span style=\"font-size: large;\">La seule exception est s&rsquo;il vous en fait la demande et que vous acceptez par votre seul consentement de revenir sur ce pr\u00e9avis.<\/span><\/p>\n<p><span style=\"font-size: large;\">Pour avoir la version audio de ces explications, je vous renvoie vers cet article de MySweetImmo que vous trouverez <a href=\"https:\/\/www.mysweetimmo.com\/2019\/01\/15\/un-locataire-a-t-il-le-droit-de-changer-davis-apres-avoir-envoye-son-conge-pour-quitter-le-bien\/\" target=\"_blank\" rel=\"noopener noreferrer\"><span style=\"color: blue;\"><u>ici<\/u><\/span><\/a>.<\/span><\/p>\n<p><span style=\"font-size: large;\">Je vous sugg\u00e8re aussi :<a href=\"https:\/\/www.monsieurhugo.com\/blog\/2018\/01\/garants-modele-lettre-gratuit.html\" target=\"_blank\" rel=\"noopener noreferrer\"><span style=\"color: blue;\"><u><\/u><\/span><\/a><\/span><\/p>\n<ul>\n<li><span style=\"font-size: large;\"><a href=\"https:\/\/www.monsieurhugo.com\/blog\/2018\/01\/garants-modele-lettre-gratuit.html\" target=\"_blank\" rel=\"noopener noreferrer\"><span style=\"color: blue;\"><u>Les garants, mod\u00e8le d&rsquo;acte de caution solidaire<\/u><\/span><\/a><\/span><\/li>\n<li><span style=\"font-size: large;\"><span style=\"font-family: 'arial' , 'helvetica' , sans-serif; font-size: large;\"><a href=\"https:\/\/www.monsieurhugo.com\/blog\/2018\/01\/bail-de-location-loi-alur-modele-gratuit-telecharger.html\" target=\"_blank\" rel=\"noopener noreferrer\"><span style=\"color: blue;\"><u>Tout savoir sur le contrat de location &#8211; T\u00e9l\u00e9chargez votre bail, gratuit<\/u><\/span><\/a><\/span><\/span><\/li>\n<li><span style=\"font-size: large;\"><span style=\"font-family: 'arial' , 'helvetica' , sans-serif;\"><span style=\"font-size: large;\"><a href=\"https:\/\/www.monsieurhugo.com\/blog\/2018\/01\/etat-des-lieux-modele-a-telecharger.html\" target=\"_blank\" rel=\"noopener noreferrer\"><span style=\"color: blue;\"><u>Comment \u00e9tablir l&rsquo;\u00e9tat des lieux de votre logement ?<\/u><\/span><\/a><\/span><\/span><\/span><\/li>\n<\/ul>[\/et_pb_text][\/et_pb_column][\/et_pb_row][\/et_pb_section]\n","protected":false},"excerpt":{"rendered":"<p>Votre locataire a-t-il un droit de r\u00e9tractation apr\u00e8s avoir envoy\u00e9 son pr\u00e9avis ? Votre locataire vous a adress\u00e9 son pr\u00e9avis mais voil\u00e0 qu&rsquo;avant la date de son d\u00e9part, il vous annonce qu&rsquo;il annule la demande de cong\u00e9 et qu&rsquo;il reste dans le logement ! En a-t-il le droit ? Y a-t-il un d\u00e9lai de r\u00e9tractation [&hellip;]<\/p>\n","protected":false},"author":1,"featured_media":352067,"comment_status":"closed","ping_status":"closed","sticky":false,"template":"","format":"standard","meta":{"_acf_changed":false,"_et_pb_use_builder":"on","_et_pb_old_content":"<p class=\"separator\"><img src=\"https:\/\/www.monsieurhugo.com\/blog\/wp-content\/uploads\/2019\/01\/preavis2Bconges-1.jpg\" \/><\/p><h2><span style=\"font-size: x-large;\"><span style=\"font-family: 'arial' , 'helvetica' , sans-serif;\">Votre locataire a-t-il un droit de r\u00e9tractation apr\u00e8s avoir envoy\u00e9 son pr\u00e9avis ?<\/span><\/span><\/h2><p><span style=\"font-size: large;\">Votre locataire vous a adress\u00e9 son pr\u00e9avis mais voil\u00e0 qu'avant la date de son d\u00e9part, il vous annonce qu'il annule la demande de cong\u00e9 et qu'il reste dans le logement ! En a-t-il le droit ? Y a-t-il un d\u00e9lai de r\u00e9tractation ?\u00a0<\/span><\/p><p><span style=\"font-size: large;\">\u00a0<\/span><\/p><p><span style=\"font-size: large;\">Avant de r\u00e9pondre \u00e0 la question, je vais faire un point sur la l\u00e9gislation en terme de pr\u00e9avis.<\/span><\/p><p><span style=\"font-size: large;\">Votre locataire peut, quelque soit le type de bail sign\u00e9,\u00a0 <strong>r\u00e9silier \u00e0 tout moment <\/strong>son contrat de location. Il doit toutefois respecter des <strong>conditions de forme et de d\u00e9lais<\/strong>.<\/span><\/p><p><span style=\"font-size: large;\">\u00a0<\/span><\/p><p><span style=\"font-size: large;\">Concernant les d\u00e9lais, tout d\u00e9pend du <strong>type de bail<\/strong> que vous avez sign\u00e9 avec votre locataire ET de la <strong>situation g\u00e9ographique du bien<\/strong>.<\/span><\/p><p><span style=\"font-size: large;\">Le pr\u00e9avis pr\u00e9vu par la loi est de :<\/span><\/p><ul><li><span style=\"font-size: large;\">1 mois en location meubl\u00e9e,\u00a0<\/span><\/li><li><span style=\"font-size: large;\"><span style=\"font-family: 'arial' , 'helvetica' , sans-serif;\"><span style=\"font-size: large;\">3 mois en location vide.<\/span><\/span><\/span><\/li><\/ul><p><span style=\"font-size: large;\">Pour la location non meubl\u00e9e, l<\/span><span style=\"font-size: large;\"><span style=\"font-family: 'arial' , 'helvetica' , sans-serif;\"><span style=\"font-size: large;\">e pr\u00e9avis peut \u00eatre r\u00e9duit \u00e0 1 mois :<\/span><\/span><\/span><\/p><ul><li><span style=\"font-size: large;\"><span style=\"font-family: 'arial' , 'helvetica' , sans-serif;\"><span style=\"font-size: large;\">si le bien est situ\u00e9 en <a href=\"https:\/\/www.service-public.fr\/simulateur\/calcul\/zones-tendues\" target=\"_blank\" rel=\"noopener noreferrer\"><span style=\"color: blue;\"><u>zone tendue<\/u><\/span><\/a>,<\/span><\/span><\/span><\/li><\/ul><p><span style=\"font-size: large;\"><span style=\"font-family: 'arial' , 'helvetica' , sans-serif;\"><span style=\"font-size: large;\">ou<\/span><\/span><\/span><\/p><ul><li><span style=\"font-size: large;\"><span style=\"font-family: 'arial' , 'helvetica' , sans-serif;\"><span style=\"font-size: large;\">si le bien se situe en zone non tendue mais que votre<br \/>locataire se trouve dans <strong>une des 7 des exceptions<\/strong> qui lui permettent de r\u00e9duire la dur\u00e9e du pr\u00e9avis \u00e0 1 mois (mutation<br \/>professionnelle, perte d'emploi, \u00e9tat de sant\u00e9 justifiant un changement<br \/>de domicile, s'il b\u00e9n\u00e9ficie du RSA, de l'allocation adulte handicap\u00e9,<br \/>s'il se voit attribu\u00e9 un logement \u00e0 caract\u00e8re social) ;<\/span><\/span> <\/span><\/li><\/ul><p><span style=\"font-size: large;\">\u00a0<\/span><\/p><p><span style=\"font-size: large;\">2 baux ne sont toutefois pas reconduits tacitement et se r\u00e9silient<strong> automatiquement d\u00e8s qu'ils arrivent au terme <\/strong>du d\u00e9lai pr\u00e9vu et ce sans pr\u00e9avis du locataire : <\/span><\/p><ul><li><span style=\"font-size: large;\">Le <a href=\"https:\/\/www.monsieurhugo.com\/blog\/2018\/03\/tout-savoir-sur-le-bail-meuble-etudiant.html\" target=\"_blank\" rel=\"noopener noreferrer\"><span style=\"color: blue;\"><u>bail \u00e9tudiant<\/u><\/span><\/a> qui est sign\u00e9 pour une p\u00e9riode de 9 mois. Votre locataire n'a pas besoin de vous signifier son cong\u00e9 \u00e0 l'issu des 9 mois. Il quitte le logement et vous r\u00e9cup\u00e9rez votre bien.<\/span><\/li><li><span style=\"font-size: large;\">Le <a href=\"https:\/\/www.monsieurhugo.com\/blog\/2018\/11\/le-bail-mobilite-va-t-il-faciliter-la.html\" target=\"_blank\" rel=\"noopener noreferrer\"><span style=\"color: blue;\"><u>bail mobilit\u00e9<\/u><\/span><\/a> qui est sign\u00e9 pour une p\u00e9riode de location d'1 \u00e0 10 mois et qui se conclue lui aussi sans pr\u00e9avis.<\/span><\/li><\/ul><p><span style=\"font-size: large;\">Mais m\u00eame dans ces 2 cas, votre locataire peut r\u00e9silier \u00e0 tout moment mais il devra alors respecter un d\u00e9lai d'1 mois.<\/span><\/p><p><span style=\"font-size: large;\">\u00a0<\/span><\/p><p><span style=\"font-size: large;\">Concernant la forme du pr\u00e9avis, pour qu'il soit valable, votre\u00a0locataire doit vous notifier son cong\u00e9 soit par :<\/span><\/p><ul><li><span style=\"font-size: large;\">notification par lettre recommand\u00e9e avec demande d'avis de r\u00e9ception ;<\/span><\/li><li><span style=\"font-size: large;\">signification par acte d'huissier ;<\/span><\/li><li><span style=\"font-size: large;\">remise en main propre contre r\u00e9c\u00e9piss\u00e9 ou \u00e9margement.<\/span><\/li><\/ul><p><span style=\"font-size: large;\">Un mail, un SMS, un courrier simple ou un pr\u00e9avis verbal n'ont aucune valeur l\u00e9gale et ne font pas courir le pr\u00e9avis.<\/span><\/p><p><span style=\"font-size: large;\">Votre locataire n'a pas \u00e0 justifier sa d\u00e9cision dans le courrier mais simplement :<\/span><\/p><ul><li><span style=\"font-size: large;\">vous informez de son intention de quitter le logement,<\/span><\/li><li><span style=\"font-size: large;\">vous indiquez la\u00a0<strong>date de prise d'effet du cong\u00e9<\/strong> (qui ne peut intervenir, sauf accord avec vous, avant l'expiration d'un d\u00e9lai de pr\u00e9avis de 3 mois ou 1 mois selon les cas),\u00a0<\/span><\/li><li><span style=\"font-size: large;\">vous indiquez dans le cas o\u00f9 il b\u00e9n\u00e9ficierait d'un pr\u00e9avis de 1 mois, le <strong>motif ouvrant droit \u00e0 un pr\u00e9avis r\u00e9duit et le justifier<\/strong> (logement situ\u00e9 en zone tendue, perte d'emploi...).\u00a0<\/span><\/li><\/ul><p><span style=\"font-size: large;\">Si aucun motif de cong\u00e9 n'est pr\u00e9cis\u00e9, un pr\u00e9avis de 3 mois s'applique.<\/span><\/p><p><span style=\"font-size: large;\">Pour en savoir davantage sur le pr\u00e9avis, je vous conseille cet article : <a href=\"https:\/\/www.monsieurhugo.com\/blog\/2018\/03\/comment-donner-conge-au-locataire-dune.html\" target=\"_blank\" rel=\"noopener noreferrer\"><span style=\"color: blue;\"><u>Comment donner cong\u00e9 au locataire d'une location non meubl\u00e9e ?<\/u><\/span><\/a> <\/span><\/p><p>\u00a0<\/p><p><span style=\"font-size: large;\">\u00a0<\/span><\/p><p><span style=\"font-size: large;\">Mais une fois qu'il vous a adress\u00e9 son pr\u00e9avis, votre locataire peut-il d\u00e9cider de se r\u00e9tracter et rester dans le logement ?<\/span><\/p><p><span style=\"font-size: large;\">La r\u00e9ponse est claire : <strong>NON<\/strong>. D\u00e8s lors qu'il vous a adress\u00e9 sa lettre de cong\u00e9, votre locataire <strong>ne peut plus revenir sur sa d\u00e9cision<\/strong>.\u00a0<\/span><\/p><p><span style=\"font-size: large;\">Il n'y a pas dans la l\u00e9gislation de d\u00e9lai de r\u00e9tractation et ce peu importe le moment o\u00f9 il vous ferait sa demande d'annulation (exemple dans les heures qui suivent le d\u00e9part d'un pr\u00e9avis de 3 mois).<\/span><\/p><p><span style=\"font-size: large;\"><br \/><\/span><br \/><span style=\"font-size: large;\">Vous \u00eates en droit de ne pas accepter sa r\u00e9tractation, et d\u2019exiger son d\u00e9part \u00e0 la date de cong\u00e9 pr\u00e9vue l\u00e9galement dans le courrier. Et s'il refuse de partir, vous pourriez <strong>saisir le tribunal pour demander une expulsion et exiger une indemnit\u00e9<\/strong>.<\/span><\/p><p><span style=\"font-size: large;\"><br \/><\/span><br \/><span style=\"font-size: large;\">La seule exception est s'il vous en fait la demande et que vous acceptez par votre seul consentement de revenir sur ce pr\u00e9avis.<\/span><\/p><p><span style=\"font-size: large;\"><br \/><\/span><br \/><span style=\"font-size: large;\">Pour avoir la version audio de ces explications, je vous renvoie vers cet article de MySweetImmo que vous trouverez <a href=\"https:\/\/www.mysweetimmo.com\/2019\/01\/15\/un-locataire-a-t-il-le-droit-de-changer-davis-apres-avoir-envoye-son-conge-pour-quitter-le-bien\/\" target=\"_blank\" rel=\"noopener noreferrer\"><span style=\"color: blue;\"><u>ici<\/u><\/span><\/a>.<\/span><\/p><p><span style=\"font-size: large;\">\u00a0<\/span><\/p><p><span style=\"font-size: large;\">Bonne location,<\/span><\/p><p><strong><span style=\"color: #006fad;\">Monsieur Hugo<\/span><\/strong>,<\/p><p>Votre assistant personnel en gestion locative<\/p><p><span style=\"font-size: large;\"><span style=\"font-family: 'arial' , 'helvetica' , sans-serif;\"><span style=\"font-size: large;\"><span style=\"color: black; display: inline; float: none; font-family: 'arial' , 'helvetica' , sans-serif; font-size: large;\">Inscrivez-vous d\u00e8s maintenant \u00e0 ma\u00a0<\/span><a href=\"https:\/\/www.monsieurhugo.com\/blog\/p\/blog-page.html\" target=\"_blank\" rel=\"noopener noreferrer\"><span style=\"color: blue;\"><u><strong>NEWSLETTER<\/strong><\/u><\/span><\/a><span style=\"color: black; display: inline; float: none; font-family: 'arial' , 'helvetica' , sans-serif; font-size: large;\">, pour tout savoir sur la\u00a0<strong>gestion locative en ligne<\/strong>, b\u00e9n\u00e9ficier de conseils et\u00a0<\/span><span style=\"color: black; font-family: 'arial' , 'helvetica' , sans-serif; font-size: large; font-style: normal; font-weight: 400; letter-spacing: normal; text-indent: 0px; text-transform: none; white-space: normal; word-spacing: 0px;\">\u00eatre averti<span style=\"font-family: 'arial' , 'helvetica' , sans-serif;\">s des \u00e9volutions importantes pour louer en toute s\u00e9curit\u00e9.<\/span><\/span><\/span><\/span><\/span><\/p><p><span style=\"font-size: large;\"><span style=\"font-family: 'arial' , 'helvetica' , sans-serif;\"><span style=\"font-size: large;\"><span style=\"color: black; font-family: 'arial' , 'helvetica' , sans-serif; font-size: large; font-style: normal; font-weight: 400; letter-spacing: normal; text-indent: 0px; text-transform: none; white-space: normal; word-spacing: 0px;\"><span style=\"font-family: 'arial' , 'helvetica' , sans-serif;\"><span style=\"font-family: 'arial' , 'helvetica' , sans-serif;\"><span style=\"font-size: large;\"><span style=\"font-family: 'arial' , 'helvetica' , sans-serif;\"><strong>Retrouvez-moi sur\u00a0<\/strong><a href=\"https:\/\/www.facebook.com\/assistantmonsieurhugo\" target=\"_blank\" rel=\"noopener noreferrer\"><span style=\"color: blue;\"><u>Facebook<\/u><\/span><\/a><\/span><\/span><\/span> <\/span><\/span><\/span><\/span><\/span><\/p><p><span style=\"font-size: large;\">Je vous sugg\u00e8re aussi :<br \/>> <a href=\"https:\/\/www.monsieurhugo.com\/blog\/2018\/01\/garants-modele-lettre-gratuit.html\" target=\"_blank\" rel=\"noopener noreferrer\"><span style=\"color: blue;\"><u>Les garants, mod\u00e8le d'acte de caution solidaire<\/u><\/span><\/a><\/span><\/p><p><span style=\"font-size: large;\"><span style=\"font-family: 'arial' , 'helvetica' , sans-serif; font-size: large;\">>\u00a0<a href=\"https:\/\/www.monsieurhugo.com\/blog\/2018\/01\/bail-de-location-loi-alur-modele-gratuit-telecharger.html\" target=\"_blank\" rel=\"noopener noreferrer\"><span style=\"color: blue;\"><u>Tout savoir sur le contrat de location - T\u00e9l\u00e9chargez votre bail, gratuit<\/u><\/span><\/a><\/span><br \/><span style=\"font-family: 'arial' , 'helvetica' , sans-serif;\"><span style=\"font-size: large;\">> <a href=\"https:\/\/www.monsieurhugo.com\/blog\/2018\/01\/etat-des-lieux-modele-a-telecharger.html\" target=\"_blank\" rel=\"noopener noreferrer\"><span style=\"color: blue;\"><u>Comment \u00e9tablir l'\u00e9tat des lieux de votre logement ?<\/u><\/span><\/a><\/span><\/span><\/span><\/p>","_et_gb_content_width":"","footnotes":""},"categories":[73],"tags":[],"class_list":["post-352066","post","type-post","status-publish","format-standard","has-post-thumbnail","hentry","category-etat-des-lieux"],"acf":[],"yoast_head":"<!-- This site is optimized with the Yoast SEO plugin v27.5 - https:\/\/yoast.com\/product\/yoast-seo-wordpress\/ -->\n<title>Un locataire a-t-il le droit de changer d\u2019avis apr\u00e8s avoir envoy\u00e9 son cong\u00e9 pour quitter le bien ? - Monsieur Hugo<\/title>\n<meta name=\"robots\" content=\"index, follow, max-snippet:-1, max-image-preview:large, max-video-preview:-1\" \/>\n<link rel=\"canonical\" href=\"https:\/\/www.monsieurhugo.com\/blog\/2019\/01\/16\/un-locataire-t-il-le-droit-de-changer\/\" \/>\n<meta property=\"og:locale\" content=\"fr_FR\" \/>\n<meta property=\"og:type\" content=\"article\" \/>\n<meta property=\"og:title\" content=\"Un locataire a-t-il le droit de changer d\u2019avis apr\u00e8s avoir envoy\u00e9 son cong\u00e9 pour quitter le bien ? - Monsieur Hugo\" \/>\n<meta property=\"og:description\" content=\"Votre locataire a-t-il un droit de r\u00e9tractation apr\u00e8s avoir envoy\u00e9 son pr\u00e9avis ? Votre locataire vous a adress\u00e9 son pr\u00e9avis mais voil\u00e0 qu&#039;avant la date de son d\u00e9part, il vous annonce qu&#039;il annule la demande de cong\u00e9 et qu&#039;il reste dans le logement ! En a-t-il le droit ? Y a-t-il un d\u00e9lai de r\u00e9tractation [&hellip;]\" \/>\n<meta property=\"og:url\" content=\"https:\/\/www.monsieurhugo.com\/blog\/2019\/01\/16\/un-locataire-t-il-le-droit-de-changer\/\" \/>\n<meta property=\"og:site_name\" content=\"Monsieur Hugo\" \/>\n<meta property=\"article:publisher\" content=\"https:\/\/www.facebook.com\/assistantmonsieurhugo\/\" \/>\n<meta property=\"article:published_time\" content=\"2019-01-16T08:30:00+00:00\" \/>\n<meta property=\"article:modified_time\" content=\"2026-01-20T14:43:03+00:00\" \/>\n<meta property=\"og:image\" content=\"https:\/\/www.monsieurhugo.com\/blog\/wp-content\/uploads\/2019\/01\/preavis2Bconges-1.jpg\" \/>\n\t<meta property=\"og:image:width\" content=\"1062\" \/>\n\t<meta property=\"og:image:height\" content=\"708\" \/>\n\t<meta property=\"og:image:type\" content=\"image\/jpeg\" \/>\n<meta name=\"author\" content=\"Bruno Cantegrel\" \/>\n<meta name=\"twitter:card\" content=\"summary_large_image\" \/>\n<meta name=\"twitter:creator\" content=\"@monsieurhugo_\" \/>\n<meta name=\"twitter:site\" content=\"@monsieurhugo_\" \/>\n<meta name=\"twitter:label1\" content=\"\u00c9crit par\" \/>\n\t<meta name=\"twitter:data1\" content=\"Bruno Cantegrel\" \/>\n\t<meta name=\"twitter:label2\" content=\"Dur\u00e9e de lecture estim\u00e9e\" \/>\n\t<meta name=\"twitter:data2\" content=\"4 minutes\" \/>\n<script type=\"application\/ld+json\" class=\"yoast-schema-graph\">{\"@context\":\"https:\\\/\\\/schema.org\",\"@graph\":[{\"@type\":\"Article\",\"@id\":\"https:\\\/\\\/www.monsieurhugo.com\\\/blog\\\/2019\\\/01\\\/16\\\/un-locataire-t-il-le-droit-de-changer\\\/#article\",\"isPartOf\":{\"@id\":\"https:\\\/\\\/www.monsieurhugo.com\\\/blog\\\/2019\\\/01\\\/16\\\/un-locataire-t-il-le-droit-de-changer\\\/\"},\"author\":{\"name\":\"Bruno Cantegrel\",\"@id\":\"https:\\\/\\\/www.monsieurhugo.com\\\/blog\\\/#\\\/schema\\\/person\\\/c46c67fabd9bedfa0ce7d1f4142116c3\"},\"headline\":\"Un locataire a-t-il le droit de changer d\u2019avis apr\u00e8s avoir envoy\u00e9 son cong\u00e9 pour quitter le bien ?\",\"datePublished\":\"2019-01-16T08:30:00+00:00\",\"dateModified\":\"2026-01-20T14:43:03+00:00\",\"mainEntityOfPage\":{\"@id\":\"https:\\\/\\\/www.monsieurhugo.com\\\/blog\\\/2019\\\/01\\\/16\\\/un-locataire-t-il-le-droit-de-changer\\\/\"},\"wordCount\":882,\"publisher\":{\"@id\":\"https:\\\/\\\/www.monsieurhugo.com\\\/blog\\\/#organization\"},\"image\":{\"@id\":\"https:\\\/\\\/www.monsieurhugo.com\\\/blog\\\/2019\\\/01\\\/16\\\/un-locataire-t-il-le-droit-de-changer\\\/#primaryimage\"},\"thumbnailUrl\":\"https:\\\/\\\/www.monsieurhugo.com\\\/blog\\\/wp-content\\\/uploads\\\/2019\\\/01\\\/preavis2Bconges-1.jpg\",\"articleSection\":[\"\u00c9tat des lieux\"],\"inLanguage\":\"fr-FR\"},{\"@type\":\"WebPage\",\"@id\":\"https:\\\/\\\/www.monsieurhugo.com\\\/blog\\\/2019\\\/01\\\/16\\\/un-locataire-t-il-le-droit-de-changer\\\/\",\"url\":\"https:\\\/\\\/www.monsieurhugo.com\\\/blog\\\/2019\\\/01\\\/16\\\/un-locataire-t-il-le-droit-de-changer\\\/\",\"name\":\"Un locataire a-t-il le droit de changer d\u2019avis apr\u00e8s avoir envoy\u00e9 son cong\u00e9 pour quitter le bien ? - Monsieur Hugo\",\"isPartOf\":{\"@id\":\"https:\\\/\\\/www.monsieurhugo.com\\\/blog\\\/#website\"},\"primaryImageOfPage\":{\"@id\":\"https:\\\/\\\/www.monsieurhugo.com\\\/blog\\\/2019\\\/01\\\/16\\\/un-locataire-t-il-le-droit-de-changer\\\/#primaryimage\"},\"image\":{\"@id\":\"https:\\\/\\\/www.monsieurhugo.com\\\/blog\\\/2019\\\/01\\\/16\\\/un-locataire-t-il-le-droit-de-changer\\\/#primaryimage\"},\"thumbnailUrl\":\"https:\\\/\\\/www.monsieurhugo.com\\\/blog\\\/wp-content\\\/uploads\\\/2019\\\/01\\\/preavis2Bconges-1.jpg\",\"datePublished\":\"2019-01-16T08:30:00+00:00\",\"dateModified\":\"2026-01-20T14:43:03+00:00\",\"breadcrumb\":{\"@id\":\"https:\\\/\\\/www.monsieurhugo.com\\\/blog\\\/2019\\\/01\\\/16\\\/un-locataire-t-il-le-droit-de-changer\\\/#breadcrumb\"},\"inLanguage\":\"fr-FR\",\"potentialAction\":[{\"@type\":\"ReadAction\",\"target\":[\"https:\\\/\\\/www.monsieurhugo.com\\\/blog\\\/2019\\\/01\\\/16\\\/un-locataire-t-il-le-droit-de-changer\\\/\"]}]},{\"@type\":\"ImageObject\",\"inLanguage\":\"fr-FR\",\"@id\":\"https:\\\/\\\/www.monsieurhugo.com\\\/blog\\\/2019\\\/01\\\/16\\\/un-locataire-t-il-le-droit-de-changer\\\/#primaryimage\",\"url\":\"https:\\\/\\\/www.monsieurhugo.com\\\/blog\\\/wp-content\\\/uploads\\\/2019\\\/01\\\/preavis2Bconges-1.jpg\",\"contentUrl\":\"https:\\\/\\\/www.monsieurhugo.com\\\/blog\\\/wp-content\\\/uploads\\\/2019\\\/01\\\/preavis2Bconges-1.jpg\",\"width\":1062,\"height\":708},{\"@type\":\"BreadcrumbList\",\"@id\":\"https:\\\/\\\/www.monsieurhugo.com\\\/blog\\\/2019\\\/01\\\/16\\\/un-locataire-t-il-le-droit-de-changer\\\/#breadcrumb\",\"itemListElement\":[{\"@type\":\"ListItem\",\"position\":1,\"name\":\"Logiciel Gestion Locative En Ligne\",\"item\":\"https:\\\/\\\/www.monsieurhugo.com\\\/blog\\\/\"},{\"@type\":\"ListItem\",\"position\":2,\"name\":\"\u00c9tat des lieux\",\"item\":\"https:\\\/\\\/www.monsieurhugo.com\\\/blog\\\/category\\\/etat-des-lieux\\\/\"},{\"@type\":\"ListItem\",\"position\":3,\"name\":\"Un locataire a-t-il le droit de changer d\u2019avis apr\u00e8s avoir envoy\u00e9 son cong\u00e9 pour quitter le bien ?\"}]},{\"@type\":\"WebSite\",\"@id\":\"https:\\\/\\\/www.monsieurhugo.com\\\/blog\\\/#website\",\"url\":\"https:\\\/\\\/www.monsieurhugo.com\\\/blog\\\/\",\"name\":\"Monsieur Hugo\",\"description\":\"Votre logiciel de gestion locative\",\"publisher\":{\"@id\":\"https:\\\/\\\/www.monsieurhugo.com\\\/blog\\\/#organization\"},\"potentialAction\":[{\"@type\":\"SearchAction\",\"target\":{\"@type\":\"EntryPoint\",\"urlTemplate\":\"https:\\\/\\\/www.monsieurhugo.com\\\/blog\\\/?s={search_term_string}\"},\"query-input\":{\"@type\":\"PropertyValueSpecification\",\"valueRequired\":true,\"valueName\":\"search_term_string\"}}],\"inLanguage\":\"fr-FR\"},{\"@type\":\"Organization\",\"@id\":\"https:\\\/\\\/www.monsieurhugo.com\\\/blog\\\/#organization\",\"name\":\"Monsieur Hugo\",\"url\":\"https:\\\/\\\/www.monsieurhugo.com\\\/blog\\\/\",\"logo\":{\"@type\":\"ImageObject\",\"inLanguage\":\"fr-FR\",\"@id\":\"https:\\\/\\\/www.monsieurhugo.com\\\/blog\\\/#\\\/schema\\\/logo\\\/image\\\/\",\"url\":\"https:\\\/\\\/www.monsieurhugo.com\\\/blog\\\/wp-content\\\/uploads\\\/2020\\\/06\\\/Logotype-final-v2.png\",\"contentUrl\":\"https:\\\/\\\/www.monsieurhugo.com\\\/blog\\\/wp-content\\\/uploads\\\/2020\\\/06\\\/Logotype-final-v2.png\",\"width\":898,\"height\":234,\"caption\":\"Monsieur Hugo\"},\"image\":{\"@id\":\"https:\\\/\\\/www.monsieurhugo.com\\\/blog\\\/#\\\/schema\\\/logo\\\/image\\\/\"},\"sameAs\":[\"https:\\\/\\\/www.facebook.com\\\/assistantmonsieurhugo\\\/\",\"https:\\\/\\\/x.com\\\/monsieurhugo_\",\"https:\\\/\\\/www.linkedin.com\\\/company\\\/18421005\\\/\"]},{\"@type\":\"Person\",\"@id\":\"https:\\\/\\\/www.monsieurhugo.com\\\/blog\\\/#\\\/schema\\\/person\\\/c46c67fabd9bedfa0ce7d1f4142116c3\",\"name\":\"Bruno Cantegrel\",\"image\":{\"@type\":\"ImageObject\",\"inLanguage\":\"fr-FR\",\"@id\":\"https:\\\/\\\/secure.gravatar.com\\\/avatar\\\/627f29f4ef165adeb61765fbeaf70336b3653293cbe1ba89fccd189379833b3a?s=96&d=mm&r=g\",\"url\":\"https:\\\/\\\/secure.gravatar.com\\\/avatar\\\/627f29f4ef165adeb61765fbeaf70336b3653293cbe1ba89fccd189379833b3a?s=96&d=mm&r=g\",\"contentUrl\":\"https:\\\/\\\/secure.gravatar.com\\\/avatar\\\/627f29f4ef165adeb61765fbeaf70336b3653293cbe1ba89fccd189379833b3a?s=96&d=mm&r=g\",\"caption\":\"Bruno Cantegrel\"},\"description\":\"Je suis le CEO et le fondateur de Monsieur Hugo : le 1er assistant personnel en gestion locative\u00a0des propri\u00e9taires malins. J'ai maintenant plus de 15 ans d'exp\u00e9rience en investissement et gestion locative.\",\"sameAs\":[\"https:\\\/\\\/www.monsieurhugo.com\\\/blog\\\/a-propos\\\/\",\"https:\\\/\\\/www.linkedin.com\\\/in\\\/bruno-bruno-4336096\\\/\"]}]}<\/script>\n<!-- \/ Yoast SEO plugin. -->","yoast_head_json":{"title":"Un locataire a-t-il le droit de changer d\u2019avis apr\u00e8s avoir envoy\u00e9 son cong\u00e9 pour quitter le bien ? - Monsieur Hugo","robots":{"index":"index","follow":"follow","max-snippet":"max-snippet:-1","max-image-preview":"max-image-preview:large","max-video-preview":"max-video-preview:-1"},"canonical":"https:\/\/www.monsieurhugo.com\/blog\/2019\/01\/16\/un-locataire-t-il-le-droit-de-changer\/","og_locale":"fr_FR","og_type":"article","og_title":"Un locataire a-t-il le droit de changer d\u2019avis apr\u00e8s avoir envoy\u00e9 son cong\u00e9 pour quitter le bien ? - Monsieur Hugo","og_description":"Votre locataire a-t-il un droit de r\u00e9tractation apr\u00e8s avoir envoy\u00e9 son pr\u00e9avis ? Votre locataire vous a adress\u00e9 son pr\u00e9avis mais voil\u00e0 qu'avant la date de son d\u00e9part, il vous annonce qu'il annule la demande de cong\u00e9 et qu'il reste dans le logement ! En a-t-il le droit ? Y a-t-il un d\u00e9lai de r\u00e9tractation [&hellip;]","og_url":"https:\/\/www.monsieurhugo.com\/blog\/2019\/01\/16\/un-locataire-t-il-le-droit-de-changer\/","og_site_name":"Monsieur Hugo","article_publisher":"https:\/\/www.facebook.com\/assistantmonsieurhugo\/","article_published_time":"2019-01-16T08:30:00+00:00","article_modified_time":"2026-01-20T14:43:03+00:00","og_image":[{"width":1062,"height":708,"url":"https:\/\/www.monsieurhugo.com\/blog\/wp-content\/uploads\/2019\/01\/preavis2Bconges-1.jpg","type":"image\/jpeg"}],"author":"Bruno Cantegrel","twitter_card":"summary_large_image","twitter_creator":"@monsieurhugo_","twitter_site":"@monsieurhugo_","twitter_misc":{"\u00c9crit par":"Bruno Cantegrel","Dur\u00e9e de lecture estim\u00e9e":"4 minutes"},"schema":{"@context":"https:\/\/schema.org","@graph":[{"@type":"Article","@id":"https:\/\/www.monsieurhugo.com\/blog\/2019\/01\/16\/un-locataire-t-il-le-droit-de-changer\/#article","isPartOf":{"@id":"https:\/\/www.monsieurhugo.com\/blog\/2019\/01\/16\/un-locataire-t-il-le-droit-de-changer\/"},"author":{"name":"Bruno Cantegrel","@id":"https:\/\/www.monsieurhugo.com\/blog\/#\/schema\/person\/c46c67fabd9bedfa0ce7d1f4142116c3"},"headline":"Un locataire a-t-il le droit de changer d\u2019avis apr\u00e8s avoir envoy\u00e9 son cong\u00e9 pour quitter le bien ?","datePublished":"2019-01-16T08:30:00+00:00","dateModified":"2026-01-20T14:43:03+00:00","mainEntityOfPage":{"@id":"https:\/\/www.monsieurhugo.com\/blog\/2019\/01\/16\/un-locataire-t-il-le-droit-de-changer\/"},"wordCount":882,"publisher":{"@id":"https:\/\/www.monsieurhugo.com\/blog\/#organization"},"image":{"@id":"https:\/\/www.monsieurhugo.com\/blog\/2019\/01\/16\/un-locataire-t-il-le-droit-de-changer\/#primaryimage"},"thumbnailUrl":"https:\/\/www.monsieurhugo.com\/blog\/wp-content\/uploads\/2019\/01\/preavis2Bconges-1.jpg","articleSection":["\u00c9tat des lieux"],"inLanguage":"fr-FR"},{"@type":"WebPage","@id":"https:\/\/www.monsieurhugo.com\/blog\/2019\/01\/16\/un-locataire-t-il-le-droit-de-changer\/","url":"https:\/\/www.monsieurhugo.com\/blog\/2019\/01\/16\/un-locataire-t-il-le-droit-de-changer\/","name":"Un locataire a-t-il le droit de changer d\u2019avis apr\u00e8s avoir envoy\u00e9 son cong\u00e9 pour quitter le bien ? - Monsieur Hugo","isPartOf":{"@id":"https:\/\/www.monsieurhugo.com\/blog\/#website"},"primaryImageOfPage":{"@id":"https:\/\/www.monsieurhugo.com\/blog\/2019\/01\/16\/un-locataire-t-il-le-droit-de-changer\/#primaryimage"},"image":{"@id":"https:\/\/www.monsieurhugo.com\/blog\/2019\/01\/16\/un-locataire-t-il-le-droit-de-changer\/#primaryimage"},"thumbnailUrl":"https:\/\/www.monsieurhugo.com\/blog\/wp-content\/uploads\/2019\/01\/preavis2Bconges-1.jpg","datePublished":"2019-01-16T08:30:00+00:00","dateModified":"2026-01-20T14:43:03+00:00","breadcrumb":{"@id":"https:\/\/www.monsieurhugo.com\/blog\/2019\/01\/16\/un-locataire-t-il-le-droit-de-changer\/#breadcrumb"},"inLanguage":"fr-FR","potentialAction":[{"@type":"ReadAction","target":["https:\/\/www.monsieurhugo.com\/blog\/2019\/01\/16\/un-locataire-t-il-le-droit-de-changer\/"]}]},{"@type":"ImageObject","inLanguage":"fr-FR","@id":"https:\/\/www.monsieurhugo.com\/blog\/2019\/01\/16\/un-locataire-t-il-le-droit-de-changer\/#primaryimage","url":"https:\/\/www.monsieurhugo.com\/blog\/wp-content\/uploads\/2019\/01\/preavis2Bconges-1.jpg","contentUrl":"https:\/\/www.monsieurhugo.com\/blog\/wp-content\/uploads\/2019\/01\/preavis2Bconges-1.jpg","width":1062,"height":708},{"@type":"BreadcrumbList","@id":"https:\/\/www.monsieurhugo.com\/blog\/2019\/01\/16\/un-locataire-t-il-le-droit-de-changer\/#breadcrumb","itemListElement":[{"@type":"ListItem","position":1,"name":"Logiciel Gestion Locative En Ligne","item":"https:\/\/www.monsieurhugo.com\/blog\/"},{"@type":"ListItem","position":2,"name":"\u00c9tat des lieux","item":"https:\/\/www.monsieurhugo.com\/blog\/category\/etat-des-lieux\/"},{"@type":"ListItem","position":3,"name":"Un locataire a-t-il le droit de changer d\u2019avis apr\u00e8s avoir envoy\u00e9 son cong\u00e9 pour quitter le bien ?"}]},{"@type":"WebSite","@id":"https:\/\/www.monsieurhugo.com\/blog\/#website","url":"https:\/\/www.monsieurhugo.com\/blog\/","name":"Monsieur Hugo","description":"Votre logiciel de gestion locative","publisher":{"@id":"https:\/\/www.monsieurhugo.com\/blog\/#organization"},"potentialAction":[{"@type":"SearchAction","target":{"@type":"EntryPoint","urlTemplate":"https:\/\/www.monsieurhugo.com\/blog\/?s={search_term_string}"},"query-input":{"@type":"PropertyValueSpecification","valueRequired":true,"valueName":"search_term_string"}}],"inLanguage":"fr-FR"},{"@type":"Organization","@id":"https:\/\/www.monsieurhugo.com\/blog\/#organization","name":"Monsieur Hugo","url":"https:\/\/www.monsieurhugo.com\/blog\/","logo":{"@type":"ImageObject","inLanguage":"fr-FR","@id":"https:\/\/www.monsieurhugo.com\/blog\/#\/schema\/logo\/image\/","url":"https:\/\/www.monsieurhugo.com\/blog\/wp-content\/uploads\/2020\/06\/Logotype-final-v2.png","contentUrl":"https:\/\/www.monsieurhugo.com\/blog\/wp-content\/uploads\/2020\/06\/Logotype-final-v2.png","width":898,"height":234,"caption":"Monsieur Hugo"},"image":{"@id":"https:\/\/www.monsieurhugo.com\/blog\/#\/schema\/logo\/image\/"},"sameAs":["https:\/\/www.facebook.com\/assistantmonsieurhugo\/","https:\/\/x.com\/monsieurhugo_","https:\/\/www.linkedin.com\/company\/18421005\/"]},{"@type":"Person","@id":"https:\/\/www.monsieurhugo.com\/blog\/#\/schema\/person\/c46c67fabd9bedfa0ce7d1f4142116c3","name":"Bruno Cantegrel","image":{"@type":"ImageObject","inLanguage":"fr-FR","@id":"https:\/\/secure.gravatar.com\/avatar\/627f29f4ef165adeb61765fbeaf70336b3653293cbe1ba89fccd189379833b3a?s=96&d=mm&r=g","url":"https:\/\/secure.gravatar.com\/avatar\/627f29f4ef165adeb61765fbeaf70336b3653293cbe1ba89fccd189379833b3a?s=96&d=mm&r=g","contentUrl":"https:\/\/secure.gravatar.com\/avatar\/627f29f4ef165adeb61765fbeaf70336b3653293cbe1ba89fccd189379833b3a?s=96&d=mm&r=g","caption":"Bruno Cantegrel"},"description":"Je suis le CEO et le fondateur de Monsieur Hugo : le 1er assistant personnel en gestion locative\u00a0des propri\u00e9taires malins. J'ai maintenant plus de 15 ans d'exp\u00e9rience en investissement et gestion locative.","sameAs":["https:\/\/www.monsieurhugo.com\/blog\/a-propos\/","https:\/\/www.linkedin.com\/in\/bruno-bruno-4336096\/"]}]}},"_links":{"self":[{"href":"https:\/\/www.monsieurhugo.com\/blog\/wp-json\/wp\/v2\/posts\/352066","targetHints":{"allow":["GET"]}}],"collection":[{"href":"https:\/\/www.monsieurhugo.com\/blog\/wp-json\/wp\/v2\/posts"}],"about":[{"href":"https:\/\/www.monsieurhugo.com\/blog\/wp-json\/wp\/v2\/types\/post"}],"author":[{"embeddable":true,"href":"https:\/\/www.monsieurhugo.com\/blog\/wp-json\/wp\/v2\/users\/1"}],"replies":[{"embeddable":true,"href":"https:\/\/www.monsieurhugo.com\/blog\/wp-json\/wp\/v2\/comments?post=352066"}],"version-history":[{"count":2,"href":"https:\/\/www.monsieurhugo.com\/blog\/wp-json\/wp\/v2\/posts\/352066\/revisions"}],"predecessor-version":[{"id":357872,"href":"https:\/\/www.monsieurhugo.com\/blog\/wp-json\/wp\/v2\/posts\/352066\/revisions\/357872"}],"wp:featuredmedia":[{"embeddable":true,"href":"https:\/\/www.monsieurhugo.com\/blog\/wp-json\/wp\/v2\/media\/352067"}],"wp:attachment":[{"href":"https:\/\/www.monsieurhugo.com\/blog\/wp-json\/wp\/v2\/media?parent=352066"}],"wp:term":[{"taxonomy":"category","embeddable":true,"href":"https:\/\/www.monsieurhugo.com\/blog\/wp-json\/wp\/v2\/categories?post=352066"},{"taxonomy":"post_tag","embeddable":true,"href":"https:\/\/www.monsieurhugo.com\/blog\/wp-json\/wp\/v2\/tags?post=352066"}],"curies":[{"name":"wp","href":"https:\/\/api.w.org\/{rel}","templated":true}]}}