{"id":352062,"date":"2019-01-22T09:30:00","date_gmt":"2019-01-22T08:30:00","guid":{"rendered":""},"modified":"2026-01-20T15:43:03","modified_gmt":"2026-01-20T14:43:03","slug":"coproprietes-le-prix-reel-dun-logement","status":"publish","type":"post","link":"https:\/\/www.monsieurhugo.com\/blog\/2019\/01\/22\/coproprietes-le-prix-reel-dun-logement\/","title":{"rendered":"Copropri\u00e9t\u00e9s : le prix r\u00e9el d&rsquo;un logement, charges comprises, dans les grandes villes fran\u00e7aises"},"content":{"rendered":"\n[et_pb_section fb_built=\u00a0\u00bb1&Prime; _builder_version=\u00a0\u00bb3.22&Prime;][et_pb_row _builder_version=\u00a0\u00bb3.25&Prime; background_size=\u00a0\u00bbinitial\u00a0\u00bb background_position=\u00a0\u00bbtop_left\u00a0\u00bb background_repeat=\u00a0\u00bbrepeat\u00a0\u00bb][et_pb_column type=\u00a0\u00bb4_4&Prime; _builder_version=\u00a0\u00bb3.25&Prime; custom_padding=\u00a0\u00bb|||\u00a0\u00bb custom_padding__hover=\u00a0\u00bb|||\u00a0\u00bb][et_pb_text _builder_version=\u00a0\u00bb4.4.9&Prime; background_size=\u00a0\u00bbinitial\u00a0\u00bb background_position=\u00a0\u00bbtop_left\u00a0\u00bb background_repeat=\u00a0\u00bbrepeat\u00a0\u00bb hover_enabled=\u00a0\u00bb0&Prime; text_font_size=\u00a0\u00bb19px\u00a0\u00bb]<h2 class=\"separator\"><span style=\"font-family: 'arial' , 'helvetica' , sans-serif;\"><span style=\"font-size: x-large;\">Les charges de copropri\u00e9t\u00e9s peuvent faire bondir le prix r\u00e9el de votre bien de 30% !<\/span><\/span><\/h2>\n<p><span style=\"font-size: large;\">Selon l&rsquo;ARC (l&rsquo;Association des Responsables de Copropri\u00e9t\u00e9s) en 10 ans, les charges de fonctionnement des copropri\u00e9t\u00e9s ont progress\u00e9 en France de pr\u00e8s de <strong>40 %<\/strong> alors que l&rsquo;inflation n&rsquo;a augment\u00e9 que de 10% sur la m\u00eame p\u00e9riode. <\/span><\/p>\n<p><span style=\"font-size: large;\">La raison : les d\u00e9penses courantes de copropri\u00e9t\u00e9 qui s&rsquo;envolent d&rsquo;une ann\u00e9e sur l&rsquo;autre.<\/span><\/p>\n<p><span style=\"font-size: large;\">D&rsquo;apr\u00e8s une \u00e9tude de Baticopro, plus de 8 copropri\u00e9taires sur 10 paient <strong>plus de 1 000 euros de charges annuelles<\/strong>. Le chauffage, les honoraires du syndic, les frais de gardiennage et l\u2019entretien des parties communes repr\u00e9sentent les principaux postes de d\u00e9pense.<\/span>\u00a0<\/p>\n<p><span style=\"font-size: large;\">A cela s&rsquo;ajoute la <strong>r\u00e9novation \u00e9nerg\u00e9tique <\/strong>des b\u00e2timents et des \u00e9quipements collectifs, qui imposent un <strong>investissement financier suppl\u00e9mentaire<\/strong>. Et cet investissement n\u2019a g\u00e9n\u00e9ralement pas \u00e9t\u00e9 comptabilis\u00e9 dans le budget d\u2019acquisition du bien immobilier. <\/span><span style=\"font-size: large;\"><br \/> <\/span><br \/> <span style=\"font-size: large;\">Selon l&rsquo;ARC, ces travaux d\u2019entretien et de r\u00e9novation repr\u00e9senterait <strong>35 % du montant des charges courantes annuelles<\/strong>. En d&rsquo;autres mots, lorsque vous payez 100 euros de charges courantes, il vous faudra ajouter 35 euros de plus pour financer les travaux d\u2019entretien et de r\u00e9novation de la copropri\u00e9t\u00e9. <\/span><\/p>\n<p><span style=\"font-size: large;\">Et cette r\u00e9alit\u00e9 met en <strong>difficult\u00e9<\/strong> beaucoup de copropri\u00e9taires. Notamment <strong>les primo-acc\u00e9dants<\/strong>, qui lors de l\u2019achat de leur bien n\u2019ont pas forc\u00e9ment pris en consid\u00e9ration ces d\u00e9penses dans leur budget. Ce qui peut les mettre rapidement en incapacit\u00e9 de paiement.<\/span><\/p>\n<p><span style=\"font-size: large;\">Et faute d\u2019avoir \u00e9t\u00e9 avertis sur cette r\u00e9alit\u00e9 lors de la promesse de vente, <strong>de nombreux copropri\u00e9taires refusent ensuite de voter les travaux collectifs qui sont pourtant indispensables<\/strong>. La cons\u00e9quence directe de ce d\u00e9sinvestissement : des copropri\u00e9t\u00e9s en difficult\u00e9 qui cumulent des impay\u00e9s de charges et un vieillissement du b\u00e2ti et des \u00e9quipements collectifs.<\/span><span style=\"font-size: large;\"><br \/> <\/span><br \/> <span style=\"font-size: large;\">L&rsquo;ARC rappelle qu&rsquo;il est essentiel d&rsquo;int\u00e9grer dans le co\u00fbt r\u00e9el de revient d&rsquo;un logement :<\/span><\/p>\n<ul>\n<li><span style=\"font-size: large;\">le prix d\u2019achat initial<\/span><\/li>\n<li><span style=\"font-size: large;\">les honoraires du notaire, <\/span><\/li>\n<li><span style=\"font-size: large;\">les <strong>charges courantes et les provisions travaux<\/strong> de la copropri\u00e9t\u00e9 rattach\u00e9es aux lots <\/span><\/li>\n<li><span style=\"font-size: large;\">et, \u00e9ventuellement, le co\u00fbt du cr\u00e9dit.<\/span><\/li>\n<\/ul>\n<p><span style=\"font-size: large;\">La revente moyenne d&rsquo;un bien se faisant autour de 8 ans, chaque acheteur potentiel doit \u00e9valuer avant de s&rsquo;engager le co\u00fbt r\u00e9el du logement en incluant les charges courantes et les provisions travaux sur 10 ans.<br \/> L&rsquo;ARC a calcul\u00e9 le co\u00fbt r\u00e9el d\u2019un logement sur 10 ans dans les 20 plus grandes villes fran\u00e7aises. <strong>Le co\u00fbt de revient serait plus que doubl\u00e9 si on int\u00e9grait l\u2019ensemble des charges<\/strong>, c\u2019est-\u00e0-dire les honoraires de notaire, les d\u00e9penses courantes et de travaux, ainsi que le co\u00fbt du cr\u00e9dit.<\/span><\/p>\n<p><span style=\"font-size: large;\">C\u2019est le cas \u00e0 Saint-Etienne, o\u00f9 compte tenu des faibles prix de l\u2019immobilier (941 euros le m\u00b2), le prix d\u2019un logement de 66 m\u00b2 qui, \u00e0 l\u2019achat, est de 62 200 \u20ac revient en r\u00e9alit\u00e9 \u00e0 136 805,17 \u20ac (+119;94%).<\/span><\/p>\n<p><span style=\"font-size: large;\">\u00c0 Paris, par contre, le prix d\u2019un 62,6 m\u00b2 fix\u00e9 \u00e0 585 497 euros lors de l\u2019acquisition se transforme en 707 494,95 \u20ac lorsqu\u2019on int\u00e8gre tous les co\u00fbts annexes, soit pr\u00e8s de 21 %.<\/span><span style=\"font-size: large;\">\u00a0<\/span><\/p>\n<p><span style=\"font-size: large;\"><span style=\"font-family: 'arial' , 'helvetica' , sans-serif;\"><span style=\"font-size: large;\"><span style=\"font-family: 'arial' , 'helvetica' , sans-serif;\"><span style=\"font-size: large;\">Je vous invite \u00e0 d\u00e9couvrir tous les d\u00e9tails concernant le co\u00fbt r\u00e9el d&rsquo;un logement en copropri\u00e9t\u00e9 dans l&rsquo;article Boursorama que vous trouverez <a href=\"https:\/\/www.boursorama.com\/patrimoine\/actualites\/coproprietes-le-prix-reel-d-un-logement-charges-comprises-dans-les-grandes-villes-francaises-73668296a3fefdaec477eedd4804debe\" target=\"_blank\" rel=\"noopener noreferrer\"><span style=\"color: blue;\"><u>ici<\/u><\/span><\/a><\/span><\/span><\/span><\/span><\/span><\/p>\n<p><span style=\"font-size: large;\"><span style=\"font-family: 'arial' , 'helvetica' , sans-serif;\"><span style=\"font-size: large;\"><span style=\"font-family: 'arial' , 'helvetica' , sans-serif;\"><span style=\"font-size: large;\"><\/span><\/span><span style=\"font-family: 'arial' , 'helvetica' , sans-serif;\"><span style=\"font-size: large;\"><\/span><\/span><\/span><\/span><\/span><span style=\"font-size: large;\"><span style=\"font-family: 'arial' , 'helvetica' , sans-serif; font-size: large;\"><\/span><\/span><span style=\"font-size: large;\"><span style=\"font-family: 'arial' , 'helvetica' , sans-serif;\"><span style=\"font-size: large;\"><span style=\"font-family: 'arial' , 'helvetica' , sans-serif; font-size: large;\">Je vous sugg\u00e8re aussi :<a href=\"https:\/\/www.monsieurhugo.com\/blog\/2018\/01\/quittance-de-loyer-modele-a-telecharger.html\" target=\"_blank\" rel=\"noopener noreferrer\"><span style=\"color: blue;\"><u><\/u><\/span><\/a><\/span><\/span><\/span><\/span><\/p>\n<ul>\n<li><span style=\"font-size: large;\"><span style=\"font-family: 'arial' , 'helvetica' , sans-serif;\"><span style=\"font-size: large;\"><span style=\"font-family: 'arial' , 'helvetica' , sans-serif; font-size: large;\"><a href=\"https:\/\/www.monsieurhugo.com\/blog\/2018\/01\/quittance-de-loyer-modele-a-telecharger.html\" target=\"_blank\" rel=\"noopener noreferrer\"><span style=\"color: blue;\"><u>La quittance de loyer &#8211; Mod\u00e8le de quittance de loyer en ligne \u00e0 t\u00e9l\u00e9charger<\/u><\/span><\/a><\/span><\/span><\/span><\/span><\/li>\n<li><span style=\"font-family: 'arial' , 'helvetica' , sans-serif; font-size: large;\"><a href=\"https:\/\/www.monsieurhugo.com\/blog\/2018\/01\/bail-de-location-loi-alur-modele-gratuit-telecharger.html\" target=\"_blank\" rel=\"noopener noreferrer\"><span style=\"color: blue;\"><u>Tout savoir sur le contrat de location &#8211; T\u00e9l\u00e9chargez votre bail, gratuit<\/u><\/span><\/a><\/span><\/li>\n<li><span style=\"font-family: 'arial' , 'helvetica' , sans-serif;\"><span style=\"font-size: large;\"><a href=\"https:\/\/www.monsieurhugo.com\/blog\/2018\/01\/guide-de-la-gestion-locative-monsieur-hugo.html\" target=\"_blank\" rel=\"noopener noreferrer\"><span style=\"color: blue;\"><u>Ce que vous devez savoir pour g\u00e9rer seul votre bien<\/u><\/span><\/a><\/span><\/span><\/li>\n<\/ul>[\/et_pb_text][\/et_pb_column][\/et_pb_row][\/et_pb_section]\n","protected":false},"excerpt":{"rendered":"<p>Les charges de copropri\u00e9t\u00e9s peuvent faire bondir le prix r\u00e9el de votre bien de 30% ! Selon l&rsquo;ARC (l&rsquo;Association des Responsables de Copropri\u00e9t\u00e9s) en 10 ans, les charges de fonctionnement des copropri\u00e9t\u00e9s ont progress\u00e9 en France de pr\u00e8s de 40 % alors que l&rsquo;inflation n&rsquo;a augment\u00e9 que de 10% sur la m\u00eame p\u00e9riode. La raison [&hellip;]<\/p>\n","protected":false},"author":1,"featured_media":353168,"comment_status":"closed","ping_status":"closed","sticky":false,"template":"","format":"standard","meta":{"_acf_changed":false,"_et_pb_use_builder":"on","_et_pb_old_content":"<p class=\"separator\"><img src=\"https:\/\/4.bp.blogspot.com\/-iTjOPVRTg4U\/XEHwfP2ktFI\/AAAAAAAAAXE\/UYVz_CteWZUcgM62jRCwLc4Ygoga1eY0gCLcBGAs\/s1600\/NEWS.jpeg\" alt=\"Monsieur Hugo - Gestion locative\" \/><\/p><h2><span style=\"font-family: 'arial' , 'helvetica' , sans-serif;\"><span style=\"font-size: x-large;\">Les charges de copropri\u00e9t\u00e9s peuvent faire bondir le prix r\u00e9el de votre bien de 30% !<\/span><\/span><\/h2><p><span style=\"font-size: large;\">Selon l'ARC (l'Association des Responsables de Copropri\u00e9t\u00e9s) en 10 ans, les charges de fonctionnement des copropri\u00e9t\u00e9s ont progress\u00e9 en France de pr\u00e8s de <strong>40 %<\/strong> alors que l'inflation n'a augment\u00e9 que de 10% sur la m\u00eame p\u00e9riode. <\/span><\/p><p><br \/><span style=\"font-size: large;\">La raison : les d\u00e9penses courantes de copropri\u00e9t\u00e9 qui s'envolent d'une ann\u00e9e sur l'autre.<\/span><\/p><p><span style=\"font-size: large;\">D'apr\u00e8s une \u00e9tude de Baticopro, plus de 8 copropri\u00e9taires sur 10 paient <strong>plus de 1 000 euros de charges annuelles<\/strong>. Le chauffage, les honoraires du syndic, les frais de gardiennage et l\u2019entretien des parties communes repr\u00e9sentent les principaux postes de d\u00e9pense.<\/span><\/p><p>\u00a0<\/p><p><span style=\"font-size: large;\">A cela s'ajoute la <strong>r\u00e9novation \u00e9nerg\u00e9tique <\/strong>des b\u00e2timents et des \u00e9quipements collectifs, qui imposent un <strong>investissement financier suppl\u00e9mentaire<\/strong>. Et cet investissement n\u2019a g\u00e9n\u00e9ralement pas \u00e9t\u00e9 comptabilis\u00e9 dans le budget d\u2019acquisition du bien immobilier. <\/span><\/p><p><span style=\"font-size: large;\"><br \/><\/span><br \/><span style=\"font-size: large;\">Selon l'ARC, ces travaux d\u2019entretien et de r\u00e9novation repr\u00e9senterait <strong>35 % du montant des charges courantes annuelles<\/strong>. En d'autres mots, lorsque vous payez 100 euros de charges courantes, il vous faudra ajouter 35 euros de plus pour financer les travaux d\u2019entretien et de r\u00e9novation de la copropri\u00e9t\u00e9. <\/span><\/p><p><span style=\"font-size: large;\">Et cette r\u00e9alit\u00e9 met en <strong>difficult\u00e9<\/strong> beaucoup de copropri\u00e9taires. Notamment <strong>les primo-acc\u00e9dants<\/strong>, qui lors de l\u2019achat de leur bien n\u2019ont pas forc\u00e9ment pris en consid\u00e9ration ces d\u00e9penses dans leur budget. Ce qui peut les mettre rapidement en incapacit\u00e9 de paiement.<\/span><\/p><p><br \/><br \/><span style=\"font-size: large;\">Et faute d\u2019avoir \u00e9t\u00e9 avertis sur cette r\u00e9alit\u00e9 lors de la promesse de vente, <strong>de nombreux copropri\u00e9taires refusent ensuite de voter les travaux collectifs qui sont pourtant indispensables<\/strong>. La cons\u00e9quence directe de ce d\u00e9sinvestissement : des copropri\u00e9t\u00e9s en difficult\u00e9 qui cumulent des impay\u00e9s de charges et un vieillissement du b\u00e2ti et des \u00e9quipements collectifs.<\/span><\/p><p><span style=\"font-size: large;\"><br \/><\/span><br \/><span style=\"font-size: large;\">L'ARC rappelle qu'il est essentiel d'int\u00e9grer dans le co\u00fbt r\u00e9el de revient d'un logement :<\/span><\/p><ul><li><span style=\"font-size: large;\">le prix d\u2019achat initial<\/span><\/li><li><span style=\"font-size: large;\">les honoraires du notaire, <\/span><\/li><li><span style=\"font-size: large;\">les <strong>charges courantes et les provisions travaux<\/strong> de la copropri\u00e9t\u00e9 rattach\u00e9es aux lots <\/span><\/li><li><span style=\"font-size: large;\">et, \u00e9ventuellement, le co\u00fbt du cr\u00e9dit.<\/span><\/li><\/ul><p><span style=\"font-size: large;\">La revente moyenne d'un bien se faisant autour de 8 ans, chaque acheteur potentiel doit \u00e9valuer avant de s'engager le co\u00fbt r\u00e9el du logement en incluant les charges courantes et les provisions travaux sur 10 ans.<br \/>L'ARC a calcul\u00e9 le co\u00fbt r\u00e9el d\u2019un logement sur 10 ans dans les 20 plus grandes villes fran\u00e7aises. <strong>Le co\u00fbt de revient serait plus que doubl\u00e9 si on int\u00e9grait l\u2019ensemble des charges<\/strong>, c\u2019est-\u00e0-dire les honoraires de notaire, les d\u00e9penses courantes et de travaux, ainsi que le co\u00fbt du cr\u00e9dit.<\/span><\/p><p><span style=\"font-size: large;\">C\u2019est le cas \u00e0 Saint-Etienne, o\u00f9 compte tenu des faibles prix de l\u2019immobilier (941 euros le m\u00b2), le prix d\u2019un logement de 66 m\u00b2 qui, \u00e0 l\u2019achat, est de 62 200 \u20ac revient en r\u00e9alit\u00e9 \u00e0 136 805,17 \u20ac (+119;94%).<\/span><\/p><p><span style=\"font-size: large;\">\u00c0 Paris, par contre, le prix d\u2019un 62,6 m\u00b2 fix\u00e9 \u00e0 585 497 euros lors de l\u2019acquisition se transforme en 707 494,95 \u20ac lorsqu\u2019on int\u00e8gre tous les co\u00fbts annexes, soit pr\u00e8s de 21 %.<\/span><\/p><p><span style=\"font-size: large;\">\u00a0<\/span><\/p><table class=\"tr-caption-container\" style=\"margin-left: auto; margin-right: auto; text-align: center;\" cellspacing=\"0\" cellpadding=\"0\" align=\"center\"><tbody><tr><td style=\"text-align: center;\"><img src=\"https:\/\/2.bp.blogspot.com\/-D3EtkniXXy8\/XEHt3jAP3qI\/AAAAAAAAAW4\/d47HVlTaHxg_Eewi8v5PxRpHLWPdFHmDQCLcBGAs\/s1600\/NEWS2.PNG\" \/><\/td><\/tr><tr><td class=\"tr-caption\" style=\"text-align: center;\">Source ARC. Comparatif du prix initial par rapport au co\u00fbt de revient si on int\u00e8gre les honoraires du<br \/>notaire, les charges courantes et de travaux sur dix ans<\/td><\/tr><\/tbody><\/table><p><span style=\"font-size: large;\"><span style=\"font-family: 'arial' , 'helvetica' , sans-serif;\"><span style=\"font-size: large;\"><span style=\"font-family: 'arial' , 'helvetica' , sans-serif;\"><span style=\"font-size: large;\">Je vous invite \u00e0 d\u00e9couvrir tous les d\u00e9tails concernant le co\u00fbt r\u00e9el d'un logement en copropri\u00e9t\u00e9 dans l'article Boursorama que vous trouverez <a href=\"https:\/\/www.boursorama.com\/patrimoine\/actualites\/coproprietes-le-prix-reel-d-un-logement-charges-comprises-dans-les-grandes-villes-francaises-73668296a3fefdaec477eedd4804debe\" target=\"_blank\" rel=\"noopener noreferrer\"><span style=\"color: blue;\"><u>ici<\/u><\/span><\/a>.<\/span><\/span><\/span><\/span><\/span><\/p><p><span style=\"font-size: large;\"><span style=\"font-family: 'arial' , 'helvetica' , sans-serif;\"><span style=\"font-size: large;\"><span style=\"font-family: 'arial' , 'helvetica' , sans-serif;\"><span style=\"font-size: large;\">\u00a0<\/span><\/span><span style=\"font-family: 'arial' , 'helvetica' , sans-serif;\"><span style=\"font-size: large;\"><br \/><\/span><span style=\"font-size: large;\">Bonne lecture,<\/span><\/span><\/span><\/span><\/span><\/p><p><span style=\"font-family: 'arial' , 'helvetica' , sans-serif;\"><span style=\"font-size: large;\"><strong><span style=\"color: #006fad;\">Monsieur Hugo<\/span><\/strong>,<\/span><\/span><\/p><p><span style=\"color: black; display: inline; float: none; font-family: 'arial' , 'helvetica' , sans-serif; font-size: large; font-style: normal; font-weight: 400; letter-spacing: normal; text-indent: 0px; text-transform: none; white-space: normal; word-spacing: 0px;\"><span style=\"font-size: large;\">Votre assistant personnel en gestion locative<\/span>\u00a0<\/span><\/p><p><span style=\"font-size: large;\"><span style=\"font-family: 'arial' , 'helvetica' , sans-serif;\"><span style=\"font-size: large;\"><span style=\"color: black; display: inline; float: none; font-family: 'arial' , 'helvetica' , sans-serif; font-size: large; font-style: normal; font-weight: 400; letter-spacing: normal; text-indent: 0px; text-transform: none; white-space: normal; word-spacing: 0px;\">Inscrivez-vous d\u00e8s maintenant \u00e0 ma\u00a0<\/span><a href=\"https:\/\/www.monsieurhugo.com\/blog\/p\/blog-page.html\" target=\"_blank\" rel=\"noopener noreferrer\"><span style=\"color: blue;\"><u><strong>NEWSLETTER<\/strong><\/u><\/span><\/a><span style=\"color: black; display: inline; float: none; font-family: 'arial' , 'helvetica' , sans-serif; font-size: large; font-style: normal; font-weight: 400; letter-spacing: normal; text-indent: 0px; text-transform: none; white-space: normal; word-spacing: 0px;\">, pour tout savoir sur la <strong>gestion locative en ligne<\/strong>, b\u00e9n\u00e9ficier de conseils et\u00a0<\/span><span style=\"color: black; font-family: 'arial' , 'helvetica' , sans-serif; font-size: large; font-style: normal; font-weight: 400; letter-spacing: normal; text-indent: 0px; text-transform: none; white-space: normal; word-spacing: 0px;\">\u00eatre averti<span style=\"font-family: 'arial' , 'helvetica' , sans-serif;\">s des \u00e9volutions importantes pour louer en toute s\u00e9curit\u00e9.<\/span><\/span><\/span><\/span><\/span><\/p><p><span style=\"font-size: large;\"><span style=\"font-family: 'arial' , 'helvetica' , sans-serif;\"><span style=\"font-size: large;\"><span style=\"color: black; font-family: 'arial' , 'helvetica' , sans-serif; font-size: large; font-style: normal; font-weight: 400; letter-spacing: normal; text-indent: 0px; text-transform: none; white-space: normal; word-spacing: 0px;\"><span style=\"font-family: 'arial' , 'helvetica' , sans-serif;\"><span style=\"font-family: 'arial' , 'helvetica' , sans-serif;\"><span style=\"font-size: large;\"><span style=\"font-family: 'arial' , 'helvetica' , sans-serif;\"><strong>Retrouvez-moi sur\u00a0<\/strong><a href=\"https:\/\/www.facebook.com\/assistantmonsieurhugo\" target=\"_blank\" rel=\"noopener noreferrer\"><span style=\"color: blue;\"><u>Facebook<\/u><\/span><\/a><\/span><\/span><\/span>\u00a0<\/span><\/span><\/span><\/span><\/span><span style=\"font-size: large;\"><span style=\"font-family: 'arial' , 'helvetica' , sans-serif; font-size: large;\">\u00a0<\/span><\/span><\/p><p><span style=\"font-size: large;\"><span style=\"font-family: 'arial' , 'helvetica' , sans-serif;\"><span style=\"font-size: large;\"><span style=\"font-family: 'arial' , 'helvetica' , sans-serif; font-size: large;\">Je vous sugg\u00e8re aussi :<br \/>>\u00a0<a href=\"https:\/\/www.monsieurhugo.com\/blog\/2018\/01\/quittance-de-loyer-modele-a-telecharger.html\" target=\"_blank\" rel=\"noopener noreferrer\"><span style=\"color: blue;\"><u>La quittance de loyer - Mod\u00e8le de quittance de loyer en ligne \u00e0 t\u00e9l\u00e9charger<\/u><\/span><\/a><\/span><\/span><\/span><\/span><\/p><p><span style=\"font-size: large;\">\u00a0<\/span><\/p><p><span style=\"font-family: 'arial' , 'helvetica' , sans-serif; font-size: large;\">> <a href=\"https:\/\/www.monsieurhugo.com\/blog\/2018\/01\/bail-de-location-loi-alur-modele-gratuit-telecharger.html\" target=\"_blank\" rel=\"noopener noreferrer\"><span style=\"color: blue;\"><u>Tout savoir sur le contrat de location - T\u00e9l\u00e9chargez votre bail, gratuit<\/u><\/span><\/a><\/span><\/p><p><span style=\"font-family: 'arial' , 'helvetica' , sans-serif;\"><span style=\"font-size: large;\">> <a href=\"https:\/\/www.monsieurhugo.com\/blog\/2018\/01\/guide-de-la-gestion-locative-monsieur-hugo.html\" target=\"_blank\" rel=\"noopener noreferrer\"><span style=\"color: blue;\"><u>Ce que vous devez savoir pour g\u00e9rer seul votre bien<\/u><\/span><\/a><\/span><\/span><\/p>","_et_gb_content_width":"","footnotes":""},"categories":[56],"tags":[],"class_list":["post-352062","post","type-post","status-publish","format-standard","has-post-thumbnail","hentry","category-copropriete"],"acf":[],"yoast_head":"<!-- This site is optimized with the Yoast SEO plugin v27.5 - https:\/\/yoast.com\/product\/yoast-seo-wordpress\/ -->\n<title>Copropri\u00e9t\u00e9s : le prix r\u00e9el d&#039;un logement, charges comprises, dans les grandes villes fran\u00e7aises - Monsieur Hugo<\/title>\n<meta name=\"robots\" content=\"index, follow, max-snippet:-1, max-image-preview:large, max-video-preview:-1\" \/>\n<link rel=\"canonical\" href=\"https:\/\/www.monsieurhugo.com\/blog\/2019\/01\/22\/coproprietes-le-prix-reel-dun-logement\/\" \/>\n<meta property=\"og:locale\" content=\"fr_FR\" \/>\n<meta property=\"og:type\" content=\"article\" \/>\n<meta property=\"og:title\" content=\"Copropri\u00e9t\u00e9s : le prix r\u00e9el d&#039;un logement, charges comprises, dans les grandes villes fran\u00e7aises - Monsieur Hugo\" \/>\n<meta property=\"og:description\" content=\"Les charges de copropri\u00e9t\u00e9s peuvent faire bondir le prix r\u00e9el de votre bien de 30% ! Selon l&#039;ARC (l&#039;Association des Responsables de Copropri\u00e9t\u00e9s) en 10 ans, les charges de fonctionnement des copropri\u00e9t\u00e9s ont progress\u00e9 en France de pr\u00e8s de 40 % alors que l&#039;inflation n&#039;a augment\u00e9 que de 10% sur la m\u00eame p\u00e9riode. La raison [&hellip;]\" \/>\n<meta property=\"og:url\" content=\"https:\/\/www.monsieurhugo.com\/blog\/2019\/01\/22\/coproprietes-le-prix-reel-dun-logement\/\" \/>\n<meta property=\"og:site_name\" content=\"Monsieur Hugo\" \/>\n<meta property=\"article:publisher\" content=\"https:\/\/www.facebook.com\/assistantmonsieurhugo\/\" \/>\n<meta property=\"article:published_time\" content=\"2019-01-22T08:30:00+00:00\" \/>\n<meta property=\"article:modified_time\" content=\"2026-01-20T14:43:03+00:00\" \/>\n<meta property=\"og:image\" content=\"https:\/\/www.monsieurhugo.com\/blog\/wp-content\/uploads\/2018\/04\/charges-recup\u00e9rables.jpg\" \/>\n\t<meta property=\"og:image:width\" content=\"580\" \/>\n\t<meta property=\"og:image:height\" content=\"387\" \/>\n\t<meta property=\"og:image:type\" content=\"image\/jpeg\" \/>\n<meta name=\"author\" content=\"Bruno Cantegrel\" \/>\n<meta name=\"twitter:card\" content=\"summary_large_image\" \/>\n<meta name=\"twitter:creator\" content=\"@monsieurhugo_\" \/>\n<meta name=\"twitter:site\" content=\"@monsieurhugo_\" \/>\n<meta name=\"twitter:label1\" content=\"\u00c9crit par\" \/>\n\t<meta name=\"twitter:data1\" content=\"Bruno Cantegrel\" \/>\n\t<meta name=\"twitter:label2\" content=\"Dur\u00e9e de lecture estim\u00e9e\" \/>\n\t<meta name=\"twitter:data2\" content=\"3 minutes\" \/>\n<script type=\"application\/ld+json\" class=\"yoast-schema-graph\">{\"@context\":\"https:\\\/\\\/schema.org\",\"@graph\":[{\"@type\":\"Article\",\"@id\":\"https:\\\/\\\/www.monsieurhugo.com\\\/blog\\\/2019\\\/01\\\/22\\\/coproprietes-le-prix-reel-dun-logement\\\/#article\",\"isPartOf\":{\"@id\":\"https:\\\/\\\/www.monsieurhugo.com\\\/blog\\\/2019\\\/01\\\/22\\\/coproprietes-le-prix-reel-dun-logement\\\/\"},\"author\":{\"name\":\"Bruno Cantegrel\",\"@id\":\"https:\\\/\\\/www.monsieurhugo.com\\\/blog\\\/#\\\/schema\\\/person\\\/c46c67fabd9bedfa0ce7d1f4142116c3\"},\"headline\":\"Copropri\u00e9t\u00e9s : le prix r\u00e9el d&rsquo;un logement, charges comprises, dans les grandes villes fran\u00e7aises\",\"datePublished\":\"2019-01-22T08:30:00+00:00\",\"dateModified\":\"2026-01-20T14:43:03+00:00\",\"mainEntityOfPage\":{\"@id\":\"https:\\\/\\\/www.monsieurhugo.com\\\/blog\\\/2019\\\/01\\\/22\\\/coproprietes-le-prix-reel-dun-logement\\\/\"},\"wordCount\":699,\"publisher\":{\"@id\":\"https:\\\/\\\/www.monsieurhugo.com\\\/blog\\\/#organization\"},\"image\":{\"@id\":\"https:\\\/\\\/www.monsieurhugo.com\\\/blog\\\/2019\\\/01\\\/22\\\/coproprietes-le-prix-reel-dun-logement\\\/#primaryimage\"},\"thumbnailUrl\":\"https:\\\/\\\/www.monsieurhugo.com\\\/blog\\\/wp-content\\\/uploads\\\/2018\\\/04\\\/charges-recup\u00e9rables.jpg\",\"articleSection\":[\"Copropri\u00e9t\u00e9\"],\"inLanguage\":\"fr-FR\"},{\"@type\":\"WebPage\",\"@id\":\"https:\\\/\\\/www.monsieurhugo.com\\\/blog\\\/2019\\\/01\\\/22\\\/coproprietes-le-prix-reel-dun-logement\\\/\",\"url\":\"https:\\\/\\\/www.monsieurhugo.com\\\/blog\\\/2019\\\/01\\\/22\\\/coproprietes-le-prix-reel-dun-logement\\\/\",\"name\":\"Copropri\u00e9t\u00e9s : le prix r\u00e9el d'un logement, charges comprises, dans les grandes villes fran\u00e7aises - Monsieur Hugo\",\"isPartOf\":{\"@id\":\"https:\\\/\\\/www.monsieurhugo.com\\\/blog\\\/#website\"},\"primaryImageOfPage\":{\"@id\":\"https:\\\/\\\/www.monsieurhugo.com\\\/blog\\\/2019\\\/01\\\/22\\\/coproprietes-le-prix-reel-dun-logement\\\/#primaryimage\"},\"image\":{\"@id\":\"https:\\\/\\\/www.monsieurhugo.com\\\/blog\\\/2019\\\/01\\\/22\\\/coproprietes-le-prix-reel-dun-logement\\\/#primaryimage\"},\"thumbnailUrl\":\"https:\\\/\\\/www.monsieurhugo.com\\\/blog\\\/wp-content\\\/uploads\\\/2018\\\/04\\\/charges-recup\u00e9rables.jpg\",\"datePublished\":\"2019-01-22T08:30:00+00:00\",\"dateModified\":\"2026-01-20T14:43:03+00:00\",\"breadcrumb\":{\"@id\":\"https:\\\/\\\/www.monsieurhugo.com\\\/blog\\\/2019\\\/01\\\/22\\\/coproprietes-le-prix-reel-dun-logement\\\/#breadcrumb\"},\"inLanguage\":\"fr-FR\",\"potentialAction\":[{\"@type\":\"ReadAction\",\"target\":[\"https:\\\/\\\/www.monsieurhugo.com\\\/blog\\\/2019\\\/01\\\/22\\\/coproprietes-le-prix-reel-dun-logement\\\/\"]}]},{\"@type\":\"ImageObject\",\"inLanguage\":\"fr-FR\",\"@id\":\"https:\\\/\\\/www.monsieurhugo.com\\\/blog\\\/2019\\\/01\\\/22\\\/coproprietes-le-prix-reel-dun-logement\\\/#primaryimage\",\"url\":\"https:\\\/\\\/www.monsieurhugo.com\\\/blog\\\/wp-content\\\/uploads\\\/2018\\\/04\\\/charges-recup\u00e9rables.jpg\",\"contentUrl\":\"https:\\\/\\\/www.monsieurhugo.com\\\/blog\\\/wp-content\\\/uploads\\\/2018\\\/04\\\/charges-recup\u00e9rables.jpg\",\"width\":580,\"height\":387},{\"@type\":\"BreadcrumbList\",\"@id\":\"https:\\\/\\\/www.monsieurhugo.com\\\/blog\\\/2019\\\/01\\\/22\\\/coproprietes-le-prix-reel-dun-logement\\\/#breadcrumb\",\"itemListElement\":[{\"@type\":\"ListItem\",\"position\":1,\"name\":\"Logiciel Gestion Locative En Ligne\",\"item\":\"https:\\\/\\\/www.monsieurhugo.com\\\/blog\\\/\"},{\"@type\":\"ListItem\",\"position\":2,\"name\":\"Gestion locative\",\"item\":\"https:\\\/\\\/www.monsieurhugo.com\\\/blog\\\/category\\\/gestion-locative\\\/\"},{\"@type\":\"ListItem\",\"position\":3,\"name\":\"Copropri\u00e9t\u00e9\",\"item\":\"https:\\\/\\\/www.monsieurhugo.com\\\/blog\\\/category\\\/gestion-locative\\\/copropriete\\\/\"},{\"@type\":\"ListItem\",\"position\":4,\"name\":\"Copropri\u00e9t\u00e9s : le prix r\u00e9el d&rsquo;un logement, charges comprises, dans les grandes villes fran\u00e7aises\"}]},{\"@type\":\"WebSite\",\"@id\":\"https:\\\/\\\/www.monsieurhugo.com\\\/blog\\\/#website\",\"url\":\"https:\\\/\\\/www.monsieurhugo.com\\\/blog\\\/\",\"name\":\"Monsieur Hugo\",\"description\":\"Votre logiciel de gestion locative\",\"publisher\":{\"@id\":\"https:\\\/\\\/www.monsieurhugo.com\\\/blog\\\/#organization\"},\"potentialAction\":[{\"@type\":\"SearchAction\",\"target\":{\"@type\":\"EntryPoint\",\"urlTemplate\":\"https:\\\/\\\/www.monsieurhugo.com\\\/blog\\\/?s={search_term_string}\"},\"query-input\":{\"@type\":\"PropertyValueSpecification\",\"valueRequired\":true,\"valueName\":\"search_term_string\"}}],\"inLanguage\":\"fr-FR\"},{\"@type\":\"Organization\",\"@id\":\"https:\\\/\\\/www.monsieurhugo.com\\\/blog\\\/#organization\",\"name\":\"Monsieur Hugo\",\"url\":\"https:\\\/\\\/www.monsieurhugo.com\\\/blog\\\/\",\"logo\":{\"@type\":\"ImageObject\",\"inLanguage\":\"fr-FR\",\"@id\":\"https:\\\/\\\/www.monsieurhugo.com\\\/blog\\\/#\\\/schema\\\/logo\\\/image\\\/\",\"url\":\"https:\\\/\\\/www.monsieurhugo.com\\\/blog\\\/wp-content\\\/uploads\\\/2020\\\/06\\\/Logotype-final-v2.png\",\"contentUrl\":\"https:\\\/\\\/www.monsieurhugo.com\\\/blog\\\/wp-content\\\/uploads\\\/2020\\\/06\\\/Logotype-final-v2.png\",\"width\":898,\"height\":234,\"caption\":\"Monsieur Hugo\"},\"image\":{\"@id\":\"https:\\\/\\\/www.monsieurhugo.com\\\/blog\\\/#\\\/schema\\\/logo\\\/image\\\/\"},\"sameAs\":[\"https:\\\/\\\/www.facebook.com\\\/assistantmonsieurhugo\\\/\",\"https:\\\/\\\/x.com\\\/monsieurhugo_\",\"https:\\\/\\\/www.linkedin.com\\\/company\\\/18421005\\\/\"]},{\"@type\":\"Person\",\"@id\":\"https:\\\/\\\/www.monsieurhugo.com\\\/blog\\\/#\\\/schema\\\/person\\\/c46c67fabd9bedfa0ce7d1f4142116c3\",\"name\":\"Bruno Cantegrel\",\"image\":{\"@type\":\"ImageObject\",\"inLanguage\":\"fr-FR\",\"@id\":\"https:\\\/\\\/secure.gravatar.com\\\/avatar\\\/627f29f4ef165adeb61765fbeaf70336b3653293cbe1ba89fccd189379833b3a?s=96&d=mm&r=g\",\"url\":\"https:\\\/\\\/secure.gravatar.com\\\/avatar\\\/627f29f4ef165adeb61765fbeaf70336b3653293cbe1ba89fccd189379833b3a?s=96&d=mm&r=g\",\"contentUrl\":\"https:\\\/\\\/secure.gravatar.com\\\/avatar\\\/627f29f4ef165adeb61765fbeaf70336b3653293cbe1ba89fccd189379833b3a?s=96&d=mm&r=g\",\"caption\":\"Bruno Cantegrel\"},\"description\":\"Fondateur de Monsieur Hugo, dipl\u00f4m\u00e9 d'un MBA \u00e0 l'EDHEC et professeur \u00e0 HEC Paris. Expert en investissement locatif avec plus de 20 ans d'exp\u00e9rience, il est l'auteur de l'ouvrage 'Trouver un locataire pour son logement' aux \u00e9ditions Studyrama\",\"sameAs\":[\"https:\\\/\\\/www.monsieurhugo.com\\\/blog\\\/a-propos\\\/\",\"https:\\\/\\\/www.linkedin.com\\\/in\\\/bruno-bruno-4336096\\\/\"],\"alumniOf\":[{\"@type\":\"Organization\",\"name\":\"EDHEC Business School\"},{\"@type\":\"Organization\",\"name\":\"HEC Paris\"}],\"knowsAbout\":[\"Gestion locative\",\"Investissement immobilier\",\"Droit immobilier\",\"Proptech\"]}]}<\/script>\n<!-- \/ Yoast SEO plugin. -->","yoast_head_json":{"title":"Copropri\u00e9t\u00e9s : le prix r\u00e9el d'un logement, charges comprises, dans les grandes villes fran\u00e7aises - Monsieur Hugo","robots":{"index":"index","follow":"follow","max-snippet":"max-snippet:-1","max-image-preview":"max-image-preview:large","max-video-preview":"max-video-preview:-1"},"canonical":"https:\/\/www.monsieurhugo.com\/blog\/2019\/01\/22\/coproprietes-le-prix-reel-dun-logement\/","og_locale":"fr_FR","og_type":"article","og_title":"Copropri\u00e9t\u00e9s : le prix r\u00e9el d'un logement, charges comprises, dans les grandes villes fran\u00e7aises - Monsieur Hugo","og_description":"Les charges de copropri\u00e9t\u00e9s peuvent faire bondir le prix r\u00e9el de votre bien de 30% ! Selon l'ARC (l'Association des Responsables de Copropri\u00e9t\u00e9s) en 10 ans, les charges de fonctionnement des copropri\u00e9t\u00e9s ont progress\u00e9 en France de pr\u00e8s de 40 % alors que l'inflation n'a augment\u00e9 que de 10% sur la m\u00eame p\u00e9riode. La raison [&hellip;]","og_url":"https:\/\/www.monsieurhugo.com\/blog\/2019\/01\/22\/coproprietes-le-prix-reel-dun-logement\/","og_site_name":"Monsieur Hugo","article_publisher":"https:\/\/www.facebook.com\/assistantmonsieurhugo\/","article_published_time":"2019-01-22T08:30:00+00:00","article_modified_time":"2026-01-20T14:43:03+00:00","og_image":[{"width":580,"height":387,"url":"https:\/\/www.monsieurhugo.com\/blog\/wp-content\/uploads\/2018\/04\/charges-recup\u00e9rables.jpg","type":"image\/jpeg"}],"author":"Bruno Cantegrel","twitter_card":"summary_large_image","twitter_creator":"@monsieurhugo_","twitter_site":"@monsieurhugo_","twitter_misc":{"\u00c9crit par":"Bruno Cantegrel","Dur\u00e9e de lecture estim\u00e9e":"3 minutes"},"schema":{"@context":"https:\/\/schema.org","@graph":[{"@type":"Article","@id":"https:\/\/www.monsieurhugo.com\/blog\/2019\/01\/22\/coproprietes-le-prix-reel-dun-logement\/#article","isPartOf":{"@id":"https:\/\/www.monsieurhugo.com\/blog\/2019\/01\/22\/coproprietes-le-prix-reel-dun-logement\/"},"author":{"name":"Bruno Cantegrel","@id":"https:\/\/www.monsieurhugo.com\/blog\/#\/schema\/person\/c46c67fabd9bedfa0ce7d1f4142116c3"},"headline":"Copropri\u00e9t\u00e9s : le prix r\u00e9el d&rsquo;un logement, charges comprises, dans les grandes villes fran\u00e7aises","datePublished":"2019-01-22T08:30:00+00:00","dateModified":"2026-01-20T14:43:03+00:00","mainEntityOfPage":{"@id":"https:\/\/www.monsieurhugo.com\/blog\/2019\/01\/22\/coproprietes-le-prix-reel-dun-logement\/"},"wordCount":699,"publisher":{"@id":"https:\/\/www.monsieurhugo.com\/blog\/#organization"},"image":{"@id":"https:\/\/www.monsieurhugo.com\/blog\/2019\/01\/22\/coproprietes-le-prix-reel-dun-logement\/#primaryimage"},"thumbnailUrl":"https:\/\/www.monsieurhugo.com\/blog\/wp-content\/uploads\/2018\/04\/charges-recup\u00e9rables.jpg","articleSection":["Copropri\u00e9t\u00e9"],"inLanguage":"fr-FR"},{"@type":"WebPage","@id":"https:\/\/www.monsieurhugo.com\/blog\/2019\/01\/22\/coproprietes-le-prix-reel-dun-logement\/","url":"https:\/\/www.monsieurhugo.com\/blog\/2019\/01\/22\/coproprietes-le-prix-reel-dun-logement\/","name":"Copropri\u00e9t\u00e9s : le prix r\u00e9el d'un logement, charges comprises, dans les grandes villes fran\u00e7aises - Monsieur Hugo","isPartOf":{"@id":"https:\/\/www.monsieurhugo.com\/blog\/#website"},"primaryImageOfPage":{"@id":"https:\/\/www.monsieurhugo.com\/blog\/2019\/01\/22\/coproprietes-le-prix-reel-dun-logement\/#primaryimage"},"image":{"@id":"https:\/\/www.monsieurhugo.com\/blog\/2019\/01\/22\/coproprietes-le-prix-reel-dun-logement\/#primaryimage"},"thumbnailUrl":"https:\/\/www.monsieurhugo.com\/blog\/wp-content\/uploads\/2018\/04\/charges-recup\u00e9rables.jpg","datePublished":"2019-01-22T08:30:00+00:00","dateModified":"2026-01-20T14:43:03+00:00","breadcrumb":{"@id":"https:\/\/www.monsieurhugo.com\/blog\/2019\/01\/22\/coproprietes-le-prix-reel-dun-logement\/#breadcrumb"},"inLanguage":"fr-FR","potentialAction":[{"@type":"ReadAction","target":["https:\/\/www.monsieurhugo.com\/blog\/2019\/01\/22\/coproprietes-le-prix-reel-dun-logement\/"]}]},{"@type":"ImageObject","inLanguage":"fr-FR","@id":"https:\/\/www.monsieurhugo.com\/blog\/2019\/01\/22\/coproprietes-le-prix-reel-dun-logement\/#primaryimage","url":"https:\/\/www.monsieurhugo.com\/blog\/wp-content\/uploads\/2018\/04\/charges-recup\u00e9rables.jpg","contentUrl":"https:\/\/www.monsieurhugo.com\/blog\/wp-content\/uploads\/2018\/04\/charges-recup\u00e9rables.jpg","width":580,"height":387},{"@type":"BreadcrumbList","@id":"https:\/\/www.monsieurhugo.com\/blog\/2019\/01\/22\/coproprietes-le-prix-reel-dun-logement\/#breadcrumb","itemListElement":[{"@type":"ListItem","position":1,"name":"Logiciel Gestion Locative En Ligne","item":"https:\/\/www.monsieurhugo.com\/blog\/"},{"@type":"ListItem","position":2,"name":"Gestion locative","item":"https:\/\/www.monsieurhugo.com\/blog\/category\/gestion-locative\/"},{"@type":"ListItem","position":3,"name":"Copropri\u00e9t\u00e9","item":"https:\/\/www.monsieurhugo.com\/blog\/category\/gestion-locative\/copropriete\/"},{"@type":"ListItem","position":4,"name":"Copropri\u00e9t\u00e9s : le prix r\u00e9el d&rsquo;un logement, charges comprises, dans les grandes villes fran\u00e7aises"}]},{"@type":"WebSite","@id":"https:\/\/www.monsieurhugo.com\/blog\/#website","url":"https:\/\/www.monsieurhugo.com\/blog\/","name":"Monsieur Hugo","description":"Votre logiciel de gestion locative","publisher":{"@id":"https:\/\/www.monsieurhugo.com\/blog\/#organization"},"potentialAction":[{"@type":"SearchAction","target":{"@type":"EntryPoint","urlTemplate":"https:\/\/www.monsieurhugo.com\/blog\/?s={search_term_string}"},"query-input":{"@type":"PropertyValueSpecification","valueRequired":true,"valueName":"search_term_string"}}],"inLanguage":"fr-FR"},{"@type":"Organization","@id":"https:\/\/www.monsieurhugo.com\/blog\/#organization","name":"Monsieur Hugo","url":"https:\/\/www.monsieurhugo.com\/blog\/","logo":{"@type":"ImageObject","inLanguage":"fr-FR","@id":"https:\/\/www.monsieurhugo.com\/blog\/#\/schema\/logo\/image\/","url":"https:\/\/www.monsieurhugo.com\/blog\/wp-content\/uploads\/2020\/06\/Logotype-final-v2.png","contentUrl":"https:\/\/www.monsieurhugo.com\/blog\/wp-content\/uploads\/2020\/06\/Logotype-final-v2.png","width":898,"height":234,"caption":"Monsieur Hugo"},"image":{"@id":"https:\/\/www.monsieurhugo.com\/blog\/#\/schema\/logo\/image\/"},"sameAs":["https:\/\/www.facebook.com\/assistantmonsieurhugo\/","https:\/\/x.com\/monsieurhugo_","https:\/\/www.linkedin.com\/company\/18421005\/"]},{"@type":"Person","@id":"https:\/\/www.monsieurhugo.com\/blog\/#\/schema\/person\/c46c67fabd9bedfa0ce7d1f4142116c3","name":"Bruno Cantegrel","image":{"@type":"ImageObject","inLanguage":"fr-FR","@id":"https:\/\/secure.gravatar.com\/avatar\/627f29f4ef165adeb61765fbeaf70336b3653293cbe1ba89fccd189379833b3a?s=96&d=mm&r=g","url":"https:\/\/secure.gravatar.com\/avatar\/627f29f4ef165adeb61765fbeaf70336b3653293cbe1ba89fccd189379833b3a?s=96&d=mm&r=g","contentUrl":"https:\/\/secure.gravatar.com\/avatar\/627f29f4ef165adeb61765fbeaf70336b3653293cbe1ba89fccd189379833b3a?s=96&d=mm&r=g","caption":"Bruno Cantegrel"},"description":"Fondateur de Monsieur Hugo, dipl\u00f4m\u00e9 d'un MBA \u00e0 l'EDHEC et professeur \u00e0 HEC Paris. Expert en investissement locatif avec plus de 20 ans d'exp\u00e9rience, il est l'auteur de l'ouvrage 'Trouver un locataire pour son logement' aux \u00e9ditions Studyrama","sameAs":["https:\/\/www.monsieurhugo.com\/blog\/a-propos\/","https:\/\/www.linkedin.com\/in\/bruno-bruno-4336096\/"],"alumniOf":[{"@type":"Organization","name":"EDHEC Business School"},{"@type":"Organization","name":"HEC Paris"}],"knowsAbout":["Gestion locative","Investissement immobilier","Droit immobilier","Proptech"]}]}},"_links":{"self":[{"href":"https:\/\/www.monsieurhugo.com\/blog\/wp-json\/wp\/v2\/posts\/352062","targetHints":{"allow":["GET"]}}],"collection":[{"href":"https:\/\/www.monsieurhugo.com\/blog\/wp-json\/wp\/v2\/posts"}],"about":[{"href":"https:\/\/www.monsieurhugo.com\/blog\/wp-json\/wp\/v2\/types\/post"}],"author":[{"embeddable":true,"href":"https:\/\/www.monsieurhugo.com\/blog\/wp-json\/wp\/v2\/users\/1"}],"replies":[{"embeddable":true,"href":"https:\/\/www.monsieurhugo.com\/blog\/wp-json\/wp\/v2\/comments?post=352062"}],"version-history":[{"count":2,"href":"https:\/\/www.monsieurhugo.com\/blog\/wp-json\/wp\/v2\/posts\/352062\/revisions"}],"predecessor-version":[{"id":357858,"href":"https:\/\/www.monsieurhugo.com\/blog\/wp-json\/wp\/v2\/posts\/352062\/revisions\/357858"}],"wp:featuredmedia":[{"embeddable":true,"href":"https:\/\/www.monsieurhugo.com\/blog\/wp-json\/wp\/v2\/media\/353168"}],"wp:attachment":[{"href":"https:\/\/www.monsieurhugo.com\/blog\/wp-json\/wp\/v2\/media?parent=352062"}],"wp:term":[{"taxonomy":"category","embeddable":true,"href":"https:\/\/www.monsieurhugo.com\/blog\/wp-json\/wp\/v2\/categories?post=352062"},{"taxonomy":"post_tag","embeddable":true,"href":"https:\/\/www.monsieurhugo.com\/blog\/wp-json\/wp\/v2\/tags?post=352062"}],"curies":[{"name":"wp","href":"https:\/\/api.w.org\/{rel}","templated":true}]}}