{"id":352036,"date":"2019-02-20T09:30:00","date_gmt":"2019-02-20T08:30:00","guid":{"rendered":""},"modified":"2026-01-20T15:43:01","modified_gmt":"2026-01-20T14:43:01","slug":"comment-louer-legalement-sur-airbnb","status":"publish","type":"post","link":"https:\/\/www.monsieurhugo.com\/blog\/2019\/02\/20\/comment-louer-legalement-sur-airbnb\/","title":{"rendered":"Comment louer l\u00e9galement sur Airbnb ?"},"content":{"rendered":"<p>[et_pb_section fb_built=\u00a0\u00bb1&Prime; _builder_version=\u00a0\u00bb3.22&Prime;][et_pb_row _builder_version=\u00a0\u00bb3.25&Prime; background_size=\u00a0\u00bbinitial\u00a0\u00bb background_position=\u00a0\u00bbtop_left\u00a0\u00bb background_repeat=\u00a0\u00bbrepeat\u00a0\u00bb][et_pb_column type=\u00a0\u00bb4_4&Prime; _builder_version=\u00a0\u00bb3.25&Prime; custom_padding=\u00a0\u00bb|||\u00a0\u00bb custom_padding__hover=\u00a0\u00bb|||\u00a0\u00bb][et_pb_text _builder_version=\u00a0\u00bb4.4.9&Prime; text_font_size=\u00a0\u00bb19px\u00a0\u00bb background_size=\u00a0\u00bbinitial\u00a0\u00bb background_position=\u00a0\u00bbtop_left\u00a0\u00bb background_repeat=\u00a0\u00bbrepeat\u00a0\u00bb]<\/p>\n<h2><span style=\"font-size: large;\"><span style=\"color: #006fad;\"><span style=\"font-size: x-large;\">Vous faites de la location courte dur\u00e9e ? Le point sur la r\u00e9glementation.<\/span><\/span><\/span><\/h2>\n<p><span style=\"font-size: large;\">8 millions de Fran\u00e7ais utilisent r\u00e9guli\u00e8rement la plateforme Airbnb pour louer une chambre chez un particulier pendant leurs vacances, mais aussi pour mettre en location leur logement.\u00a0<\/span><\/p>\n<p><span style=\"font-size: large;\">Mais si louer son appartement ou sa maison se fait en quelques clics, il est plus difficile de s&rsquo;y retrouver dans la r\u00e9glementation. C&rsquo;est justement l&rsquo;occasion de faire le point sur la r\u00e9glementation.<\/span><\/p>\n<h3><span style=\"font-family: 'arial' , 'helvetica' , sans-serif;\"><span style=\"font-size: large;\">S&rsquo;il s&rsquo;agit de votre r\u00e9sidence principale<\/span><\/span><\/h3>\n<ul>\n<li><span style=\"font-size: large;\">le logement lou\u00e9 doit \u00eatre \u00e0 l&rsquo;<strong>usage exclusif du locataire<\/strong>.\u00a0<\/span><\/li>\n<\/ul>\n<p><span style=\"font-size: large;\">S&rsquo;il s&rsquo;agit seulement d&rsquo;une partie de votre domicile (chambre chez l&rsquo;habitant), d&rsquo;autres r\u00e8gles s&rsquo;appliquent ;\u00a0<\/span><\/p>\n<ul>\n<li><span style=\"font-size: large;\">le locataire doit y r\u00e9sider pour une <strong>courte dur\u00e9e<\/strong>.\u00a0<\/span><\/li>\n<\/ul>\n<p><span style=\"font-size: large;\">La location doit se faire \u00e0 la journ\u00e9e, \u00e0 la semaine ou au mois ;\u00a0<\/span><\/p>\n<ul>\n<li><span style=\"font-size: large;\">le locataire ne doit pas en faire son domicile (client\u00e8le de passage) ;\u00a0<\/span><\/li>\n<\/ul>\n<ul>\n<li><span style=\"font-size: large;\">la location ne doit pas exc\u00e9der <strong>90 jours par client<\/strong>.\u00a0<\/span><\/li>\n<\/ul>\n<p><span style=\"font-size: large;\">Dans certaines communes, comme Paris, Bordeaux ou Lyon, la dur\u00e9e totale de location du logement \u00e0 ne pas d\u00e9passer <strong>par an<\/strong> est de <strong>120 jours<\/strong>.<\/span><\/p>\n<p><span style=\"font-size: large;\">Renseignez-vous aupr\u00e8s de votre mairie.<\/span><\/p>\n<p><span style=\"font-size: large;\">Attention\u00a0<\/span><\/p>\n<ul>\n<li><span style=\"font-size: large;\">si vous \u00eates locataire, vous devrez obtenir l&rsquo;<strong>autorisation \u00e9crite de votre propri\u00e9taire<\/strong> et ne pas appliquer \u00e0 votre sous-locataire un loyer sup\u00e9rieur au v\u00f4tre ;\u00a0<\/span><\/li>\n<\/ul>\n<ul>\n<li><span style=\"font-size: large;\">si le logement fait partie d&rsquo;une copropri\u00e9t\u00e9, vous devez v\u00e9rifier que le r\u00e8glement de copropri\u00e9t\u00e9 ne comprend pas de <strong>clause interdisant toute activit\u00e9 professionnelle<\/strong>, notamment le meubl\u00e9 touristique.\u00a0<\/span><\/li>\n<\/ul>\n<ul>\n<li><span style=\"font-size: large;\">si vous \u00eates locataire d&rsquo;un logement social, il est <strong>interdit de sous-louer int\u00e9gralement votre logement<\/strong>. <\/span><span style=\"font-size: large;\">En revanche, vous pouvez sous-louer une chambre, mais c&rsquo;est une pratique tr\u00e8s encadr\u00e9e.\u00a0<\/span><\/li>\n<\/ul>\n<h3><span style=\"font-size: large;\">Quelles sont les d\u00e9marches \u00e0 effectuer ?<\/span><\/h3>\n<p><span style=\"font-size: large;\"><u>Aupr\u00e8s de la mairie<\/u> :\u00a0<\/span><\/p>\n<p><span style=\"font-size: large;\">Il n&rsquo;est pas toujours n\u00e9cessaire de faire des d\u00e9marches en mairie avant de mettre en location sa r\u00e9sidence principale, mais certaines communes peuvent vous y obliger.<\/span><\/p>\n<p><span style=\"font-size: large;\">Il faudra donc vous renseigner au pr\u00e9alable pour conna\u00eetre les proc\u00e9dures applicables \u00e0 votre commune.\u00a0<\/span><\/p>\n<p><span style=\"font-size: large;\">Si tel est le cas, il vous sera attribu\u00e9 un <strong>num\u00e9ro de d\u00e9claration<\/strong> qui devra \u00eatre indiqu\u00e9 dans chaque annonce d&rsquo;offre de location (notamment \u00e0 Paris, Annecy, Aix-en-Provence, Biarritz, Bordeaux, Cannes, Lyon, Nice, Strasbourg, Toulouse, Tours).<\/span><\/p>\n<p><span style=\"font-size: large;\">A lire : <a href=\"https:\/\/www.monsieurhugo.com\/blog\/2019\/01\/ces-18-villes-ou-airbnb-bloquera-les.html\" target=\"_blank\" rel=\"noopener noreferrer\"><span style=\"color: blue;\"><u>Ces 18 villes o\u00f9 Airbnb bloquera les locations de plus de 120 jours par an<\/u><\/span><\/a><\/span><\/p>\n<p><span style=\"font-size: large;\">La dur\u00e9e totale de location de ce logement ne devra alors pas d\u00e9passer <strong>120 jours par ann\u00e9e civile<\/strong> (sauf obligation professionnelle, raison de sant\u00e9 ou cas de force majeure).\u00a0<\/span><\/p>\n<p><span style=\"font-size: large;\">La mairie peut \u00e9galement vous demander le d\u00e9compte des jours de location de votre logement jusqu&rsquo;au 31 d\u00e9cembre de l&rsquo;ann\u00e9e suivante.\u00a0<\/span><\/p>\n<p><span style=\"font-size: large;\">Si vous faites appel \u00e0 une plateforme internet, celle-ci doit vous informer de vos obligations et vous devez lui fournir <strong>une attestation sur l&rsquo;honneur <\/strong>indiquant que les d\u00e9marches ont bien \u00e9t\u00e9 r\u00e9alis\u00e9es.\u00a0<\/span><\/p>\n<p><span style=\"font-size: large;\">La plateforme aura l&rsquo;obligation de <strong>d\u00e9connecter votre annonce<\/strong> d\u00e8s que le logement aura \u00e9t\u00e9 lou\u00e9 par son interm\u00e9diaire 120 jours (entre le 1er janvier et le 31 d\u00e9cembre de la m\u00eame ann\u00e9e) et de fournir \u00e0 la mairie le d\u00e9compte des jours de location de votre logement si elle lui en fait la demande.<\/span><\/p>\n<p><span style=\"font-size: large;\"><u>Aupr\u00e8s des imp\u00f4ts<\/u> :\u00a0<\/span><\/p>\n<p><span style=\"font-size: large;\">Vous devez demander votre <strong>inscription au r\u00e9pertoire Sir\u00e8ne<\/strong> de l&rsquo;Institut national de la statistique et des \u00e9tudes \u00e9conomiques (Insee).\u00a0<\/span><\/p>\n<p><span style=\"font-size: large;\">Il faut pour cela vous adresser au greffe du tribunal de commerce du lieu du logement lou\u00e9 \u00e0 l&rsquo;aide d&rsquo;un formulaire intitul\u00e9 d\u00e9claration de d\u00e9but d&rsquo;activit\u00e9. Cette formalit\u00e9 est gratuite.\u00a0<\/span><\/p>\n<p><span style=\"font-size: large;\">Un <strong>num\u00e9ro SIRET<\/strong> vous sera attribu\u00e9 et vous devrez le reporter sur votre d\u00e9claration compl\u00e9mentaire de revenus (les revenus tir\u00e9s de la location par un loueur non professionnel sont soumis au bar\u00e8me progressif de l&rsquo;imp\u00f4t sur le revenu. Au-del\u00e0 d&rsquo;un certain montant, vous devrez \u00e9galement payer des cotisations sociales).\u00a0<\/span><\/p>\n<p><span style=\"font-size: large;\">Si vous faites appel \u00e0 une plateforme internet, celle-ci doit vous fournir, en janvier de chaque ann\u00e9e, un document indiquant le montant brut des transactions que vous avez op\u00e9r\u00e9es par son interm\u00e9diaire depuis un an.\u00a0<\/span><\/p>\n<p><span style=\"font-size: large;\">Dans certaines communes, vous devrez <strong>collecter la taxe de s\u00e9jour aupr\u00e8s du vacancier et la reverser \u00e0 la commune<\/strong>.\u00a0<\/span><\/p>\n<p><span style=\"font-size: large;\">Depuis le 1er janvier 2019, si vous faites appel \u00e0 une plateforme internet comme interm\u00e9diaire de paiement, la collecte de la taxe de s\u00e9jour lui revient.<\/span><\/p>\n<p><span style=\"font-size: large;\">Lire aussi : <a href=\"https:\/\/www.monsieurhugo.com\/blog\/2019\/01\/airbnb-va-reverser-24-millions-deuros.html\" target=\"_blank\" rel=\"noopener noreferrer\"><span style=\"color: blue;\"><u>Airbnb va reverser 24 millions d\u2019euros de taxe de s\u00e9jour \u00e0 23 000 villes<\/u><\/span><\/a><\/span><\/p>\n<h3><span style=\"font-size: large;\"><span style=\"color: #006fad;\">S&rsquo;il s&rsquo;agit de votre r\u00e9sidence secondaire ?<\/span>\u00a0<\/span><\/h3>\n<p><span style=\"font-size: large;\">Une r\u00e9sidence secondaire est un logement que vous occupez <strong>moins de 4 mois par an<\/strong>. Cela inclut les pied-\u00e0-terres ou les maisons de vacances.\u00a0<\/span><\/p>\n<p><span style=\"font-size: large;\">Vous pouvez la louer toute l&rsquo;ann\u00e9e \u00e0 condition d&rsquo;avoir <strong>d\u00e9clar\u00e9 votre activit\u00e9 de location \u00ab meubl\u00e9 de tourisme \u00bb aupr\u00e8s de la mairie<\/strong>, et ce, quelle que soit la dur\u00e9e annuelle de location (le d\u00e9faut de d\u00e9claration peut vous co\u00fbter une amende de 450 \u20ac).\u00a0<\/span><\/p>\n<p><span style=\"font-size: large;\">La r\u00e9glementation est diff\u00e9rente si votre r\u00e9sidence secondaire est situ\u00e9e dans une zone o\u00f9 le march\u00e9 locatif est tendu \u2013 notamment les villes de plus de 200 000 habitants. Dans ce cas, avant de mettre en location votre r\u00e9sidence secondaire, vous devrez obtenir de la mairie une <strong>autorisation temporaire de changement d\u2019usage<\/strong>.\u00a0<\/span><\/p>\n<p><span style=\"font-size: large;\">L&rsquo;autorisation pr\u00e9alable au changement d&rsquo;usage est d\u00e9livr\u00e9e par le maire de la commune dans laquelle est situ\u00e9 l&rsquo;immeuble. Celle-ci est accord\u00e9e \u00e0 titre personnel et est li\u00e9e \u00e0 l&rsquo;occupant.\u00a0<\/span><\/p>\n<p><span style=\"font-size: large;\">La r\u00e9glementation du changement d&rsquo;usage, destin\u00e9e \u00e0 prot\u00e9ger le logement, ne concerne que les<strong> locaux d&rsquo;habitation transform\u00e9s pour un autre usage<\/strong>, notamment s&rsquo;il s&rsquo;agit d&rsquo;une location qui devient une activit\u00e9 \u00e9conomique (bureaux, commerce, location touristique de meubl\u00e9, etc.).\u00a0<\/span><\/p>\n<p><span style=\"font-size: large;\">\u00c0 <strong>Paris<\/strong>, o\u00f9 il est tr\u00e8s difficile de louer sa r\u00e9sidence secondaire, cette autorisation n\u2019est accord\u00e9e que si vous respectez les <strong>r\u00e8gles de compensation<\/strong>. En effet, la ville de Paris exige que vous achetiez une surface \u00e9quivalente \u00e0 l&rsquo;espace commercial que vous transformez en un espace r\u00e9sidentiel. Les compensations peuvent varier d&rsquo;un arrondissement \u00e0 l&rsquo;autre.<\/span><\/p>\n<p><span style=\"font-size: large;\">Il conviendra ensuite de <strong>s\u2019enregistrer<\/strong> aupr\u00e8s des communes qui imposent cette formalit\u00e9 et faire figurer sur chacune de vos annonces le <strong>num\u00e9ro d\u2019enregistrement<\/strong> qui vous aura \u00e9t\u00e9 d\u00e9livr\u00e9.<\/span><\/p>\n<p><span style=\"font-size: large;\">Un article de LaVieImmo d\u00e9taille les quatre \u00e9tapes pr\u00e9c\u00e9dant la mise en location saisonni\u00e8re de biens (hors r\u00e9sidence principale) sur une plateforme de type Airbnb :<\/span><span style=\"font-size: large;\"><br \/> <\/span><br \/> <span style=\"font-size: large;\">ETAPE 1 : D\u00e9terminer l&rsquo;<strong>usage du local<\/strong> avant sa mise en location saisonni\u00e8re sur une plateforme de type Airbnb<\/span><\/p>\n<p><span style=\"font-size: large;\">ETAPE 2 : V\u00e9rifier l&rsquo;<strong>affectation du local et la destination de l&rsquo;immeuble<\/strong> avant de le louer\u00a0<\/span><\/p>\n<p><span style=\"font-size: large;\">ETAPE 3 : Proc\u00e9der au <strong>changement de destination<\/strong> du local en h\u00e9bergement h\u00f4telier avant de le louer\u00a0<\/span><\/p>\n<p><span style=\"font-size: large;\">ETAPE 4 : S&rsquo;<strong>enregistrer en ligne<\/strong><\/span><\/p>\n<p><span style=\"font-size: large;\"><span style=\"font-family: 'arial' , 'helvetica' , sans-serif;\"><span style=\"font-size: large;\">Vous trouverez tous les d\u00e9tails <a href=\"https:\/\/www.lavieimmo.com\/avis-experts\/comment-louer-legalement-votre-residence-secondaire-sur-airbnb-les-4-etapes-a-respecter-44780.html?fbclid=IwAR0gnldm57cM2nRqZTkBE78onilcwzmeZ03ve_j7pb0w5pSlae84OoboNv0\" target=\"_blank\" rel=\"noopener noreferrer\"><span style=\"color: blue;\"><u>ici<\/u><\/span><\/a>.<\/span><\/span><\/span><\/p>\n<p><span style=\"font-size: large;\">Je vous sugg\u00e8re aussi :<\/span><\/p>\n<ul>\n<li><a href=\"https:\/\/www.monsieurhugo.com\/blog\/2018\/12\/reussir-son-achat-locatif-grace-la-sci.html\" target=\"_blank\" rel=\"noopener noreferrer\"><span style=\"font-size: large;\">R\u00e9ussir son achat locatif gr\u00e2ce \u00e0 la SCI<\/span><\/a><\/li>\n<li><a href=\"https:\/\/www.monsieurhugo.com\/blog\/2018\/11\/assurance-emprunteur-fin-dambiguite-sur.html\" target=\"_blank\" rel=\"noopener noreferrer\"><u><span style=\"font-family: 'arial' , 'helvetica' , sans-serif;\"><span style=\"font-size: large;\">Assurance emprunteur : fin d&rsquo;ambigu\u00eft\u00e9 sur la date anniversaire pour r\u00e9silier<\/span><\/span><\/u><\/a><u> <\/u><\/li>\n<li><a href=\"https:\/\/www.monsieurhugo.com\/blog\/2019\/01\/un-locataire-t-il-le-droit-de-changer.html\" target=\"_blank\" rel=\"noopener noreferrer\"><u><span style=\"font-family: 'arial' , 'helvetica' , sans-serif;\"><span style=\"font-size: large;\">Un locataire a-t-il le droit de changer d\u2019avis apr\u00e8s avoir envoy\u00e9 son cong\u00e9 pour quitter le bien ?<\/span><\/span><\/u><\/a><span style=\"font-size: large;\"><span style=\"font-family: 'arial' , 'helvetica' , sans-serif;\"><span style=\"font-size: large;\"><span style=\"font-family: 'arial' , 'helvetica' , sans-serif; font-size: large;\"><span style=\"color: blue;\"><u><br \/> <\/u><\/span><\/span><\/span><\/span><\/span><\/li>\n<\/ul>\n<p>[\/et_pb_text][\/et_pb_column][\/et_pb_row][\/et_pb_section]<\/p>\n","protected":false},"excerpt":{"rendered":"<p>Vous faites de la location courte dur\u00e9e ? Le point sur la r\u00e9glementation. 8 millions de Fran\u00e7ais utilisent r\u00e9guli\u00e8rement la plateforme Airbnb pour louer une chambre chez un particulier pendant leurs vacances, mais aussi pour mettre en location leur logement.\u00a0 Mais si louer son appartement ou sa maison se fait en quelques clics, il est [&hellip;]<\/p>\n","protected":false},"author":1,"featured_media":353469,"comment_status":"closed","ping_status":"closed","sticky":false,"template":"","format":"standard","meta":{"_acf_changed":false,"_et_pb_use_builder":"on","_et_pb_old_content":"<h2><span style=\"font-size: large;\"><span style=\"color: #006fad;\"><span style=\"font-size: x-large;\">Vous faites de la location courte dur\u00e9e ? Le point sur la r\u00e9glementation.<\/span><\/span><\/span><\/h2><p><span style=\"font-size: large;\">8 millions de Fran\u00e7ais utilisent r\u00e9guli\u00e8rement la plateforme Airbnb pour louer une chambre chez un particulier pendant leurs vacances, mais aussi pour mettre en location leur logement.\u00a0<\/span><\/p><p><span style=\"font-size: large;\">Mais si louer son appartement ou sa maison se fait en quelques clics, il est plus difficile de s'y retrouver dans la r\u00e9glementation. C'est justement l'occasion de faire le point sur la r\u00e9glementation.<\/span><\/p><h3><span style=\"font-family: 'arial' , 'helvetica' , sans-serif;\"><span style=\"font-size: large;\">S'il s'agit de votre r\u00e9sidence principale<\/span><\/span><\/h3><ul><li><span style=\"font-size: large;\">le logement lou\u00e9 doit \u00eatre \u00e0 l'<strong>usage exclusif du locataire<\/strong>.\u00a0<\/span><\/li><\/ul><p><span style=\"font-size: large;\">S'il s'agit seulement d'une partie de votre domicile (chambre chez l'habitant), d'autres r\u00e8gles s'appliquent ;\u00a0<\/span><\/p><ul><li><span style=\"font-size: large;\">le locataire doit y r\u00e9sider pour une <strong>courte dur\u00e9e<\/strong>.\u00a0<\/span><\/li><\/ul><p><span style=\"font-size: large;\">La location doit se faire \u00e0 la journ\u00e9e, \u00e0 la semaine ou au mois ;\u00a0<\/span><\/p><ul><li><span style=\"font-size: large;\">le locataire ne doit pas en faire son domicile (client\u00e8le de passage) ;\u00a0<\/span><\/li><\/ul><ul><li><span style=\"font-size: large;\">la location ne doit pas exc\u00e9der <strong>90 jours par client<\/strong>.\u00a0<\/span><\/li><\/ul><p><span style=\"font-size: large;\">Dans certaines communes, comme Paris, Bordeaux ou Lyon, la dur\u00e9e totale de location du logement \u00e0 ne pas d\u00e9passer <strong>par an<\/strong> est de <strong>120 jours<\/strong>.<\/span><\/p><p><span style=\"font-size: large;\">Renseignez-vous aupr\u00e8s de votre mairie.<\/span><\/p><p><span style=\"font-size: large;\">Attention\u00a0<\/span><\/p><ul><li><span style=\"font-size: large;\">si vous \u00eates locataire, vous devrez obtenir l'<strong>autorisation \u00e9crite de votre propri\u00e9taire<\/strong> et ne pas appliquer \u00e0 votre sous-locataire un loyer sup\u00e9rieur au v\u00f4tre ;\u00a0<\/span><\/li><\/ul><ul><li><span style=\"font-size: large;\">si le logement fait partie d'une copropri\u00e9t\u00e9, vous devez v\u00e9rifier que le r\u00e8glement de copropri\u00e9t\u00e9 ne comprend pas de <strong>clause interdisant toute activit\u00e9 professionnelle<\/strong>, notamment le meubl\u00e9 touristique.\u00a0<\/span><\/li><\/ul><ul><li><span style=\"font-size: large;\">si vous \u00eates locataire d'un logement social, il est <strong>interdit de sous-louer int\u00e9gralement votre logement<\/strong>. <\/span><span style=\"font-size: large;\">En revanche, vous pouvez sous-louer une chambre, mais c'est une pratique tr\u00e8s encadr\u00e9e.\u00a0<\/span><\/li><\/ul><h3><span style=\"font-size: large;\">Quelles sont les d\u00e9marches \u00e0 effectuer ?<\/span><\/h3><p><span style=\"font-size: large;\"><u>Aupr\u00e8s de la mairie<\/u> :\u00a0<\/span><\/p><p><span style=\"font-size: large;\">Il n'est pas toujours n\u00e9cessaire de faire des d\u00e9marches en mairie avant de mettre en location sa r\u00e9sidence principale, mais certaines communes peuvent vous y obliger.<\/span><\/p><p><span style=\"font-size: large;\">Il faudra donc vous renseigner au pr\u00e9alable pour conna\u00eetre les proc\u00e9dures applicables \u00e0 votre commune.\u00a0<\/span><\/p><p><span style=\"font-size: large;\">Si tel est le cas, il vous sera attribu\u00e9 un <strong>num\u00e9ro de d\u00e9claration<\/strong> qui devra \u00eatre indiqu\u00e9 dans chaque annonce d'offre de location (notamment \u00e0 Paris, Annecy, Aix-en-Provence, Biarritz, Bordeaux, Cannes, Lyon, Nice, Strasbourg, Toulouse, Tours).<\/span><\/p><p><span style=\"font-size: large;\">A lire : <a href=\"https:\/\/www.monsieurhugo.com\/blog\/2019\/01\/ces-18-villes-ou-airbnb-bloquera-les.html\" target=\"_blank\" rel=\"noopener noreferrer\"><span style=\"color: blue;\"><u>Ces 18 villes o\u00f9 Airbnb bloquera les locations de plus de 120 jours par an<\/u><\/span><\/a><\/span><\/p><p><span style=\"font-size: large;\">La dur\u00e9e totale de location de ce logement ne devra alors pas d\u00e9passer <strong>120 jours par ann\u00e9e civile<\/strong> (sauf obligation professionnelle, raison de sant\u00e9 ou cas de force majeure).\u00a0<\/span><\/p><p><span style=\"font-size: large;\">La mairie peut \u00e9galement vous demander le d\u00e9compte des jours de location de votre logement jusqu'au 31 d\u00e9cembre de l'ann\u00e9e suivante.\u00a0<\/span><\/p><p><span style=\"font-size: large;\">Si vous faites appel \u00e0 une plateforme internet, celle-ci doit vous informer de vos obligations et vous devez lui fournir <strong>une attestation sur l'honneur <\/strong>indiquant que les d\u00e9marches ont bien \u00e9t\u00e9 r\u00e9alis\u00e9es.\u00a0<\/span><\/p><p><span style=\"font-size: large;\">La plateforme aura l'obligation de <strong>d\u00e9connecter votre annonce<\/strong> d\u00e8s que le logement aura \u00e9t\u00e9 lou\u00e9 par son interm\u00e9diaire 120 jours (entre le 1er janvier et le 31 d\u00e9cembre de la m\u00eame ann\u00e9e) et de fournir \u00e0 la mairie le d\u00e9compte des jours de location de votre logement si elle lui en fait la demande.<\/span><\/p><p><span style=\"font-size: large;\"><u>Aupr\u00e8s des imp\u00f4ts<\/u> :\u00a0<\/span><\/p><p><span style=\"font-size: large;\">Vous devez demander votre <strong>inscription au r\u00e9pertoire Sir\u00e8ne<\/strong> de l'Institut national de la statistique et des \u00e9tudes \u00e9conomiques (Insee).\u00a0<\/span><\/p><p><span style=\"font-size: large;\">Il faut pour cela vous adresser au greffe du tribunal de commerce du lieu du logement lou\u00e9 \u00e0 l'aide d'un formulaire intitul\u00e9 d\u00e9claration de d\u00e9but d'activit\u00e9. Cette formalit\u00e9 est gratuite.\u00a0<\/span><\/p><p><span style=\"font-size: large;\">Un <strong>num\u00e9ro SIRET<\/strong> vous sera attribu\u00e9 et vous devrez le reporter sur votre d\u00e9claration compl\u00e9mentaire de revenus (les revenus tir\u00e9s de la location par un loueur non professionnel sont soumis au bar\u00e8me progressif de l'imp\u00f4t sur le revenu. Au-del\u00e0 d'un certain montant, vous devrez \u00e9galement payer des cotisations sociales).\u00a0<\/span><\/p><p><span style=\"font-size: large;\">Si vous faites appel \u00e0 une plateforme internet, celle-ci doit vous fournir, en janvier de chaque ann\u00e9e, un document indiquant le montant brut des transactions que vous avez op\u00e9r\u00e9es par son interm\u00e9diaire depuis un an.\u00a0<\/span><\/p><p><span style=\"font-size: large;\">Dans certaines communes, vous devrez <strong>collecter la taxe de s\u00e9jour aupr\u00e8s du vacancier et la reverser \u00e0 la commune<\/strong>.\u00a0<\/span><\/p><p><span style=\"font-size: large;\">Depuis le 1er janvier 2019, si vous faites appel \u00e0 une plateforme internet comme interm\u00e9diaire de paiement, la collecte de la taxe de s\u00e9jour lui revient.<\/span><\/p><p><span style=\"font-size: large;\">Lire aussi : <a href=\"https:\/\/www.monsieurhugo.com\/blog\/2019\/01\/airbnb-va-reverser-24-millions-deuros.html\" target=\"_blank\" rel=\"noopener noreferrer\"><span style=\"color: blue;\"><u>Airbnb va reverser 24 millions d\u2019euros de taxe de s\u00e9jour \u00e0 23 000 villes<\/u><\/span><\/a><\/span><\/p><h3><span style=\"font-size: large;\"><span style=\"color: #006fad;\">S'il s'agit de votre r\u00e9sidence secondaire ?<\/span>\u00a0<\/span><\/h3><p><span style=\"font-size: large;\">Une r\u00e9sidence secondaire est un logement que vous occupez <strong>moins de 4 mois par an<\/strong>. Cela inclut les pied-\u00e0-terres ou les maisons de vacances.\u00a0<\/span><\/p><p><span style=\"font-size: large;\">Vous pouvez la louer toute l'ann\u00e9e \u00e0 condition d'avoir <strong>d\u00e9clar\u00e9 votre activit\u00e9 de location \u00ab meubl\u00e9 de tourisme \u00bb aupr\u00e8s de la mairie<\/strong>, et ce, quelle que soit la dur\u00e9e annuelle de location (le d\u00e9faut de d\u00e9claration peut vous co\u00fbter une amende de 450 \u20ac).\u00a0<\/span><\/p><p><span style=\"font-size: large;\">La r\u00e9glementation est diff\u00e9rente si votre r\u00e9sidence secondaire est situ\u00e9e dans une zone o\u00f9 le march\u00e9 locatif est tendu \u2013 notamment les villes de plus de 200 000 habitants. Dans ce cas, avant de mettre en location votre r\u00e9sidence secondaire, vous devrez obtenir de la mairie une <strong>autorisation temporaire de changement d\u2019usage<\/strong>.\u00a0<\/span><\/p><p><span style=\"font-size: large;\">L'autorisation pr\u00e9alable au changement d'usage est d\u00e9livr\u00e9e par le maire de la commune dans laquelle est situ\u00e9 l'immeuble. Celle-ci est accord\u00e9e \u00e0 titre personnel et est li\u00e9e \u00e0 l'occupant.\u00a0<\/span><\/p><p><span style=\"font-size: large;\">La r\u00e9glementation du changement d'usage, destin\u00e9e \u00e0 prot\u00e9ger le logement, ne concerne que les<strong> locaux d'habitation transform\u00e9s pour un autre usage<\/strong>, notamment s'il s'agit d'une location qui devient une activit\u00e9 \u00e9conomique (bureaux, commerce, location touristique de meubl\u00e9, etc.).\u00a0<\/span><\/p><p><span style=\"font-size: large;\">\u00c0 <strong>Paris<\/strong>, o\u00f9 il est tr\u00e8s difficile de louer sa r\u00e9sidence secondaire, cette autorisation n\u2019est accord\u00e9e que si vous respectez les <strong>r\u00e8gles de compensation<\/strong>. En effet, la ville de Paris exige que vous achetiez une surface \u00e9quivalente \u00e0 l'espace commercial que vous transformez en un espace r\u00e9sidentiel. Les compensations peuvent varier d'un arrondissement \u00e0 l'autre.<\/span><\/p><p><span style=\"font-size: large;\">Il conviendra ensuite de <strong>s\u2019enregistrer<\/strong> aupr\u00e8s des communes qui imposent cette formalit\u00e9 et faire figurer sur chacune de vos annonces le <strong>num\u00e9ro d\u2019enregistrement<\/strong> qui vous aura \u00e9t\u00e9 d\u00e9livr\u00e9.<\/span><\/p><p><span style=\"font-size: large;\">Un article de LaVieImmo d\u00e9taille les quatre \u00e9tapes pr\u00e9c\u00e9dant la mise en location saisonni\u00e8re de biens (hors r\u00e9sidence principale) sur une plateforme de type Airbnb :<\/span><\/p><p><span style=\"font-size: large;\"><br \/><\/span><br \/><span style=\"font-size: large;\">ETAPE 1 : D\u00e9terminer l'<strong>usage du local<\/strong> avant sa mise en location saisonni\u00e8re sur une plateforme de type Airbnb<\/span><\/p><p><span style=\"font-size: large;\">ETAPE 2 : V\u00e9rifier l'<strong>affectation du local et la destination de l'immeuble<\/strong> avant de le louer\u00a0<\/span><\/p><p><span style=\"font-size: large;\">ETAPE 3 : Proc\u00e9der au <strong>changement de destination<\/strong> du local en h\u00e9bergement h\u00f4telier avant de le louer\u00a0<\/span><\/p><p><span style=\"font-size: large;\">ETAPE 4 : S'<strong>enregistrer en ligne<\/strong><\/span><\/p><p><span style=\"font-size: large;\"><span style=\"font-family: 'arial' , 'helvetica' , sans-serif;\"><span style=\"font-size: large;\">Vous trouverez tous les d\u00e9tails <a href=\"https:\/\/www.lavieimmo.com\/avis-experts\/comment-louer-legalement-votre-residence-secondaire-sur-airbnb-les-4-etapes-a-respecter-44780.html?fbclid=IwAR0gnldm57cM2nRqZTkBE78onilcwzmeZ03ve_j7pb0w5pSlae84OoboNv0\" target=\"_blank\" rel=\"noopener noreferrer\"><span style=\"color: blue;\"><u>ici<\/u><\/span><\/a>.<\/span><\/span><\/span><\/p><p><span style=\"font-size: large;\">Bonne lecture et bon investissement,<\/span><\/p><p><span style=\"font-size: large;\"><span style=\"font-family: 'arial' , 'helvetica' , sans-serif; font-size: large;\"><strong><span style=\"color: #006fad;\">Monsieur Hugo<\/span><\/strong>,\u00a0<\/span><\/span><\/p><p><span style=\"font-size: large;\"><span style=\"font-family: 'arial' , 'helvetica' , sans-serif; font-size: large;\">Votre assistant personnel en gestion locative.<\/span><\/span><\/p><p><span style=\"font-size: large;\"><br \/><span style=\"font-family: 'arial' , 'helvetica' , sans-serif;\"><span style=\"font-size: large;\"><strong>Restons en conta<\/strong><span style=\"font-family: 'arial' , 'helvetica' , sans-serif;\"><strong>ct !<\/strong><\/span><\/span><\/span><\/span><\/p><p><span style=\"font-size: large;\"><strong><span style=\"font-family: 'arial' , 'helvetica' , sans-serif;\">Inscrive<span style=\"font-family: 'arial' , 'helvetica' , sans-serif;\">z-vous \u00e0 <span style=\"font-family: 'arial' , 'helvetica' , sans-serif;\">ma <span style=\"font-family: 'arial' , 'helvetica' , sans-serif;\"><a href=\"https:\/\/www.monsieurhugo.com\/blog\/p\/blog-page.html\" target=\"_blank\" rel=\"noopener noreferrer\"><span style=\"color: blue;\">NEWSLETTER<\/span><\/a> <\/span><\/span><\/span><\/span><\/strong><span style=\"font-family: 'arial' , 'helvetica' , sans-serif;\"><span style=\"font-family: 'arial' , 'helvetica' , sans-serif;\"><span style=\"font-family: 'arial' , 'helvetica' , sans-serif;\">pour <span style=\"font-family: 'arial' , 'helvetica' , sans-serif;\">recevoir<\/span> les dernie<span style=\"font-family: 'arial' , 'helvetica' , sans-serif;\">rs docu<span style=\"font-family: 'arial' , 'helvetica' , sans-serif;\">ments contractu<span style=\"font-family: 'arial' , 'helvetica' , sans-serif;\">els \u00e0 jour utiles pour la <strong>gestion locative en ligne<\/strong> (bail, \u00e9tat des lieux, mod\u00e8les de lettres, <strong>acte de ca<span style=\"font-family: 'arial' , 'helvetica' , sans-serif;\">ution<\/span> solidaire<\/strong>...), je les mets \u00e0 jour r\u00e9guli\u00e8rement en fonction des \u00e9volution<span style=\"font-family: 'arial' , 'helvetica' , sans-serif;\">s r\u00e9glementaires.<\/span> <\/span><\/span><\/span><\/span><\/span><\/span><\/span><\/p><p><span style=\"font-size: large;\"><span style=\"font-family: 'arial' , 'helvetica' , sans-serif;\"><span style=\"font-size: large;\"><span style=\"font-family: 'arial' , 'helvetica' , sans-serif;\"><strong>Retrouvez-moi sur<\/strong> <a href=\"https:\/\/www.facebook.com\/assistantmonsieurhugo\" target=\"_blank\" rel=\"noopener noreferrer\"><span style=\"color: blue;\"><u>Facebook<\/u><\/span><\/a><\/span><u> <\/u><\/span><\/span>\u00a0<\/span><\/p><p><span style=\"font-size: large;\">Je vous sugg\u00e8re aussi :<\/span><\/p><p><span style=\"font-size: large;\">>\u00a0<\/span><a href=\"https:\/\/www.monsieurhugo.com\/blog\/2018\/12\/reussir-son-achat-locatif-grace-la-sci.html\" target=\"_blank\" rel=\"noopener noreferrer\"><span style=\"font-size: large;\">R\u00e9ussir son achat locatif gr\u00e2ce \u00e0 la SCI<\/span><\/a><\/p><p><span style=\"font-size: large;\">>\u00a0<\/span><a href=\"https:\/\/www.monsieurhugo.com\/blog\/2018\/11\/assurance-emprunteur-fin-dambiguite-sur.html\" target=\"_blank\" rel=\"noopener noreferrer\"><u><span style=\"font-family: 'arial' , 'helvetica' , sans-serif;\"><span style=\"font-size: large;\">Assurance emprunteur : fin d'ambigu\u00eft\u00e9 sur la date anniversaire pour r\u00e9silier<\/span><\/span><\/u><\/a><u> <\/u><\/p><p><span style=\"font-size: large;\"><span style=\"color: black;\"><span style=\"font-family: 'arial' , 'helvetica' , sans-serif;\"><span style=\"font-size: large;\"><span style=\"font-family: 'arial' , 'helvetica' , sans-serif; font-size: large;\">> <\/span><\/span><\/span><\/span><\/span><a href=\"https:\/\/www.monsieurhugo.com\/blog\/2019\/01\/un-locataire-t-il-le-droit-de-changer.html\" target=\"_blank\" rel=\"noopener noreferrer\"><u><span style=\"font-family: 'arial' , 'helvetica' , sans-serif;\"><span style=\"font-size: large;\">Un locataire a-t-il le droit de changer d\u2019avis apr\u00e8s avoir envoy\u00e9 son cong\u00e9 pour quitter le bien ?<\/span><\/span><\/u><\/a><span style=\"font-size: large;\"><span style=\"font-family: 'arial' , 'helvetica' , sans-serif;\"><span style=\"font-size: large;\"><span style=\"font-family: 'arial' , 'helvetica' , sans-serif; font-size: large;\"><span style=\"color: blue;\"><u><br \/><\/u><\/span><\/span><\/span><\/span><\/span><\/p>","_et_gb_content_width":"","footnotes":""},"categories":[49],"tags":[],"class_list":["post-352036","post","type-post","status-publish","format-standard","has-post-thumbnail","hentry","category-location-saisonniere"],"acf":[],"yoast_head":"<!-- This site is optimized with the Yoast SEO plugin v27.5 - https:\/\/yoast.com\/product\/yoast-seo-wordpress\/ -->\n<title>Comment louer l\u00e9galement sur Airbnb ? - Monsieur Hugo<\/title>\n<meta name=\"robots\" content=\"index, follow, max-snippet:-1, max-image-preview:large, max-video-preview:-1\" \/>\n<link rel=\"canonical\" href=\"https:\/\/www.monsieurhugo.com\/blog\/2019\/02\/20\/comment-louer-legalement-sur-airbnb\/\" \/>\n<meta property=\"og:locale\" content=\"fr_FR\" \/>\n<meta property=\"og:type\" content=\"article\" \/>\n<meta property=\"og:title\" content=\"Comment louer l\u00e9galement sur Airbnb ? - Monsieur Hugo\" \/>\n<meta property=\"og:description\" content=\"Vous faites de la location courte dur\u00e9e ? Le point sur la r\u00e9glementation. 8 millions de Fran\u00e7ais utilisent r\u00e9guli\u00e8rement la plateforme Airbnb pour louer une chambre chez un particulier pendant leurs vacances, mais aussi pour mettre en location leur logement.\u00a0 Mais si louer son appartement ou sa maison se fait en quelques clics, il est [&hellip;]\" \/>\n<meta property=\"og:url\" content=\"https:\/\/www.monsieurhugo.com\/blog\/2019\/02\/20\/comment-louer-legalement-sur-airbnb\/\" \/>\n<meta property=\"og:site_name\" content=\"Monsieur Hugo\" \/>\n<meta property=\"article:publisher\" content=\"https:\/\/www.facebook.com\/assistantmonsieurhugo\/\" \/>\n<meta property=\"article:published_time\" content=\"2019-02-20T08:30:00+00:00\" \/>\n<meta property=\"article:modified_time\" content=\"2026-01-20T14:43:01+00:00\" \/>\n<meta property=\"og:image\" content=\"https:\/\/www.monsieurhugo.com\/blog\/wp-content\/uploads\/2019\/02\/location-airbnb.jpg\" \/>\n\t<meta property=\"og:image:width\" content=\"1024\" \/>\n\t<meta property=\"og:image:height\" content=\"576\" \/>\n\t<meta property=\"og:image:type\" content=\"image\/jpeg\" \/>\n<meta name=\"author\" content=\"Bruno Cantegrel\" \/>\n<meta name=\"twitter:card\" content=\"summary_large_image\" \/>\n<meta name=\"twitter:creator\" content=\"@monsieurhugo_\" \/>\n<meta name=\"twitter:site\" content=\"@monsieurhugo_\" \/>\n<meta name=\"twitter:label1\" content=\"\u00c9crit par\" \/>\n\t<meta name=\"twitter:data1\" content=\"Bruno Cantegrel\" \/>\n\t<meta name=\"twitter:label2\" content=\"Dur\u00e9e de lecture estim\u00e9e\" \/>\n\t<meta name=\"twitter:data2\" content=\"6 minutes\" \/>\n<script type=\"application\/ld+json\" class=\"yoast-schema-graph\">{\"@context\":\"https:\\\/\\\/schema.org\",\"@graph\":[{\"@type\":\"Article\",\"@id\":\"https:\\\/\\\/www.monsieurhugo.com\\\/blog\\\/2019\\\/02\\\/20\\\/comment-louer-legalement-sur-airbnb\\\/#article\",\"isPartOf\":{\"@id\":\"https:\\\/\\\/www.monsieurhugo.com\\\/blog\\\/2019\\\/02\\\/20\\\/comment-louer-legalement-sur-airbnb\\\/\"},\"author\":{\"name\":\"Bruno Cantegrel\",\"@id\":\"https:\\\/\\\/www.monsieurhugo.com\\\/blog\\\/#\\\/schema\\\/person\\\/c46c67fabd9bedfa0ce7d1f4142116c3\"},\"headline\":\"Comment louer l\u00e9galement sur Airbnb ?\",\"datePublished\":\"2019-02-20T08:30:00+00:00\",\"dateModified\":\"2026-01-20T14:43:01+00:00\",\"mainEntityOfPage\":{\"@id\":\"https:\\\/\\\/www.monsieurhugo.com\\\/blog\\\/2019\\\/02\\\/20\\\/comment-louer-legalement-sur-airbnb\\\/\"},\"wordCount\":1297,\"publisher\":{\"@id\":\"https:\\\/\\\/www.monsieurhugo.com\\\/blog\\\/#organization\"},\"image\":{\"@id\":\"https:\\\/\\\/www.monsieurhugo.com\\\/blog\\\/2019\\\/02\\\/20\\\/comment-louer-legalement-sur-airbnb\\\/#primaryimage\"},\"thumbnailUrl\":\"https:\\\/\\\/www.monsieurhugo.com\\\/blog\\\/wp-content\\\/uploads\\\/2019\\\/02\\\/location-airbnb.jpg\",\"articleSection\":[\"location saisonni\u00e8re\"],\"inLanguage\":\"fr-FR\"},{\"@type\":\"WebPage\",\"@id\":\"https:\\\/\\\/www.monsieurhugo.com\\\/blog\\\/2019\\\/02\\\/20\\\/comment-louer-legalement-sur-airbnb\\\/\",\"url\":\"https:\\\/\\\/www.monsieurhugo.com\\\/blog\\\/2019\\\/02\\\/20\\\/comment-louer-legalement-sur-airbnb\\\/\",\"name\":\"Comment louer l\u00e9galement sur Airbnb ? - Monsieur Hugo\",\"isPartOf\":{\"@id\":\"https:\\\/\\\/www.monsieurhugo.com\\\/blog\\\/#website\"},\"primaryImageOfPage\":{\"@id\":\"https:\\\/\\\/www.monsieurhugo.com\\\/blog\\\/2019\\\/02\\\/20\\\/comment-louer-legalement-sur-airbnb\\\/#primaryimage\"},\"image\":{\"@id\":\"https:\\\/\\\/www.monsieurhugo.com\\\/blog\\\/2019\\\/02\\\/20\\\/comment-louer-legalement-sur-airbnb\\\/#primaryimage\"},\"thumbnailUrl\":\"https:\\\/\\\/www.monsieurhugo.com\\\/blog\\\/wp-content\\\/uploads\\\/2019\\\/02\\\/location-airbnb.jpg\",\"datePublished\":\"2019-02-20T08:30:00+00:00\",\"dateModified\":\"2026-01-20T14:43:01+00:00\",\"breadcrumb\":{\"@id\":\"https:\\\/\\\/www.monsieurhugo.com\\\/blog\\\/2019\\\/02\\\/20\\\/comment-louer-legalement-sur-airbnb\\\/#breadcrumb\"},\"inLanguage\":\"fr-FR\",\"potentialAction\":[{\"@type\":\"ReadAction\",\"target\":[\"https:\\\/\\\/www.monsieurhugo.com\\\/blog\\\/2019\\\/02\\\/20\\\/comment-louer-legalement-sur-airbnb\\\/\"]}]},{\"@type\":\"ImageObject\",\"inLanguage\":\"fr-FR\",\"@id\":\"https:\\\/\\\/www.monsieurhugo.com\\\/blog\\\/2019\\\/02\\\/20\\\/comment-louer-legalement-sur-airbnb\\\/#primaryimage\",\"url\":\"https:\\\/\\\/www.monsieurhugo.com\\\/blog\\\/wp-content\\\/uploads\\\/2019\\\/02\\\/location-airbnb.jpg\",\"contentUrl\":\"https:\\\/\\\/www.monsieurhugo.com\\\/blog\\\/wp-content\\\/uploads\\\/2019\\\/02\\\/location-airbnb.jpg\",\"width\":1024,\"height\":576},{\"@type\":\"BreadcrumbList\",\"@id\":\"https:\\\/\\\/www.monsieurhugo.com\\\/blog\\\/2019\\\/02\\\/20\\\/comment-louer-legalement-sur-airbnb\\\/#breadcrumb\",\"itemListElement\":[{\"@type\":\"ListItem\",\"position\":1,\"name\":\"Logiciel Gestion Locative En Ligne\",\"item\":\"https:\\\/\\\/www.monsieurhugo.com\\\/blog\\\/\"},{\"@type\":\"ListItem\",\"position\":2,\"name\":\"location saisonni\u00e8re\",\"item\":\"https:\\\/\\\/www.monsieurhugo.com\\\/blog\\\/category\\\/location-saisonniere\\\/\"},{\"@type\":\"ListItem\",\"position\":3,\"name\":\"Comment louer l\u00e9galement sur Airbnb ?\"}]},{\"@type\":\"WebSite\",\"@id\":\"https:\\\/\\\/www.monsieurhugo.com\\\/blog\\\/#website\",\"url\":\"https:\\\/\\\/www.monsieurhugo.com\\\/blog\\\/\",\"name\":\"Monsieur Hugo\",\"description\":\"Votre logiciel de gestion locative\",\"publisher\":{\"@id\":\"https:\\\/\\\/www.monsieurhugo.com\\\/blog\\\/#organization\"},\"potentialAction\":[{\"@type\":\"SearchAction\",\"target\":{\"@type\":\"EntryPoint\",\"urlTemplate\":\"https:\\\/\\\/www.monsieurhugo.com\\\/blog\\\/?s={search_term_string}\"},\"query-input\":{\"@type\":\"PropertyValueSpecification\",\"valueRequired\":true,\"valueName\":\"search_term_string\"}}],\"inLanguage\":\"fr-FR\"},{\"@type\":\"Organization\",\"@id\":\"https:\\\/\\\/www.monsieurhugo.com\\\/blog\\\/#organization\",\"name\":\"Monsieur Hugo\",\"url\":\"https:\\\/\\\/www.monsieurhugo.com\\\/blog\\\/\",\"logo\":{\"@type\":\"ImageObject\",\"inLanguage\":\"fr-FR\",\"@id\":\"https:\\\/\\\/www.monsieurhugo.com\\\/blog\\\/#\\\/schema\\\/logo\\\/image\\\/\",\"url\":\"https:\\\/\\\/www.monsieurhugo.com\\\/blog\\\/wp-content\\\/uploads\\\/2020\\\/06\\\/Logotype-final-v2.png\",\"contentUrl\":\"https:\\\/\\\/www.monsieurhugo.com\\\/blog\\\/wp-content\\\/uploads\\\/2020\\\/06\\\/Logotype-final-v2.png\",\"width\":898,\"height\":234,\"caption\":\"Monsieur Hugo\"},\"image\":{\"@id\":\"https:\\\/\\\/www.monsieurhugo.com\\\/blog\\\/#\\\/schema\\\/logo\\\/image\\\/\"},\"sameAs\":[\"https:\\\/\\\/www.facebook.com\\\/assistantmonsieurhugo\\\/\",\"https:\\\/\\\/x.com\\\/monsieurhugo_\",\"https:\\\/\\\/www.linkedin.com\\\/company\\\/18421005\\\/\"]},{\"@type\":\"Person\",\"@id\":\"https:\\\/\\\/www.monsieurhugo.com\\\/blog\\\/#\\\/schema\\\/person\\\/c46c67fabd9bedfa0ce7d1f4142116c3\",\"name\":\"Bruno Cantegrel\",\"image\":{\"@type\":\"ImageObject\",\"inLanguage\":\"fr-FR\",\"@id\":\"https:\\\/\\\/secure.gravatar.com\\\/avatar\\\/627f29f4ef165adeb61765fbeaf70336b3653293cbe1ba89fccd189379833b3a?s=96&d=mm&r=g\",\"url\":\"https:\\\/\\\/secure.gravatar.com\\\/avatar\\\/627f29f4ef165adeb61765fbeaf70336b3653293cbe1ba89fccd189379833b3a?s=96&d=mm&r=g\",\"contentUrl\":\"https:\\\/\\\/secure.gravatar.com\\\/avatar\\\/627f29f4ef165adeb61765fbeaf70336b3653293cbe1ba89fccd189379833b3a?s=96&d=mm&r=g\",\"caption\":\"Bruno Cantegrel\"},\"description\":\"Fondateur de Monsieur Hugo, dipl\u00f4m\u00e9 d'un MBA \u00e0 l'EDHEC et professeur \u00e0 HEC Paris. Expert en investissement locatif avec plus de 20 ans d'exp\u00e9rience, il est l'auteur de l'ouvrage 'Trouver un locataire pour son logement' aux \u00e9ditions Studyrama\",\"sameAs\":[\"https:\\\/\\\/www.monsieurhugo.com\\\/blog\\\/a-propos\\\/\",\"https:\\\/\\\/www.linkedin.com\\\/in\\\/bruno-bruno-4336096\\\/\"],\"alumniOf\":[{\"@type\":\"Organization\",\"name\":\"EDHEC Business School\"},{\"@type\":\"Organization\",\"name\":\"HEC Paris\"}],\"knowsAbout\":[\"Gestion locative\",\"Investissement immobilier\",\"Droit immobilier\",\"Proptech\"]}]}<\/script>\n<!-- \/ Yoast SEO plugin. -->","yoast_head_json":{"title":"Comment louer l\u00e9galement sur Airbnb ? - Monsieur Hugo","robots":{"index":"index","follow":"follow","max-snippet":"max-snippet:-1","max-image-preview":"max-image-preview:large","max-video-preview":"max-video-preview:-1"},"canonical":"https:\/\/www.monsieurhugo.com\/blog\/2019\/02\/20\/comment-louer-legalement-sur-airbnb\/","og_locale":"fr_FR","og_type":"article","og_title":"Comment louer l\u00e9galement sur Airbnb ? - Monsieur Hugo","og_description":"Vous faites de la location courte dur\u00e9e ? Le point sur la r\u00e9glementation. 8 millions de Fran\u00e7ais utilisent r\u00e9guli\u00e8rement la plateforme Airbnb pour louer une chambre chez un particulier pendant leurs vacances, mais aussi pour mettre en location leur logement.\u00a0 Mais si louer son appartement ou sa maison se fait en quelques clics, il est [&hellip;]","og_url":"https:\/\/www.monsieurhugo.com\/blog\/2019\/02\/20\/comment-louer-legalement-sur-airbnb\/","og_site_name":"Monsieur Hugo","article_publisher":"https:\/\/www.facebook.com\/assistantmonsieurhugo\/","article_published_time":"2019-02-20T08:30:00+00:00","article_modified_time":"2026-01-20T14:43:01+00:00","og_image":[{"width":1024,"height":576,"url":"https:\/\/www.monsieurhugo.com\/blog\/wp-content\/uploads\/2019\/02\/location-airbnb.jpg","type":"image\/jpeg"}],"author":"Bruno Cantegrel","twitter_card":"summary_large_image","twitter_creator":"@monsieurhugo_","twitter_site":"@monsieurhugo_","twitter_misc":{"\u00c9crit par":"Bruno Cantegrel","Dur\u00e9e de lecture estim\u00e9e":"6 minutes"},"schema":{"@context":"https:\/\/schema.org","@graph":[{"@type":"Article","@id":"https:\/\/www.monsieurhugo.com\/blog\/2019\/02\/20\/comment-louer-legalement-sur-airbnb\/#article","isPartOf":{"@id":"https:\/\/www.monsieurhugo.com\/blog\/2019\/02\/20\/comment-louer-legalement-sur-airbnb\/"},"author":{"name":"Bruno Cantegrel","@id":"https:\/\/www.monsieurhugo.com\/blog\/#\/schema\/person\/c46c67fabd9bedfa0ce7d1f4142116c3"},"headline":"Comment louer l\u00e9galement sur Airbnb ?","datePublished":"2019-02-20T08:30:00+00:00","dateModified":"2026-01-20T14:43:01+00:00","mainEntityOfPage":{"@id":"https:\/\/www.monsieurhugo.com\/blog\/2019\/02\/20\/comment-louer-legalement-sur-airbnb\/"},"wordCount":1297,"publisher":{"@id":"https:\/\/www.monsieurhugo.com\/blog\/#organization"},"image":{"@id":"https:\/\/www.monsieurhugo.com\/blog\/2019\/02\/20\/comment-louer-legalement-sur-airbnb\/#primaryimage"},"thumbnailUrl":"https:\/\/www.monsieurhugo.com\/blog\/wp-content\/uploads\/2019\/02\/location-airbnb.jpg","articleSection":["location saisonni\u00e8re"],"inLanguage":"fr-FR"},{"@type":"WebPage","@id":"https:\/\/www.monsieurhugo.com\/blog\/2019\/02\/20\/comment-louer-legalement-sur-airbnb\/","url":"https:\/\/www.monsieurhugo.com\/blog\/2019\/02\/20\/comment-louer-legalement-sur-airbnb\/","name":"Comment louer l\u00e9galement sur Airbnb ? - Monsieur Hugo","isPartOf":{"@id":"https:\/\/www.monsieurhugo.com\/blog\/#website"},"primaryImageOfPage":{"@id":"https:\/\/www.monsieurhugo.com\/blog\/2019\/02\/20\/comment-louer-legalement-sur-airbnb\/#primaryimage"},"image":{"@id":"https:\/\/www.monsieurhugo.com\/blog\/2019\/02\/20\/comment-louer-legalement-sur-airbnb\/#primaryimage"},"thumbnailUrl":"https:\/\/www.monsieurhugo.com\/blog\/wp-content\/uploads\/2019\/02\/location-airbnb.jpg","datePublished":"2019-02-20T08:30:00+00:00","dateModified":"2026-01-20T14:43:01+00:00","breadcrumb":{"@id":"https:\/\/www.monsieurhugo.com\/blog\/2019\/02\/20\/comment-louer-legalement-sur-airbnb\/#breadcrumb"},"inLanguage":"fr-FR","potentialAction":[{"@type":"ReadAction","target":["https:\/\/www.monsieurhugo.com\/blog\/2019\/02\/20\/comment-louer-legalement-sur-airbnb\/"]}]},{"@type":"ImageObject","inLanguage":"fr-FR","@id":"https:\/\/www.monsieurhugo.com\/blog\/2019\/02\/20\/comment-louer-legalement-sur-airbnb\/#primaryimage","url":"https:\/\/www.monsieurhugo.com\/blog\/wp-content\/uploads\/2019\/02\/location-airbnb.jpg","contentUrl":"https:\/\/www.monsieurhugo.com\/blog\/wp-content\/uploads\/2019\/02\/location-airbnb.jpg","width":1024,"height":576},{"@type":"BreadcrumbList","@id":"https:\/\/www.monsieurhugo.com\/blog\/2019\/02\/20\/comment-louer-legalement-sur-airbnb\/#breadcrumb","itemListElement":[{"@type":"ListItem","position":1,"name":"Logiciel Gestion Locative En Ligne","item":"https:\/\/www.monsieurhugo.com\/blog\/"},{"@type":"ListItem","position":2,"name":"location saisonni\u00e8re","item":"https:\/\/www.monsieurhugo.com\/blog\/category\/location-saisonniere\/"},{"@type":"ListItem","position":3,"name":"Comment louer l\u00e9galement sur Airbnb ?"}]},{"@type":"WebSite","@id":"https:\/\/www.monsieurhugo.com\/blog\/#website","url":"https:\/\/www.monsieurhugo.com\/blog\/","name":"Monsieur Hugo","description":"Votre logiciel de gestion locative","publisher":{"@id":"https:\/\/www.monsieurhugo.com\/blog\/#organization"},"potentialAction":[{"@type":"SearchAction","target":{"@type":"EntryPoint","urlTemplate":"https:\/\/www.monsieurhugo.com\/blog\/?s={search_term_string}"},"query-input":{"@type":"PropertyValueSpecification","valueRequired":true,"valueName":"search_term_string"}}],"inLanguage":"fr-FR"},{"@type":"Organization","@id":"https:\/\/www.monsieurhugo.com\/blog\/#organization","name":"Monsieur Hugo","url":"https:\/\/www.monsieurhugo.com\/blog\/","logo":{"@type":"ImageObject","inLanguage":"fr-FR","@id":"https:\/\/www.monsieurhugo.com\/blog\/#\/schema\/logo\/image\/","url":"https:\/\/www.monsieurhugo.com\/blog\/wp-content\/uploads\/2020\/06\/Logotype-final-v2.png","contentUrl":"https:\/\/www.monsieurhugo.com\/blog\/wp-content\/uploads\/2020\/06\/Logotype-final-v2.png","width":898,"height":234,"caption":"Monsieur Hugo"},"image":{"@id":"https:\/\/www.monsieurhugo.com\/blog\/#\/schema\/logo\/image\/"},"sameAs":["https:\/\/www.facebook.com\/assistantmonsieurhugo\/","https:\/\/x.com\/monsieurhugo_","https:\/\/www.linkedin.com\/company\/18421005\/"]},{"@type":"Person","@id":"https:\/\/www.monsieurhugo.com\/blog\/#\/schema\/person\/c46c67fabd9bedfa0ce7d1f4142116c3","name":"Bruno Cantegrel","image":{"@type":"ImageObject","inLanguage":"fr-FR","@id":"https:\/\/secure.gravatar.com\/avatar\/627f29f4ef165adeb61765fbeaf70336b3653293cbe1ba89fccd189379833b3a?s=96&d=mm&r=g","url":"https:\/\/secure.gravatar.com\/avatar\/627f29f4ef165adeb61765fbeaf70336b3653293cbe1ba89fccd189379833b3a?s=96&d=mm&r=g","contentUrl":"https:\/\/secure.gravatar.com\/avatar\/627f29f4ef165adeb61765fbeaf70336b3653293cbe1ba89fccd189379833b3a?s=96&d=mm&r=g","caption":"Bruno Cantegrel"},"description":"Fondateur de Monsieur Hugo, dipl\u00f4m\u00e9 d'un MBA \u00e0 l'EDHEC et professeur \u00e0 HEC Paris. Expert en investissement locatif avec plus de 20 ans d'exp\u00e9rience, il est l'auteur de l'ouvrage 'Trouver un locataire pour son logement' aux \u00e9ditions Studyrama","sameAs":["https:\/\/www.monsieurhugo.com\/blog\/a-propos\/","https:\/\/www.linkedin.com\/in\/bruno-bruno-4336096\/"],"alumniOf":[{"@type":"Organization","name":"EDHEC Business School"},{"@type":"Organization","name":"HEC Paris"}],"knowsAbout":["Gestion locative","Investissement immobilier","Droit immobilier","Proptech"]}]}},"_links":{"self":[{"href":"https:\/\/www.monsieurhugo.com\/blog\/wp-json\/wp\/v2\/posts\/352036","targetHints":{"allow":["GET"]}}],"collection":[{"href":"https:\/\/www.monsieurhugo.com\/blog\/wp-json\/wp\/v2\/posts"}],"about":[{"href":"https:\/\/www.monsieurhugo.com\/blog\/wp-json\/wp\/v2\/types\/post"}],"author":[{"embeddable":true,"href":"https:\/\/www.monsieurhugo.com\/blog\/wp-json\/wp\/v2\/users\/1"}],"replies":[{"embeddable":true,"href":"https:\/\/www.monsieurhugo.com\/blog\/wp-json\/wp\/v2\/comments?post=352036"}],"version-history":[{"count":1,"href":"https:\/\/www.monsieurhugo.com\/blog\/wp-json\/wp\/v2\/posts\/352036\/revisions"}],"predecessor-version":[{"id":355906,"href":"https:\/\/www.monsieurhugo.com\/blog\/wp-json\/wp\/v2\/posts\/352036\/revisions\/355906"}],"wp:featuredmedia":[{"embeddable":true,"href":"https:\/\/www.monsieurhugo.com\/blog\/wp-json\/wp\/v2\/media\/353469"}],"wp:attachment":[{"href":"https:\/\/www.monsieurhugo.com\/blog\/wp-json\/wp\/v2\/media?parent=352036"}],"wp:term":[{"taxonomy":"category","embeddable":true,"href":"https:\/\/www.monsieurhugo.com\/blog\/wp-json\/wp\/v2\/categories?post=352036"},{"taxonomy":"post_tag","embeddable":true,"href":"https:\/\/www.monsieurhugo.com\/blog\/wp-json\/wp\/v2\/tags?post=352036"}],"curies":[{"name":"wp","href":"https:\/\/api.w.org\/{rel}","templated":true}]}}