{"id":351997,"date":"2019-06-14T09:30:00","date_gmt":"2019-06-14T07:30:00","guid":{"rendered":""},"modified":"2026-01-20T15:42:57","modified_gmt":"2026-01-20T14:42:57","slug":"votre-locataire-peut-il-amenager-le","status":"publish","type":"post","link":"https:\/\/www.monsieurhugo.com\/blog\/2019\/06\/14\/votre-locataire-peut-il-amenager-le\/","title":{"rendered":"Votre locataire peut-il am\u00e9nager le logement comme bon lui semble ?"},"content":{"rendered":"\n[et_pb_section fb_built=\u00a0\u00bb1&Prime; _builder_version=\u00a0\u00bb3.22&Prime;][et_pb_row _builder_version=\u00a0\u00bb3.25&Prime; background_size=\u00a0\u00bbinitial\u00a0\u00bb background_position=\u00a0\u00bbtop_left\u00a0\u00bb background_repeat=\u00a0\u00bbrepeat\u00a0\u00bb][et_pb_column type=\u00a0\u00bb4_4&Prime; _builder_version=\u00a0\u00bb3.25&Prime; custom_padding=\u00a0\u00bb|||\u00a0\u00bb custom_padding__hover=\u00a0\u00bb|||\u00a0\u00bb][et_pb_text _builder_version=\u00a0\u00bb4.4.9&Prime; background_size=\u00a0\u00bbinitial\u00a0\u00bb background_position=\u00a0\u00bbtop_left\u00a0\u00bb background_repeat=\u00a0\u00bbrepeat\u00a0\u00bb hover_enabled=\u00a0\u00bb0&Prime; text_font_size=\u00a0\u00bb19px\u00a0\u00bb]<p class=\"separator\">Votre locataire vient \u00e0 peine d&#8217;emm\u00e9nager dans le logement que vous lui louez, et l\u00e0 stupeur, il repeint tous les murs en vert, les portes en jaune et les contours des fen\u00eatres\u00a0en gris ! En a-t-il le droit ?<\/p>\n<p><span style=\"font-size: large;\">\u27a1\ufe0f\u00a0<strong>Que dit la loi \u00e0 ce sujet ?<\/strong><\/span><\/p>\n<p>Apr\u00e8s avoir emm\u00e9nag\u00e9 votre locataire est <strong>libre d&rsquo;am\u00e9nager le logement qu\u2019il occupe \u00e0 sa convenance<\/strong>. Toutefois, il doit\u00a0obtenir votre autorisation \u00e9crite pour les transformations importantes (<span id=\"goog_633445686\"><\/span><a href=\"https:\/\/www.blogger.com\/\"><span style=\"color: blue;\"><u>article 7f de la loi du 6 juillet 1989<span id=\"goog_633445687\"><\/span><\/u><\/span><\/a>). S&rsquo;il ne le fait\u00a0pas ou ignore votre refus, vous pouvez l&rsquo;obliger \u00e0 remettre les lieux dans leur \u00e9tat d&rsquo;origine ou lui r\u00e9clamer le paiement\u00a0des frais de remise en \u00e9tat au moment de son d\u00e9part.<\/p>\n<p>L&rsquo;<strong>accord pr\u00e9alable<\/strong> ne concerne que les <strong>travaux de transformation<\/strong>, c\u2019est-\u00e0-dire tous les gros travaux qui modifient la structure ou la\u00a0configuration du bien immobilier (abattre une cloison, transformer une chambre en cuisine am\u00e9nag\u00e9e, construire une\u00a0piscine enterr\u00e9e&#8230;).<\/p>\n<p>En revanche, les travaux de peinture, le changement des papiers peints, la pose de moquette sont\u00a0consid\u00e9r\u00e9s comme des am\u00e9nagements. <strong>S&rsquo;agissant de simples travaux de d\u00e9coration<\/strong> ou de la pose d&rsquo;\u00e9quipements\u00a0facilement d\u00e9montables, <strong>votre locataire peut intervenir sans vous pr\u00e9venir<\/strong> ou attendre votre autorisation (Cour d&rsquo;appel\u00a0de Nancy, 1er f\u00e9vrier 1995).<\/p>\n<p>Mais attention, si les couleurs choisies sont excentriques et si elles vous emp\u00eachaient de relouer facilement votre\u00a0logement, vous pourriez en th\u00e9orie obtenir r\u00e9paration en demandant un rafra\u00eechissement des murs ou le financement\u00a0d&rsquo;une partie de la r\u00e9fection.<br \/> La Cour d\u2019Appel de Grenoble, le 25 octobre 2011, a d\u00e9cid\u00e9 que repeindre une chambre enti\u00e8re en rouge vif, ainsi que\u00a0les carreaux de fa\u00efence de la baignoire en rose, en vert les encadrements de la salle de bains ainsi qu\u2019en rose les murs\u00a0du salon et en vert les plinthes et la porte, emp\u00eachait les bailleurs de relouer leur bien dans cet \u00e9tat\u2026<\/p>\n<p>Le locataire a \u00e9t\u00e9\u00a0condamn\u00e9 \u00e0 payer 2000\u20ac sur un devis de 2 567\u20ac (CA Grenoble, 25 octobre 2011).<\/p>\n<p>La Cour d\u2019Appel de Paris avait, pour un cas similaire le 10 janvier 2008, jug\u00e9 le contraire (CA Paris, 6\u00e8me ch.B, 10\u00a0janvier 2008).<\/p>\n<p>Le bon go\u00fbt ou l\u2019excentricit\u00e9 sont des notions largement subjectives et restent \u00e0 l\u2019appr\u00e9ciation souveraine des juges&#8230;<\/p>\n<p><span style=\"font-size: large;\"><span style=\"font-family: 'arial' , 'helvetica' , sans-serif;\"><a href=\"https:\/\/www.facebook.com\/assistantmonsieurhugo\" target=\"_blank\" rel=\"noopener noreferrer\"><span style=\"color: blue;\"><\/span><\/a><\/span><\/span>Je vous sugg\u00e8re aussi :<\/p>\n<ul>\n<li><a href=\"https:\/\/www.monsieurhugo.com\/blog\/2018\/09\/tous-les-diagnostics-immobiliers.html\" target=\"_blank\" rel=\"noopener noreferrer\"><span style=\"color: blue;\"><u>Tous les diagnostics immobiliers \u00e0 fournir au locataire lorsque vous mettez un bien en location<\/u><\/span><\/a><\/li>\n<li><a href=\"http:\/\/www.monsieurhugo.com\/blog\/2018\/02\/les-charges-locatives-et-moi.html\" target=\"_blank\" rel=\"noopener noreferrer\"><span style=\"color: blue;\"><u>Tout savoir sur les charges locatives !<\/u><\/span><\/a><\/li>\n<li><a href=\"http:\/\/www.monsieurhugo.com\/blog\/2018\/01\/guide-de-la-gestion-locative-monsieur-hugo.html\" target=\"_blank\" rel=\"noopener noreferrer\"><span style=\"color: blue;\"><u>Ce que vous devez savoir pour g\u00e9rer seul votre bien<\/u><\/span><\/a><\/li>\n<\/ul>\n[\/et_pb_text][\/et_pb_column][\/et_pb_row][\/et_pb_section]\n","protected":false},"excerpt":{"rendered":"<p>Votre locataire vient \u00e0 peine d&#8217;emm\u00e9nager dans le logement que vous lui louez, et l\u00e0 stupeur, il repeint tous les murs en vert, les portes en jaune et les contours des fen\u00eatres\u00a0en gris ! En a-t-il le droit ? \u27a1\ufe0f\u00a0Que dit la loi \u00e0 ce sujet ? Apr\u00e8s avoir emm\u00e9nag\u00e9 votre locataire est libre d&rsquo;am\u00e9nager [&hellip;]<\/p>\n","protected":false},"author":1,"featured_media":353342,"comment_status":"closed","ping_status":"closed","sticky":false,"template":"","format":"standard","meta":{"_acf_changed":false,"_et_pb_use_builder":"on","_et_pb_old_content":"<p class=\"separator\"><img src=\"https:\/\/1.bp.blogspot.com\/-J_zrHbJLbOI\/XQNap9T-tyI\/AAAAAAAAAhk\/B9ZGDWm10F4DrK9EE7hOHgvYLLm7ZiP_ACLcBGAs\/s1600\/CPVA%2B7.jpg\" alt=\"Monsieur Hugo - Gestion locative\" \/><\/p><p>Votre locataire vient \u00e0 peine d'emm\u00e9nager dans le logement que vous lui louez, et l\u00e0 stupeur, il repeint tous les murs en vert, les portes en jaune et les contours des fen\u00eatres\u00a0en gris ! En a-t-il le droit ?<\/p><p><span style=\"font-size: large;\">\u27a1\ufe0f\u00a0<strong>Que dit la loi \u00e0 ce sujet ?<\/strong><\/span><\/p><p>Apr\u00e8s avoir emm\u00e9nag\u00e9 votre locataire est <strong>libre d'am\u00e9nager le logement qu\u2019il occupe \u00e0 sa convenance<\/strong>. Toutefois, il doit\u00a0obtenir votre autorisation \u00e9crite pour les transformations importantes (<span id=\"goog_633445686\"><\/span><a href=\"https:\/\/www.blogger.com\/\"><span style=\"color: blue;\"><u>article 7f de la loi du 6 juillet 1989<span id=\"goog_633445687\"><\/span><\/u><\/span><\/a>). S'il ne le fait\u00a0pas ou ignore votre refus, vous pouvez l'obliger \u00e0 remettre les lieux dans leur \u00e9tat d'origine ou lui r\u00e9clamer le paiement\u00a0des frais de remise en \u00e9tat au moment de son d\u00e9part.<\/p><p>L'<strong>accord pr\u00e9alable<\/strong> ne concerne que les <strong>travaux de transformation<\/strong>, c\u2019est-\u00e0-dire tous les gros travaux qui modifient la structure ou la\u00a0configuration du bien immobilier (abattre une cloison, transformer une chambre en cuisine am\u00e9nag\u00e9e, construire une\u00a0piscine enterr\u00e9e...).<\/p><p>En revanche, les travaux de peinture, le changement des papiers peints, la pose de moquette sont\u00a0consid\u00e9r\u00e9s comme des am\u00e9nagements. <strong>S'agissant de simples travaux de d\u00e9coration<\/strong> ou de la pose d'\u00e9quipements\u00a0facilement d\u00e9montables, <strong>votre locataire peut intervenir sans vous pr\u00e9venir<\/strong> ou attendre votre autorisation (Cour d'appel\u00a0de Nancy, 1er f\u00e9vrier 1995).<\/p><p>Mais attention, si les couleurs choisies sont excentriques et si elles vous emp\u00eachaient de relouer facilement votre\u00a0logement, vous pourriez en th\u00e9orie obtenir r\u00e9paration en demandant un rafra\u00eechissement des murs ou le financement\u00a0d'une partie de la r\u00e9fection.<br \/>La Cour d\u2019Appel de Grenoble, le 25 octobre 2011, a d\u00e9cid\u00e9 que repeindre une chambre enti\u00e8re en rouge vif, ainsi que\u00a0les carreaux de fa\u00efence de la baignoire en rose, en vert les encadrements de la salle de bains ainsi qu\u2019en rose les murs\u00a0du salon et en vert les plinthes et la porte, emp\u00eachait les bailleurs de relouer leur bien dans cet \u00e9tat\u2026\u00a0<\/p><p>Le locataire a \u00e9t\u00e9\u00a0condamn\u00e9 \u00e0 payer 2000\u20ac sur un devis de 2 567\u20ac (CA Grenoble, 25 octobre 2011).<\/p><p>La Cour d\u2019Appel de Paris avait, pour un cas similaire le 10 janvier 2008, jug\u00e9 le contraire (CA Paris, 6\u00e8me ch.B, 10\u00a0janvier 2008).<\/p><p>Le bon go\u00fbt ou l\u2019excentricit\u00e9 sont des notions largement subjectives et restent \u00e0 l\u2019appr\u00e9ciation souveraine des juges...<\/p><p><span style=\"font-size: large;\">A tr\u00e8s vite !\u00a0<\/span><br \/><span style=\"font-size: large;\"><strong><span style=\"color: #006fad;\">Monsieur Hugo<\/span><\/strong>,\u00a0<\/span><\/p><p><span style=\"font-size: large;\">Votre assistant personnel en gestion locative.<\/span><\/p><p><strong><span style=\"font-size: large;\">Restons en contact !<\/span><\/strong><span style=\"font-size: large;\"><strong><span style=\"font-family: 'arial' , 'helvetica' , sans-serif;\">\u00a0<\/span><\/strong><\/span><\/p><p><span style=\"font-size: large;\"><strong><span style=\"font-family: 'arial' , 'helvetica' , sans-serif;\">Inscrive<span style=\"font-family: 'arial' , 'helvetica' , sans-serif;\">z-vous \u00e0\u00a0<span style=\"font-family: 'arial' , 'helvetica' , sans-serif;\">ma\u00a0<span style=\"font-family: 'arial' , 'helvetica' , sans-serif;\"><a href=\"https:\/\/www.monsieurhugo.com\/blog\/p\/blog-page.html\" target=\"_blank\" rel=\"noopener noreferrer\"><span style=\"color: blue;\">NEWSLETTER<\/span><\/a>\u00a0<\/span><\/span><\/span><\/span><\/strong><\/span>pour recevoir les derniers documents contractuels \u00e0 jour utiles pour la\u00a0<strong>gestion locative en ligne<\/strong>\u00a0(bail, \u00e9tat des lieux, mod\u00e8les de lettres, acte de caution solidaire...), je les mets \u00e0 jour r\u00e9guli\u00e8rement en fonction des \u00e9volutions r\u00e9glementaires.<\/p><p><span style=\"font-size: large;\"><span style=\"font-family: 'arial' , 'helvetica' , sans-serif;\"><strong>Retrouvez-moi sur\u00a0<\/strong><a href=\"https:\/\/www.facebook.com\/assistantmonsieurhugo\" target=\"_blank\" rel=\"noopener noreferrer\"><span style=\"color: blue;\"><u>Facebook<\/u><\/span><\/a><\/span><\/span><\/p><p>Je vous sugg\u00e8re aussi :<\/p><p>>\u00a0<a href=\"https:\/\/www.monsieurhugo.com\/blog\/2018\/09\/tous-les-diagnostics-immobiliers.html\" target=\"_blank\" rel=\"noopener noreferrer\"><span style=\"color: blue;\"><u>Tous les diagnostics immobiliers \u00e0 fournir au locataire lorsque vous mettez un bien en location<\/u><\/span><\/a><\/p><p>>\u00a0<a href=\"http:\/\/www.monsieurhugo.com\/blog\/2018\/02\/les-charges-locatives-et-moi.html\" target=\"_blank\" rel=\"noopener noreferrer\"><span style=\"color: blue;\"><u>Tout savoir sur les charges locatives !<\/u><\/span><\/a>\u00a0<\/p><p>>\u00a0<a href=\"http:\/\/www.monsieurhugo.com\/blog\/2018\/01\/guide-de-la-gestion-locative-monsieur-hugo.html\" target=\"_blank\" rel=\"noopener noreferrer\"><span style=\"color: blue;\"><u>Ce que vous devez savoir pour g\u00e9rer seul votre bien<\/u><\/span><\/a><\/p>","_et_gb_content_width":"","footnotes":""},"categories":[75],"tags":[],"class_list":["post-351997","post","type-post","status-publish","format-standard","has-post-thumbnail","hentry","category-obligations-locataire"],"acf":[],"yoast_head":"<!-- This site is optimized with the Yoast SEO plugin v27.5 - https:\/\/yoast.com\/product\/yoast-seo-wordpress\/ -->\n<title>Votre locataire peut-il am\u00e9nager le logement comme bon lui semble ? - Monsieur Hugo<\/title>\n<meta name=\"robots\" content=\"index, follow, max-snippet:-1, max-image-preview:large, max-video-preview:-1\" \/>\n<link rel=\"canonical\" href=\"https:\/\/www.monsieurhugo.com\/blog\/2019\/06\/14\/votre-locataire-peut-il-amenager-le\/\" \/>\n<meta property=\"og:locale\" content=\"fr_FR\" \/>\n<meta property=\"og:type\" content=\"article\" \/>\n<meta property=\"og:title\" content=\"Votre locataire peut-il am\u00e9nager le logement comme bon lui semble ? - Monsieur Hugo\" \/>\n<meta property=\"og:description\" content=\"Votre locataire vient \u00e0 peine d&#039;emm\u00e9nager dans le logement que vous lui louez, et l\u00e0 stupeur, il repeint tous les murs en vert, les portes en jaune et les contours des fen\u00eatres\u00a0en gris ! En a-t-il le droit ? \u27a1\ufe0f\u00a0Que dit la loi \u00e0 ce sujet ? Apr\u00e8s avoir emm\u00e9nag\u00e9 votre locataire est libre d&#039;am\u00e9nager [&hellip;]\" \/>\n<meta property=\"og:url\" content=\"https:\/\/www.monsieurhugo.com\/blog\/2019\/06\/14\/votre-locataire-peut-il-amenager-le\/\" \/>\n<meta property=\"og:site_name\" content=\"Monsieur Hugo\" \/>\n<meta property=\"article:publisher\" content=\"https:\/\/www.facebook.com\/assistantmonsieurhugo\/\" \/>\n<meta property=\"article:published_time\" content=\"2019-06-14T07:30:00+00:00\" \/>\n<meta property=\"article:modified_time\" content=\"2026-01-20T14:42:57+00:00\" \/>\n<meta property=\"og:image\" content=\"https:\/\/www.monsieurhugo.com\/blog\/wp-content\/uploads\/2019\/06\/amenagement-du-logement.jpg\" \/>\n\t<meta property=\"og:image:width\" content=\"450\" \/>\n\t<meta property=\"og:image:height\" content=\"278\" \/>\n\t<meta property=\"og:image:type\" content=\"image\/jpeg\" \/>\n<meta name=\"author\" content=\"Bruno Cantegrel\" \/>\n<meta name=\"twitter:card\" content=\"summary_large_image\" \/>\n<meta name=\"twitter:creator\" content=\"@monsieurhugo_\" \/>\n<meta name=\"twitter:site\" content=\"@monsieurhugo_\" \/>\n<meta name=\"twitter:label1\" content=\"\u00c9crit par\" \/>\n\t<meta name=\"twitter:data1\" content=\"Bruno Cantegrel\" \/>\n\t<meta name=\"twitter:label2\" content=\"Dur\u00e9e de lecture estim\u00e9e\" \/>\n\t<meta name=\"twitter:data2\" content=\"3 minutes\" \/>\n<script type=\"application\/ld+json\" class=\"yoast-schema-graph\">{\"@context\":\"https:\\\/\\\/schema.org\",\"@graph\":[{\"@type\":\"Article\",\"@id\":\"https:\\\/\\\/www.monsieurhugo.com\\\/blog\\\/2019\\\/06\\\/14\\\/votre-locataire-peut-il-amenager-le\\\/#article\",\"isPartOf\":{\"@id\":\"https:\\\/\\\/www.monsieurhugo.com\\\/blog\\\/2019\\\/06\\\/14\\\/votre-locataire-peut-il-amenager-le\\\/\"},\"author\":{\"name\":\"Bruno Cantegrel\",\"@id\":\"https:\\\/\\\/www.monsieurhugo.com\\\/blog\\\/#\\\/schema\\\/person\\\/c46c67fabd9bedfa0ce7d1f4142116c3\"},\"headline\":\"Votre locataire peut-il am\u00e9nager le logement comme bon lui semble ?\",\"datePublished\":\"2019-06-14T07:30:00+00:00\",\"dateModified\":\"2026-01-20T14:42:57+00:00\",\"mainEntityOfPage\":{\"@id\":\"https:\\\/\\\/www.monsieurhugo.com\\\/blog\\\/2019\\\/06\\\/14\\\/votre-locataire-peut-il-amenager-le\\\/\"},\"wordCount\":507,\"publisher\":{\"@id\":\"https:\\\/\\\/www.monsieurhugo.com\\\/blog\\\/#organization\"},\"image\":{\"@id\":\"https:\\\/\\\/www.monsieurhugo.com\\\/blog\\\/2019\\\/06\\\/14\\\/votre-locataire-peut-il-amenager-le\\\/#primaryimage\"},\"thumbnailUrl\":\"https:\\\/\\\/www.monsieurhugo.com\\\/blog\\\/wp-content\\\/uploads\\\/2019\\\/06\\\/amenagement-du-logement.jpg\",\"articleSection\":[\"Obligations &amp; Interdictions du locataire\"],\"inLanguage\":\"fr-FR\"},{\"@type\":\"WebPage\",\"@id\":\"https:\\\/\\\/www.monsieurhugo.com\\\/blog\\\/2019\\\/06\\\/14\\\/votre-locataire-peut-il-amenager-le\\\/\",\"url\":\"https:\\\/\\\/www.monsieurhugo.com\\\/blog\\\/2019\\\/06\\\/14\\\/votre-locataire-peut-il-amenager-le\\\/\",\"name\":\"Votre locataire peut-il am\u00e9nager le logement comme bon lui semble ? - Monsieur Hugo\",\"isPartOf\":{\"@id\":\"https:\\\/\\\/www.monsieurhugo.com\\\/blog\\\/#website\"},\"primaryImageOfPage\":{\"@id\":\"https:\\\/\\\/www.monsieurhugo.com\\\/blog\\\/2019\\\/06\\\/14\\\/votre-locataire-peut-il-amenager-le\\\/#primaryimage\"},\"image\":{\"@id\":\"https:\\\/\\\/www.monsieurhugo.com\\\/blog\\\/2019\\\/06\\\/14\\\/votre-locataire-peut-il-amenager-le\\\/#primaryimage\"},\"thumbnailUrl\":\"https:\\\/\\\/www.monsieurhugo.com\\\/blog\\\/wp-content\\\/uploads\\\/2019\\\/06\\\/amenagement-du-logement.jpg\",\"datePublished\":\"2019-06-14T07:30:00+00:00\",\"dateModified\":\"2026-01-20T14:42:57+00:00\",\"breadcrumb\":{\"@id\":\"https:\\\/\\\/www.monsieurhugo.com\\\/blog\\\/2019\\\/06\\\/14\\\/votre-locataire-peut-il-amenager-le\\\/#breadcrumb\"},\"inLanguage\":\"fr-FR\",\"potentialAction\":[{\"@type\":\"ReadAction\",\"target\":[\"https:\\\/\\\/www.monsieurhugo.com\\\/blog\\\/2019\\\/06\\\/14\\\/votre-locataire-peut-il-amenager-le\\\/\"]}]},{\"@type\":\"ImageObject\",\"inLanguage\":\"fr-FR\",\"@id\":\"https:\\\/\\\/www.monsieurhugo.com\\\/blog\\\/2019\\\/06\\\/14\\\/votre-locataire-peut-il-amenager-le\\\/#primaryimage\",\"url\":\"https:\\\/\\\/www.monsieurhugo.com\\\/blog\\\/wp-content\\\/uploads\\\/2019\\\/06\\\/amenagement-du-logement.jpg\",\"contentUrl\":\"https:\\\/\\\/www.monsieurhugo.com\\\/blog\\\/wp-content\\\/uploads\\\/2019\\\/06\\\/amenagement-du-logement.jpg\",\"width\":450,\"height\":278},{\"@type\":\"BreadcrumbList\",\"@id\":\"https:\\\/\\\/www.monsieurhugo.com\\\/blog\\\/2019\\\/06\\\/14\\\/votre-locataire-peut-il-amenager-le\\\/#breadcrumb\",\"itemListElement\":[{\"@type\":\"ListItem\",\"position\":1,\"name\":\"Logiciel Gestion Locative En Ligne\",\"item\":\"https:\\\/\\\/www.monsieurhugo.com\\\/blog\\\/\"},{\"@type\":\"ListItem\",\"position\":2,\"name\":\"Gestion locative\",\"item\":\"https:\\\/\\\/www.monsieurhugo.com\\\/blog\\\/category\\\/gestion-locative\\\/\"},{\"@type\":\"ListItem\",\"position\":3,\"name\":\"Obligations &amp; Interdictions du locataire\",\"item\":\"https:\\\/\\\/www.monsieurhugo.com\\\/blog\\\/category\\\/gestion-locative\\\/obligations-locataire\\\/\"},{\"@type\":\"ListItem\",\"position\":4,\"name\":\"Votre locataire peut-il am\u00e9nager le logement comme bon lui semble ?\"}]},{\"@type\":\"WebSite\",\"@id\":\"https:\\\/\\\/www.monsieurhugo.com\\\/blog\\\/#website\",\"url\":\"https:\\\/\\\/www.monsieurhugo.com\\\/blog\\\/\",\"name\":\"Monsieur Hugo\",\"description\":\"Votre logiciel de gestion locative\",\"publisher\":{\"@id\":\"https:\\\/\\\/www.monsieurhugo.com\\\/blog\\\/#organization\"},\"potentialAction\":[{\"@type\":\"SearchAction\",\"target\":{\"@type\":\"EntryPoint\",\"urlTemplate\":\"https:\\\/\\\/www.monsieurhugo.com\\\/blog\\\/?s={search_term_string}\"},\"query-input\":{\"@type\":\"PropertyValueSpecification\",\"valueRequired\":true,\"valueName\":\"search_term_string\"}}],\"inLanguage\":\"fr-FR\"},{\"@type\":\"Organization\",\"@id\":\"https:\\\/\\\/www.monsieurhugo.com\\\/blog\\\/#organization\",\"name\":\"Monsieur Hugo\",\"url\":\"https:\\\/\\\/www.monsieurhugo.com\\\/blog\\\/\",\"logo\":{\"@type\":\"ImageObject\",\"inLanguage\":\"fr-FR\",\"@id\":\"https:\\\/\\\/www.monsieurhugo.com\\\/blog\\\/#\\\/schema\\\/logo\\\/image\\\/\",\"url\":\"https:\\\/\\\/www.monsieurhugo.com\\\/blog\\\/wp-content\\\/uploads\\\/2020\\\/06\\\/Logotype-final-v2.png\",\"contentUrl\":\"https:\\\/\\\/www.monsieurhugo.com\\\/blog\\\/wp-content\\\/uploads\\\/2020\\\/06\\\/Logotype-final-v2.png\",\"width\":898,\"height\":234,\"caption\":\"Monsieur Hugo\"},\"image\":{\"@id\":\"https:\\\/\\\/www.monsieurhugo.com\\\/blog\\\/#\\\/schema\\\/logo\\\/image\\\/\"},\"sameAs\":[\"https:\\\/\\\/www.facebook.com\\\/assistantmonsieurhugo\\\/\",\"https:\\\/\\\/x.com\\\/monsieurhugo_\",\"https:\\\/\\\/www.linkedin.com\\\/company\\\/18421005\\\/\"]},{\"@type\":\"Person\",\"@id\":\"https:\\\/\\\/www.monsieurhugo.com\\\/blog\\\/#\\\/schema\\\/person\\\/c46c67fabd9bedfa0ce7d1f4142116c3\",\"name\":\"Bruno Cantegrel\",\"image\":{\"@type\":\"ImageObject\",\"inLanguage\":\"fr-FR\",\"@id\":\"https:\\\/\\\/secure.gravatar.com\\\/avatar\\\/627f29f4ef165adeb61765fbeaf70336b3653293cbe1ba89fccd189379833b3a?s=96&d=mm&r=g\",\"url\":\"https:\\\/\\\/secure.gravatar.com\\\/avatar\\\/627f29f4ef165adeb61765fbeaf70336b3653293cbe1ba89fccd189379833b3a?s=96&d=mm&r=g\",\"contentUrl\":\"https:\\\/\\\/secure.gravatar.com\\\/avatar\\\/627f29f4ef165adeb61765fbeaf70336b3653293cbe1ba89fccd189379833b3a?s=96&d=mm&r=g\",\"caption\":\"Bruno Cantegrel\"},\"description\":\"Fondateur de Monsieur Hugo, dipl\u00f4m\u00e9 d'un MBA \u00e0 l'EDHEC et professeur \u00e0 HEC Paris. Expert en investissement locatif avec plus de 20 ans d'exp\u00e9rience, il est l'auteur de l'ouvrage 'Trouver un locataire pour son logement' aux \u00e9ditions Studyrama\",\"sameAs\":[\"https:\\\/\\\/www.monsieurhugo.com\\\/blog\\\/a-propos\\\/\",\"https:\\\/\\\/www.linkedin.com\\\/in\\\/bruno-bruno-4336096\\\/\"],\"alumniOf\":[{\"@type\":\"Organization\",\"name\":\"EDHEC Business School\"},{\"@type\":\"Organization\",\"name\":\"HEC Paris\"}],\"knowsAbout\":[\"Gestion locative\",\"Investissement immobilier\",\"Droit immobilier\",\"Proptech\"]}]}<\/script>\n<!-- \/ Yoast SEO plugin. -->","yoast_head_json":{"title":"Votre locataire peut-il am\u00e9nager le logement comme bon lui semble ? - Monsieur Hugo","robots":{"index":"index","follow":"follow","max-snippet":"max-snippet:-1","max-image-preview":"max-image-preview:large","max-video-preview":"max-video-preview:-1"},"canonical":"https:\/\/www.monsieurhugo.com\/blog\/2019\/06\/14\/votre-locataire-peut-il-amenager-le\/","og_locale":"fr_FR","og_type":"article","og_title":"Votre locataire peut-il am\u00e9nager le logement comme bon lui semble ? - Monsieur Hugo","og_description":"Votre locataire vient \u00e0 peine d'emm\u00e9nager dans le logement que vous lui louez, et l\u00e0 stupeur, il repeint tous les murs en vert, les portes en jaune et les contours des fen\u00eatres\u00a0en gris ! En a-t-il le droit ? \u27a1\ufe0f\u00a0Que dit la loi \u00e0 ce sujet ? Apr\u00e8s avoir emm\u00e9nag\u00e9 votre locataire est libre d'am\u00e9nager [&hellip;]","og_url":"https:\/\/www.monsieurhugo.com\/blog\/2019\/06\/14\/votre-locataire-peut-il-amenager-le\/","og_site_name":"Monsieur Hugo","article_publisher":"https:\/\/www.facebook.com\/assistantmonsieurhugo\/","article_published_time":"2019-06-14T07:30:00+00:00","article_modified_time":"2026-01-20T14:42:57+00:00","og_image":[{"width":450,"height":278,"url":"https:\/\/www.monsieurhugo.com\/blog\/wp-content\/uploads\/2019\/06\/amenagement-du-logement.jpg","type":"image\/jpeg"}],"author":"Bruno Cantegrel","twitter_card":"summary_large_image","twitter_creator":"@monsieurhugo_","twitter_site":"@monsieurhugo_","twitter_misc":{"\u00c9crit par":"Bruno Cantegrel","Dur\u00e9e de lecture estim\u00e9e":"3 minutes"},"schema":{"@context":"https:\/\/schema.org","@graph":[{"@type":"Article","@id":"https:\/\/www.monsieurhugo.com\/blog\/2019\/06\/14\/votre-locataire-peut-il-amenager-le\/#article","isPartOf":{"@id":"https:\/\/www.monsieurhugo.com\/blog\/2019\/06\/14\/votre-locataire-peut-il-amenager-le\/"},"author":{"name":"Bruno Cantegrel","@id":"https:\/\/www.monsieurhugo.com\/blog\/#\/schema\/person\/c46c67fabd9bedfa0ce7d1f4142116c3"},"headline":"Votre locataire peut-il am\u00e9nager le logement comme bon lui semble ?","datePublished":"2019-06-14T07:30:00+00:00","dateModified":"2026-01-20T14:42:57+00:00","mainEntityOfPage":{"@id":"https:\/\/www.monsieurhugo.com\/blog\/2019\/06\/14\/votre-locataire-peut-il-amenager-le\/"},"wordCount":507,"publisher":{"@id":"https:\/\/www.monsieurhugo.com\/blog\/#organization"},"image":{"@id":"https:\/\/www.monsieurhugo.com\/blog\/2019\/06\/14\/votre-locataire-peut-il-amenager-le\/#primaryimage"},"thumbnailUrl":"https:\/\/www.monsieurhugo.com\/blog\/wp-content\/uploads\/2019\/06\/amenagement-du-logement.jpg","articleSection":["Obligations &amp; Interdictions du locataire"],"inLanguage":"fr-FR"},{"@type":"WebPage","@id":"https:\/\/www.monsieurhugo.com\/blog\/2019\/06\/14\/votre-locataire-peut-il-amenager-le\/","url":"https:\/\/www.monsieurhugo.com\/blog\/2019\/06\/14\/votre-locataire-peut-il-amenager-le\/","name":"Votre locataire peut-il am\u00e9nager le logement comme bon lui semble ? - Monsieur Hugo","isPartOf":{"@id":"https:\/\/www.monsieurhugo.com\/blog\/#website"},"primaryImageOfPage":{"@id":"https:\/\/www.monsieurhugo.com\/blog\/2019\/06\/14\/votre-locataire-peut-il-amenager-le\/#primaryimage"},"image":{"@id":"https:\/\/www.monsieurhugo.com\/blog\/2019\/06\/14\/votre-locataire-peut-il-amenager-le\/#primaryimage"},"thumbnailUrl":"https:\/\/www.monsieurhugo.com\/blog\/wp-content\/uploads\/2019\/06\/amenagement-du-logement.jpg","datePublished":"2019-06-14T07:30:00+00:00","dateModified":"2026-01-20T14:42:57+00:00","breadcrumb":{"@id":"https:\/\/www.monsieurhugo.com\/blog\/2019\/06\/14\/votre-locataire-peut-il-amenager-le\/#breadcrumb"},"inLanguage":"fr-FR","potentialAction":[{"@type":"ReadAction","target":["https:\/\/www.monsieurhugo.com\/blog\/2019\/06\/14\/votre-locataire-peut-il-amenager-le\/"]}]},{"@type":"ImageObject","inLanguage":"fr-FR","@id":"https:\/\/www.monsieurhugo.com\/blog\/2019\/06\/14\/votre-locataire-peut-il-amenager-le\/#primaryimage","url":"https:\/\/www.monsieurhugo.com\/blog\/wp-content\/uploads\/2019\/06\/amenagement-du-logement.jpg","contentUrl":"https:\/\/www.monsieurhugo.com\/blog\/wp-content\/uploads\/2019\/06\/amenagement-du-logement.jpg","width":450,"height":278},{"@type":"BreadcrumbList","@id":"https:\/\/www.monsieurhugo.com\/blog\/2019\/06\/14\/votre-locataire-peut-il-amenager-le\/#breadcrumb","itemListElement":[{"@type":"ListItem","position":1,"name":"Logiciel Gestion Locative En Ligne","item":"https:\/\/www.monsieurhugo.com\/blog\/"},{"@type":"ListItem","position":2,"name":"Gestion locative","item":"https:\/\/www.monsieurhugo.com\/blog\/category\/gestion-locative\/"},{"@type":"ListItem","position":3,"name":"Obligations &amp; Interdictions du locataire","item":"https:\/\/www.monsieurhugo.com\/blog\/category\/gestion-locative\/obligations-locataire\/"},{"@type":"ListItem","position":4,"name":"Votre locataire peut-il am\u00e9nager le logement comme bon lui semble ?"}]},{"@type":"WebSite","@id":"https:\/\/www.monsieurhugo.com\/blog\/#website","url":"https:\/\/www.monsieurhugo.com\/blog\/","name":"Monsieur Hugo","description":"Votre logiciel de gestion locative","publisher":{"@id":"https:\/\/www.monsieurhugo.com\/blog\/#organization"},"potentialAction":[{"@type":"SearchAction","target":{"@type":"EntryPoint","urlTemplate":"https:\/\/www.monsieurhugo.com\/blog\/?s={search_term_string}"},"query-input":{"@type":"PropertyValueSpecification","valueRequired":true,"valueName":"search_term_string"}}],"inLanguage":"fr-FR"},{"@type":"Organization","@id":"https:\/\/www.monsieurhugo.com\/blog\/#organization","name":"Monsieur Hugo","url":"https:\/\/www.monsieurhugo.com\/blog\/","logo":{"@type":"ImageObject","inLanguage":"fr-FR","@id":"https:\/\/www.monsieurhugo.com\/blog\/#\/schema\/logo\/image\/","url":"https:\/\/www.monsieurhugo.com\/blog\/wp-content\/uploads\/2020\/06\/Logotype-final-v2.png","contentUrl":"https:\/\/www.monsieurhugo.com\/blog\/wp-content\/uploads\/2020\/06\/Logotype-final-v2.png","width":898,"height":234,"caption":"Monsieur Hugo"},"image":{"@id":"https:\/\/www.monsieurhugo.com\/blog\/#\/schema\/logo\/image\/"},"sameAs":["https:\/\/www.facebook.com\/assistantmonsieurhugo\/","https:\/\/x.com\/monsieurhugo_","https:\/\/www.linkedin.com\/company\/18421005\/"]},{"@type":"Person","@id":"https:\/\/www.monsieurhugo.com\/blog\/#\/schema\/person\/c46c67fabd9bedfa0ce7d1f4142116c3","name":"Bruno Cantegrel","image":{"@type":"ImageObject","inLanguage":"fr-FR","@id":"https:\/\/secure.gravatar.com\/avatar\/627f29f4ef165adeb61765fbeaf70336b3653293cbe1ba89fccd189379833b3a?s=96&d=mm&r=g","url":"https:\/\/secure.gravatar.com\/avatar\/627f29f4ef165adeb61765fbeaf70336b3653293cbe1ba89fccd189379833b3a?s=96&d=mm&r=g","contentUrl":"https:\/\/secure.gravatar.com\/avatar\/627f29f4ef165adeb61765fbeaf70336b3653293cbe1ba89fccd189379833b3a?s=96&d=mm&r=g","caption":"Bruno Cantegrel"},"description":"Fondateur de Monsieur Hugo, dipl\u00f4m\u00e9 d'un MBA \u00e0 l'EDHEC et professeur \u00e0 HEC Paris. Expert en investissement locatif avec plus de 20 ans d'exp\u00e9rience, il est l'auteur de l'ouvrage 'Trouver un locataire pour son logement' aux \u00e9ditions Studyrama","sameAs":["https:\/\/www.monsieurhugo.com\/blog\/a-propos\/","https:\/\/www.linkedin.com\/in\/bruno-bruno-4336096\/"],"alumniOf":[{"@type":"Organization","name":"EDHEC Business School"},{"@type":"Organization","name":"HEC Paris"}],"knowsAbout":["Gestion locative","Investissement immobilier","Droit immobilier","Proptech"]}]}},"_links":{"self":[{"href":"https:\/\/www.monsieurhugo.com\/blog\/wp-json\/wp\/v2\/posts\/351997","targetHints":{"allow":["GET"]}}],"collection":[{"href":"https:\/\/www.monsieurhugo.com\/blog\/wp-json\/wp\/v2\/posts"}],"about":[{"href":"https:\/\/www.monsieurhugo.com\/blog\/wp-json\/wp\/v2\/types\/post"}],"author":[{"embeddable":true,"href":"https:\/\/www.monsieurhugo.com\/blog\/wp-json\/wp\/v2\/users\/1"}],"replies":[{"embeddable":true,"href":"https:\/\/www.monsieurhugo.com\/blog\/wp-json\/wp\/v2\/comments?post=351997"}],"version-history":[{"count":2,"href":"https:\/\/www.monsieurhugo.com\/blog\/wp-json\/wp\/v2\/posts\/351997\/revisions"}],"predecessor-version":[{"id":357884,"href":"https:\/\/www.monsieurhugo.com\/blog\/wp-json\/wp\/v2\/posts\/351997\/revisions\/357884"}],"wp:featuredmedia":[{"embeddable":true,"href":"https:\/\/www.monsieurhugo.com\/blog\/wp-json\/wp\/v2\/media\/353342"}],"wp:attachment":[{"href":"https:\/\/www.monsieurhugo.com\/blog\/wp-json\/wp\/v2\/media?parent=351997"}],"wp:term":[{"taxonomy":"category","embeddable":true,"href":"https:\/\/www.monsieurhugo.com\/blog\/wp-json\/wp\/v2\/categories?post=351997"},{"taxonomy":"post_tag","embeddable":true,"href":"https:\/\/www.monsieurhugo.com\/blog\/wp-json\/wp\/v2\/tags?post=351997"}],"curies":[{"name":"wp","href":"https:\/\/api.w.org\/{rel}","templated":true}]}}