{"id":351995,"date":"2019-06-19T09:30:00","date_gmt":"2019-06-19T07:30:00","guid":{"rendered":""},"modified":"2026-01-20T15:42:57","modified_gmt":"2026-01-20T14:42:57","slug":"un-rapport-qui-veut-apaiser-les","status":"publish","type":"post","link":"https:\/\/www.monsieurhugo.com\/blog\/2019\/06\/19\/un-rapport-qui-veut-apaiser-les\/","title":{"rendered":"Un rapport qui veut apaiser les tensions entre locataires et propri\u00e9taires ?"},"content":{"rendered":"<p>[et_pb_section fb_built=\u00a0\u00bb1&Prime; _builder_version=\u00a0\u00bb3.22&Prime;][et_pb_row _builder_version=\u00a0\u00bb3.25&Prime; background_size=\u00a0\u00bbinitial\u00a0\u00bb background_position=\u00a0\u00bbtop_left\u00a0\u00bb background_repeat=\u00a0\u00bbrepeat\u00a0\u00bb][et_pb_column type=\u00a0\u00bb4_4&Prime; _builder_version=\u00a0\u00bb3.25&Prime; custom_padding=\u00a0\u00bb|||\u00a0\u00bb custom_padding__hover=\u00a0\u00bb|||\u00a0\u00bb][et_pb_text _builder_version=\u00a0\u00bb4.4.9&Prime; background_size=\u00a0\u00bbinitial\u00a0\u00bb background_position=\u00a0\u00bbtop_left\u00a0\u00bb background_repeat=\u00a0\u00bbrepeat\u00a0\u00bb hover_enabled=\u00a0\u00bb0&Prime; text_font_size=\u00a0\u00bb19px\u00a0\u00bb]<\/p>\n<p class=\"separator\">Dans un rapport pr\u00e9sent\u00e9 ce mardi 18 juin, un d\u00e9put\u00e9 de la majorit\u00e9 Micka\u00ebl Nogal a pr\u00e9sent\u00e9 un rapport avec 37 mesures pour apaiser les tensions entre les propri\u00e9taires et les locataires dans le parc locatif priv\u00e9.<span style=\"font-family: 'arial' , 'helvetica' , sans-serif; font-size: large;\">\u00a0<\/span><\/p>\n<p><span style=\"font-family: 'arial' , 'helvetica' , sans-serif; font-size: large;\">Parmi les mesures phares, le d\u00e9put\u00e9 propose de s\u2019attaquer au <strong>litige num\u00e9ro 1 <\/strong>de la relation locataires\/propri\u00e9taires : <strong>le d\u00e9p\u00f4t de garantie !<\/strong><\/span><\/p>\n<p>16 % des plaintes re\u00e7ues par la CGL (Conf\u00e9d\u00e9ration G\u00e9n\u00e9rale du Logement) en 2016 concernaient la non-restitution par le bailleur du d\u00e9p\u00f4t de garantie.Les d\u00e9saccords portent souvent sur les travaux que le propri\u00e9taire veut, \u00e0 tort ou \u00e0 raison, imputer au locataire.<\/p>\n<p>Le propri\u00e9taire doit, en principe, <strong>restituer la somme dans le mois qui suit le d\u00e9part du locataire<\/strong> si l\u2019\u00e9tat des lieux le permet ou au plus tard dans les 2 mois suivant la fin bail si des d\u00e9gradations sont constat\u00e9es.Mais selon le rapport parlementaire, le d\u00e9p\u00f4t de garantie, conserv\u00e9 par le propri\u00e9taire jusqu\u2019\u00e0 l\u2019\u00e9tat des lieux de sortie \u00ab\u00a0alimentent les craintes des locataires qui, pour s&rsquo;en pr\u00e9munir, n\u00e9gligent de plus en plus fr\u00e9quemment de payer le dernier mois de loyer\u00a0\u00bb.<\/p>\n<p>Le rapport propose que ce ch\u00e8que de caution remis par le locataire en d\u00e9but de location <strong>ne soit plus encaiss\u00e9 par le propri\u00e9taire mais consign\u00e9 par un organisme neutre<\/strong> le temps du bail.<\/p>\n<p>Une fois l&rsquo;\u00e9tat des lieux r\u00e9alis\u00e9s, cet organisme collecteur ind\u00e9pendant redistribuerait le montant de la caution en fonction des travaux effectifs \u00e0 mener, prouv\u00e9s par le locataire ou le propri\u00e9taire, devis \u00e0 l&rsquo;appui.<\/p>\n<p>Le rapport n&rsquo;oublie pas de pointer que les sommes en jeu sont consid\u00e9rables ! On estime \u00e0 environ 4 milliards d&rsquo;euros les garanties locatives du parc priv\u00e9. De quoi donner des id\u00e9es&#8230;<br \/> Le rapport propose ainsi de faire fructifier ces sommes avant qu&rsquo;elles ne soient remises \u00e0 qui de droit. Selon Mickael Nogal, gr\u00e2ce aux int\u00e9r\u00eats r\u00e9colt\u00e9s, on pourrait financer la r\u00e9novation \u00e9nerg\u00e9tiques des b\u00e2timents&#8230;<span style=\"font-family: 'arial' , 'helvetica' , sans-serif; font-size: large;\">\u00a0<\/span><\/p>\n<p><span style=\"font-family: 'arial' , 'helvetica' , sans-serif; font-size: large;\">Autre mesure phare du rapport : <strong>transf\u00e9rer \u201cl&rsquo;inqui\u00e9tude\u201d des loyers impay\u00e9s du propri\u00e9taire vers l&rsquo;agence immobili\u00e8re. <\/strong><\/span><\/p>\n<p>Aujourd&rsquo;hui \u2154 des propri\u00e9taires privil\u00e9gient une relation sans interm\u00e9diaire avec leur locataire. Le rapport souhaite donc donner de nouvelles missions \u00e0 l\u2019agent immobilier et notamment garantir le paiement des loyers au propri\u00e9taire en temps et en heure et ce quoi qu&rsquo;il advienne du c\u00f4t\u00e9 du locataire.<\/p>\n<p>M\u00eame si le taux moyen d&rsquo;impay\u00e9s en France est faible, environ 2 \u00e0 3%, il reste la crainte num\u00e9ro 1 des bailleurs lorsqu&rsquo;ils investissement dans le locatif et tout au long du bail.<\/p>\n<p>Pour pr\u00e9munir cela, les agences devront souscrire une <strong>assurance globale<\/strong> sur le parc de logements dont elles ont la gestion.<\/p>\n<p>Il existe pourtant d\u00e9j\u00e0 une assurance qui couvre les loyers impay\u00e9s : la garantie loyers impay\u00e9s (GLI).<\/p>\n<p>Mais contrairement \u00e0 la GLI,\u00a0souscrite par le propri\u00e9taire, qui met parfois plusieurs mois \u00e0 indemniser le propri\u00e9taire, cette assurance globale garantirait au bailleur une <strong>indemnisation rapide<\/strong>.<\/p>\n<p>La FNAIM (f\u00e9d\u00e9ration nationale de l\u2019immobilier) via son pr\u00e9sident Jean-Marc Torrollion, propose d\u2019aller encore plus loin :<\/p>\n<blockquote class=\"tr_bq\">\n<p>En parall\u00e8le de cette garantie apport\u00e9e par le professionnel, nous demandons<strong> la cr\u00e9ation d\u2019une base de donn\u00e9es des incidents de paiements des locataires<\/strong>. Elle contiendrait les noms des locataires ayant eu au moins 3 loyers impay\u00e9s sur une p\u00e9riode de trois ans.Sans cette base de donn\u00e9es, \u00ab le syst\u00e8me ne sera pas s\u00e9curis\u00e9 \u00bb selon lui.<\/p>\n<\/blockquote>\n<p>Mais cette proposition, r\u00e9clam\u00e9e aussi par de tr\u00e8s nombreux propri\u00e9taires ne fait pas partie du rapport&#8230;<\/p>\n<p>Je vous propose de retrouver d&rsquo;autres mesures phares de ce rapport dans cet article de Capital que vous trouverez <a href=\"https:\/\/www.capital.fr\/immobilier\/immobilier-les-propositions-chocs-dun-depute-pour-pacifier-les-relations-entre-locataires-et-proprietaires-1342192\" target=\"_blank\" rel=\"noopener noreferrer\"><span style=\"color: blue;\"><u>ici<\/u><\/span><\/a><\/p>\n<p><span style=\"font-size: large;\"><span style=\"font-family: 'arial' , 'helvetica' , sans-serif;\"><a href=\"https:\/\/www.facebook.com\/assistantmonsieurhugo\" target=\"_blank\" rel=\"noopener noreferrer\"><span style=\"color: blue;\"><\/span><\/a><\/span>Je vous sugg\u00e8re aussi :<\/span><span style=\"font-family: 'arial' , 'helvetica' , sans-serif;\"><span style=\"font-size: large;\"><a href=\"https:\/\/www.monsieurhugo.com\/blog\/2018\/01\/bail-de-location-loi-alur-modele-gratuit-telecharger.html\" target=\"_blank\" rel=\"noopener noreferrer\"><span style=\"color: blue;\"><u><\/u><\/span><\/a><\/span><\/span><\/p>\n<ul>\n<li><span style=\"font-family: 'arial' , 'helvetica' , sans-serif;\"><span style=\"font-size: large;\"><a href=\"https:\/\/www.monsieurhugo.com\/blog\/2018\/01\/bail-de-location-loi-alur-modele-gratuit-telecharger.html\" target=\"_blank\" rel=\"noopener noreferrer\"><span style=\"color: blue;\"><u>Tout savoir sur le contrat de location &#8211; T\u00e9l\u00e9chargez votre bail gratuit<\/u><\/span><\/a><\/span><\/span><\/li>\n<li><span style=\"font-family: 'arial' , 'helvetica' , sans-serif;\"><span style=\"font-size: large;\"><span style=\"font-family: 'arial' , 'helvetica' , sans-serif;\"><span style=\"font-family: 'arial' , 'helvetica' , sans-serif;\"><a href=\"https:\/\/www.monsieurhugo.com\/blog\/2018\/01\/etat-des-lieux-modele-a-telecharger.html\" target=\"_blank\" rel=\"noopener noreferrer\"><span style=\"color: blue;\"><u>Comment \u00e9tablir l&rsquo;\u00e9tat des lieux de votre logement ?<\/u><\/span><\/a><\/span><\/span><\/span><\/span><\/li>\n<li><a href=\"https:\/\/www.monsieurhugo.com\/blog\/2018\/01\/quittance-de-loyer-modele-a-telecharger.html\" target=\"_blank\" rel=\"noopener noreferrer\"><u><span style=\"font-family: 'arial' , 'helvetica' , sans-serif;\"><span style=\"font-size: large;\">Tout savoir sur la quittance ! Avec un mod\u00e8le de quittance de loyer en ligne<\/span><\/span><\/u><\/a><\/li>\n<li><a href=\"https:\/\/www.monsieurhugo.com\/blog\/2018\/11\/duree-du-bail-preavis-caution-fiscalite.html\" target=\"_blank\" rel=\"noopener noreferrer\"><u><span style=\"font-family: 'arial' , 'helvetica' , sans-serif;\"><span style=\"font-size: large;\">Dur\u00e9e, caution, fiscalit\u00e9&#8230; Quelles sont les diff\u00e9rences entre une location meubl\u00e9e et une location nue ?<\/span><\/span><\/u><\/a><\/li>\n<\/ul>\n<p>[\/et_pb_text][\/et_pb_column][\/et_pb_row][\/et_pb_section]<\/p>\n","protected":false},"excerpt":{"rendered":"<p>Dans un rapport pr\u00e9sent\u00e9 ce mardi 18 juin, un d\u00e9put\u00e9 de la majorit\u00e9 Micka\u00ebl Nogal a pr\u00e9sent\u00e9 un rapport avec 37 mesures pour apaiser les tensions entre les propri\u00e9taires et les locataires dans le parc locatif priv\u00e9.\u00a0 Parmi les mesures phares, le d\u00e9put\u00e9 propose de s\u2019attaquer au litige num\u00e9ro 1 de la relation locataires\/propri\u00e9taires : [&hellip;]<\/p>\n","protected":false},"author":1,"featured_media":353337,"comment_status":"closed","ping_status":"closed","sticky":false,"template":"","format":"standard","meta":{"_acf_changed":false,"_et_pb_use_builder":"on","_et_pb_old_content":"<p class=\"separator\"><img src=\"https:\/\/1.bp.blogspot.com\/-KaiccV-v5dU\/XQsojFisejI\/AAAAAAAAAiI\/_U5V4f0DA7QNaqBMKfOAOKnFq0fDLYzUgCLcBGAs\/s1600\/Gestion%2Blocative%2B-%2BMonsieur%2BHugo.jpeg\" alt=\"Gestion locative - Monsieur Hugo\" \/><\/p><p>Dans un rapport pr\u00e9sent\u00e9 ce mardi 18 juin, un d\u00e9put\u00e9 de la majorit\u00e9 Micka\u00ebl Nogal a pr\u00e9sent\u00e9 un rapport avec 37 mesures pour apaiser les tensions entre les propri\u00e9taires et les locataires dans le parc locatif priv\u00e9.<span style=\"font-family: 'arial' , 'helvetica' , sans-serif; font-size: large;\">\u00a0<\/span><\/p><p><span style=\"font-family: 'arial' , 'helvetica' , sans-serif; font-size: large;\">Parmi les mesures phares, le d\u00e9put\u00e9 propose de s\u2019attaquer au <strong>litige num\u00e9ro 1 <\/strong>de la relation locataires\/propri\u00e9taires : <strong>le d\u00e9p\u00f4t de garantie !<\/strong><\/span><\/p><p>16 % des plaintes re\u00e7ues par la CGL (Conf\u00e9d\u00e9ration G\u00e9n\u00e9rale du Logement) en 2016 concernaient la non-restitution par le bailleur du d\u00e9p\u00f4t de garantie.Les d\u00e9saccords portent souvent sur les travaux que le propri\u00e9taire veut, \u00e0 tort ou \u00e0 raison, imputer au locataire.<\/p><p>Le propri\u00e9taire doit, en principe, <strong>restituer la somme dans le mois qui suit le d\u00e9part du locataire<\/strong> si l\u2019\u00e9tat des lieux le permet ou au plus tard dans les 2 mois suivant la fin bail si des d\u00e9gradations sont constat\u00e9es.Mais selon le rapport parlementaire, le d\u00e9p\u00f4t de garantie, conserv\u00e9 par le propri\u00e9taire jusqu\u2019\u00e0 l\u2019\u00e9tat des lieux de sortie \"alimentent les craintes des locataires qui, pour s'en pr\u00e9munir, n\u00e9gligent de plus en plus fr\u00e9quemment de payer le dernier mois de loyer\".\u00a0<\/p><p>Le rapport propose que ce ch\u00e8que de caution remis par le locataire en d\u00e9but de location <strong>ne soit plus encaiss\u00e9 par le propri\u00e9taire mais consign\u00e9 par un organisme neutre<\/strong> le temps du bail.<\/p><p>Une fois l'\u00e9tat des lieux r\u00e9alis\u00e9s, cet organisme collecteur ind\u00e9pendant redistribuerait le montant de la caution en fonction des travaux effectifs \u00e0 mener, prouv\u00e9s par le locataire ou le propri\u00e9taire, devis \u00e0 l'appui.<\/p><p>Le rapport n'oublie pas de pointer que les sommes en jeu sont consid\u00e9rables ! On estime \u00e0 environ 4 milliards d'euros les garanties locatives du parc priv\u00e9. De quoi donner des id\u00e9es...<br \/>Le rapport propose ainsi de faire fructifier ces sommes avant qu'elles ne soient remises \u00e0 qui de droit. Selon Mickael Nogal, gr\u00e2ce aux int\u00e9r\u00eats r\u00e9colt\u00e9s, on pourrait financer la r\u00e9novation \u00e9nerg\u00e9tiques des b\u00e2timents...<span style=\"font-family: 'arial' , 'helvetica' , sans-serif; font-size: large;\">\u00a0<\/span><\/p><p><span style=\"font-family: 'arial' , 'helvetica' , sans-serif; font-size: large;\">Autre mesure phare du rapport : <strong>transf\u00e9rer \u201cl'inqui\u00e9tude\u201d des loyers impay\u00e9s du propri\u00e9taire vers l'agence immobili\u00e8re. <\/strong><\/span><\/p><p>Aujourd'hui \u2154 des propri\u00e9taires privil\u00e9gient une relation sans interm\u00e9diaire avec leur locataire. Le rapport souhaite donc donner de nouvelles missions \u00e0 l\u2019agent immobilier et notamment garantir le paiement des loyers au propri\u00e9taire en temps et en heure et ce quoi qu'il advienne du c\u00f4t\u00e9 du locataire.\u00a0<\/p><p>M\u00eame si le taux moyen d'impay\u00e9s en France est faible, environ 2 \u00e0 3%, il reste la crainte num\u00e9ro 1 des bailleurs lorsqu'ils investissement dans le locatif et tout au long du bail.<\/p><p>Pour pr\u00e9munir cela, les agences devront souscrire une <strong>assurance globale<\/strong> sur le parc de logements dont elles ont la gestion.<\/p><p>Il existe pourtant d\u00e9j\u00e0 une assurance qui couvre les loyers impay\u00e9s : la garantie loyers impay\u00e9s (GLI).\u00a0<\/p><p>Mais contrairement \u00e0 la GLI,\u00a0souscrite par le propri\u00e9taire, qui met parfois plusieurs mois \u00e0 indemniser le propri\u00e9taire, cette assurance globale garantirait au bailleur une <strong>indemnisation rapide<\/strong>.\u00a0<\/p><p>La FNAIM (f\u00e9d\u00e9ration nationale de l\u2019immobilier) via son pr\u00e9sident Jean-Marc Torrollion, propose d\u2019aller encore plus loin :\u00a0<\/p><blockquote class=\"tr_bq\"><p>En parall\u00e8le de cette garantie apport\u00e9e par le professionnel, nous demandons<strong> la cr\u00e9ation d\u2019une base de donn\u00e9es des incidents de paiements des locataires<\/strong>. Elle contiendrait les noms des locataires ayant eu au moins 3 loyers impay\u00e9s sur une p\u00e9riode de trois ans.Sans cette base de donn\u00e9es, \u00ab le syst\u00e8me ne sera pas s\u00e9curis\u00e9 \u00bb selon lui.<\/p><\/blockquote><p>Mais cette proposition, r\u00e9clam\u00e9e aussi par de tr\u00e8s nombreux propri\u00e9taires ne fait pas partie du rapport...<\/p><p>Je vous propose de retrouver d'autres mesures phares de ce rapport dans cet article de Capital que vous trouverez <a href=\"https:\/\/www.capital.fr\/immobilier\/immobilier-les-propositions-chocs-dun-depute-pour-pacifier-les-relations-entre-locataires-et-proprietaires-1342192\" target=\"_blank\" rel=\"noopener noreferrer\"><span style=\"color: blue;\"><u>ici<\/u><\/span><\/a>.<\/p><p>Bonne location,<\/p><p><span style=\"font-size: large;\"><strong><span style=\"color: #006fad;\">Monsieur Hugo<\/span><\/strong>,\u00a0<\/span><\/p><p><span style=\"font-size: large;\">Votre assistant personnel en gestion locative.<\/span><\/p><p><span style=\"font-size: large;\"><strong>Restons en conta<\/strong><span style=\"font-family: 'arial' , 'helvetica' , sans-serif;\"><strong>ct !\u00a0<\/strong><\/span><\/span><\/p><p><span style=\"font-size: large;\"><strong><span style=\"font-family: 'arial' , 'helvetica' , sans-serif;\">Inscrive<span style=\"font-family: 'arial' , 'helvetica' , sans-serif;\">z-vous \u00e0\u00a0<span style=\"font-family: 'arial' , 'helvetica' , sans-serif;\">ma\u00a0<span style=\"font-family: 'arial' , 'helvetica' , sans-serif;\">NEWSLETTER\u00a0<\/span><\/span><\/span><\/span><\/strong><\/span><span style=\"font-family: 'arial' , 'helvetica' , sans-serif;\"><span style=\"font-family: 'arial' , 'helvetica' , sans-serif;\">pour\u00a0<span style=\"font-family: 'arial' , 'helvetica' , sans-serif;\">recevoir<\/span>\u00a0les dernie<span style=\"font-family: 'arial' , 'helvetica' , sans-serif;\">rs docu<span style=\"font-family: 'arial' , 'helvetica' , sans-serif;\">ments contractu<span style=\"font-family: 'arial' , 'helvetica' , sans-serif;\">els \u00e0 jour (bail, \u00e9tat des lieux, mod\u00e8les de lettres, acte de ca<span style=\"font-family: 'arial' , 'helvetica' , sans-serif;\">ution<\/span>...), je les mets \u00e0 jour r\u00e9guli\u00e8rement en fonction des \u00e9volution<span style=\"font-family: 'arial' , 'helvetica' , sans-serif;\">s r\u00e9glementaires.<\/span><\/span><\/span><\/span><\/span><\/span><\/p><p><span style=\"font-size: large;\"><span style=\"font-family: 'arial' , 'helvetica' , sans-serif;\"><strong>Retrouvez-moi sur\u00a0<\/strong><a href=\"https:\/\/www.facebook.com\/assistantmonsieurhugo\" target=\"_blank\" rel=\"noopener noreferrer\"><span style=\"color: blue;\"><u>Facebook<\/u><\/span><\/a><\/span><\/span><\/p><p><span style=\"font-size: large;\">Je vous sugg\u00e8re aussi :<\/span><span style=\"font-family: 'arial' , 'helvetica' , sans-serif;\"><span style=\"font-size: large;\"><br class=\"Apple-interchange-newline\" \/>>\u00a0<a href=\"https:\/\/www.monsieurhugo.com\/blog\/2018\/01\/bail-de-location-loi-alur-modele-gratuit-telecharger.html\" target=\"_blank\" rel=\"noopener noreferrer\"><span style=\"color: blue;\"><u>Tout savoir sur le contrat de location - T\u00e9l\u00e9chargez votre bail gratuit<\/u><\/span><\/a><\/span><\/span><\/p><p><span style=\"font-family: 'arial' , 'helvetica' , sans-serif;\"><span style=\"font-size: large;\"><span style=\"font-family: 'arial' , 'helvetica' , sans-serif;\"><span style=\"font-family: 'arial' , 'helvetica' , sans-serif;\">>\u00a0<a href=\"https:\/\/www.monsieurhugo.com\/blog\/2018\/01\/etat-des-lieux-modele-a-telecharger.html\" target=\"_blank\" rel=\"noopener noreferrer\"><span style=\"color: blue;\"><u>Comment \u00e9tablir l'\u00e9tat des lieux de votre logement ?<\/u><\/span><\/a><\/span><\/span><\/span><\/span><\/p><p><span style=\"font-family: 'arial' , 'helvetica' , sans-serif;\"><span style=\"font-size: large;\"><span style=\"font-family: 'arial' , 'helvetica' , sans-serif;\"><span style=\"font-family: 'arial' , 'helvetica' , sans-serif;\">>\u00a0<\/span><\/span><\/span><\/span><a href=\"https:\/\/www.monsieurhugo.com\/blog\/2018\/01\/quittance-de-loyer-modele-a-telecharger.html\" target=\"_blank\" rel=\"noopener noreferrer\"><u><span style=\"font-family: 'arial' , 'helvetica' , sans-serif;\"><span style=\"font-size: large;\">Tout savoir sur la quittance ! Avec un mod\u00e8le de quittance de loyer en ligne<\/span><\/span><\/u><\/a><\/p><p><span style=\"font-size: large;\">>\u00a0<\/span><a href=\"https:\/\/www.monsieurhugo.com\/blog\/2018\/11\/duree-du-bail-preavis-caution-fiscalite.html\" target=\"_blank\" rel=\"noopener noreferrer\"><u><span style=\"font-family: 'arial' , 'helvetica' , sans-serif;\"><span style=\"font-size: large;\">Dur\u00e9e, caution, fiscalit\u00e9... Quelles sont les diff\u00e9rences entre une location meubl\u00e9e et une location nue ?<\/span><\/span><\/u><\/a><\/p>","_et_gb_content_width":"","footnotes":""},"categories":[61],"tags":[],"class_list":["post-351995","post","type-post","status-publish","format-standard","has-post-thumbnail","hentry","category-gestion-locative"],"acf":[],"yoast_head":"<!-- This site is optimized with the Yoast SEO plugin v27.5 - https:\/\/yoast.com\/product\/yoast-seo-wordpress\/ -->\n<title>Un rapport qui veut apaiser les tensions entre locataires et propri\u00e9taires ? - Monsieur Hugo<\/title>\n<meta name=\"robots\" content=\"index, follow, max-snippet:-1, max-image-preview:large, max-video-preview:-1\" \/>\n<link rel=\"canonical\" href=\"https:\/\/www.monsieurhugo.com\/blog\/2019\/06\/19\/un-rapport-qui-veut-apaiser-les\/\" \/>\n<meta property=\"og:locale\" content=\"fr_FR\" \/>\n<meta property=\"og:type\" content=\"article\" \/>\n<meta property=\"og:title\" content=\"Un rapport qui veut apaiser les tensions entre locataires et propri\u00e9taires ? - Monsieur Hugo\" \/>\n<meta property=\"og:description\" content=\"Dans un rapport pr\u00e9sent\u00e9 ce mardi 18 juin, un d\u00e9put\u00e9 de la majorit\u00e9 Micka\u00ebl Nogal a pr\u00e9sent\u00e9 un rapport avec 37 mesures pour apaiser les tensions entre les propri\u00e9taires et les locataires dans le parc locatif priv\u00e9.\u00a0 Parmi les mesures phares, le d\u00e9put\u00e9 propose de s\u2019attaquer au litige num\u00e9ro 1 de la relation locataires\/propri\u00e9taires : [&hellip;]\" \/>\n<meta property=\"og:url\" content=\"https:\/\/www.monsieurhugo.com\/blog\/2019\/06\/19\/un-rapport-qui-veut-apaiser-les\/\" \/>\n<meta property=\"og:site_name\" content=\"Monsieur Hugo\" \/>\n<meta property=\"article:publisher\" content=\"https:\/\/www.facebook.com\/assistantmonsieurhugo\/\" \/>\n<meta property=\"article:published_time\" content=\"2019-06-19T07:30:00+00:00\" \/>\n<meta property=\"article:modified_time\" content=\"2026-01-20T14:42:57+00:00\" \/>\n<meta property=\"og:image\" content=\"https:\/\/www.monsieurhugo.com\/blog\/wp-content\/uploads\/2019\/06\/litige-locatif.jpeg\" \/>\n\t<meta property=\"og:image:width\" content=\"559\" \/>\n\t<meta property=\"og:image:height\" content=\"373\" \/>\n\t<meta property=\"og:image:type\" content=\"image\/jpeg\" \/>\n<meta name=\"author\" content=\"Bruno Cantegrel\" \/>\n<meta name=\"twitter:card\" content=\"summary_large_image\" \/>\n<meta name=\"twitter:creator\" content=\"@monsieurhugo_\" \/>\n<meta name=\"twitter:site\" content=\"@monsieurhugo_\" \/>\n<meta name=\"twitter:label1\" content=\"\u00c9crit par\" \/>\n\t<meta name=\"twitter:data1\" content=\"Bruno Cantegrel\" \/>\n\t<meta name=\"twitter:label2\" content=\"Dur\u00e9e de lecture estim\u00e9e\" \/>\n\t<meta name=\"twitter:data2\" content=\"4 minutes\" \/>\n<script type=\"application\/ld+json\" class=\"yoast-schema-graph\">{\"@context\":\"https:\\\/\\\/schema.org\",\"@graph\":[{\"@type\":\"Article\",\"@id\":\"https:\\\/\\\/www.monsieurhugo.com\\\/blog\\\/2019\\\/06\\\/19\\\/un-rapport-qui-veut-apaiser-les\\\/#article\",\"isPartOf\":{\"@id\":\"https:\\\/\\\/www.monsieurhugo.com\\\/blog\\\/2019\\\/06\\\/19\\\/un-rapport-qui-veut-apaiser-les\\\/\"},\"author\":{\"name\":\"Bruno Cantegrel\",\"@id\":\"https:\\\/\\\/www.monsieurhugo.com\\\/blog\\\/#\\\/schema\\\/person\\\/c46c67fabd9bedfa0ce7d1f4142116c3\"},\"headline\":\"Un rapport qui veut apaiser les tensions entre locataires et propri\u00e9taires ?\",\"datePublished\":\"2019-06-19T07:30:00+00:00\",\"dateModified\":\"2026-01-20T14:42:57+00:00\",\"mainEntityOfPage\":{\"@id\":\"https:\\\/\\\/www.monsieurhugo.com\\\/blog\\\/2019\\\/06\\\/19\\\/un-rapport-qui-veut-apaiser-les\\\/\"},\"wordCount\":795,\"publisher\":{\"@id\":\"https:\\\/\\\/www.monsieurhugo.com\\\/blog\\\/#organization\"},\"image\":{\"@id\":\"https:\\\/\\\/www.monsieurhugo.com\\\/blog\\\/2019\\\/06\\\/19\\\/un-rapport-qui-veut-apaiser-les\\\/#primaryimage\"},\"thumbnailUrl\":\"https:\\\/\\\/www.monsieurhugo.com\\\/blog\\\/wp-content\\\/uploads\\\/2019\\\/06\\\/litige-locatif.jpeg\",\"articleSection\":[\"Gestion locative\"],\"inLanguage\":\"fr-FR\"},{\"@type\":\"WebPage\",\"@id\":\"https:\\\/\\\/www.monsieurhugo.com\\\/blog\\\/2019\\\/06\\\/19\\\/un-rapport-qui-veut-apaiser-les\\\/\",\"url\":\"https:\\\/\\\/www.monsieurhugo.com\\\/blog\\\/2019\\\/06\\\/19\\\/un-rapport-qui-veut-apaiser-les\\\/\",\"name\":\"Un rapport qui veut apaiser les tensions entre locataires et propri\u00e9taires ? - Monsieur Hugo\",\"isPartOf\":{\"@id\":\"https:\\\/\\\/www.monsieurhugo.com\\\/blog\\\/#website\"},\"primaryImageOfPage\":{\"@id\":\"https:\\\/\\\/www.monsieurhugo.com\\\/blog\\\/2019\\\/06\\\/19\\\/un-rapport-qui-veut-apaiser-les\\\/#primaryimage\"},\"image\":{\"@id\":\"https:\\\/\\\/www.monsieurhugo.com\\\/blog\\\/2019\\\/06\\\/19\\\/un-rapport-qui-veut-apaiser-les\\\/#primaryimage\"},\"thumbnailUrl\":\"https:\\\/\\\/www.monsieurhugo.com\\\/blog\\\/wp-content\\\/uploads\\\/2019\\\/06\\\/litige-locatif.jpeg\",\"datePublished\":\"2019-06-19T07:30:00+00:00\",\"dateModified\":\"2026-01-20T14:42:57+00:00\",\"breadcrumb\":{\"@id\":\"https:\\\/\\\/www.monsieurhugo.com\\\/blog\\\/2019\\\/06\\\/19\\\/un-rapport-qui-veut-apaiser-les\\\/#breadcrumb\"},\"inLanguage\":\"fr-FR\",\"potentialAction\":[{\"@type\":\"ReadAction\",\"target\":[\"https:\\\/\\\/www.monsieurhugo.com\\\/blog\\\/2019\\\/06\\\/19\\\/un-rapport-qui-veut-apaiser-les\\\/\"]}]},{\"@type\":\"ImageObject\",\"inLanguage\":\"fr-FR\",\"@id\":\"https:\\\/\\\/www.monsieurhugo.com\\\/blog\\\/2019\\\/06\\\/19\\\/un-rapport-qui-veut-apaiser-les\\\/#primaryimage\",\"url\":\"https:\\\/\\\/www.monsieurhugo.com\\\/blog\\\/wp-content\\\/uploads\\\/2019\\\/06\\\/litige-locatif.jpeg\",\"contentUrl\":\"https:\\\/\\\/www.monsieurhugo.com\\\/blog\\\/wp-content\\\/uploads\\\/2019\\\/06\\\/litige-locatif.jpeg\",\"width\":559,\"height\":373},{\"@type\":\"BreadcrumbList\",\"@id\":\"https:\\\/\\\/www.monsieurhugo.com\\\/blog\\\/2019\\\/06\\\/19\\\/un-rapport-qui-veut-apaiser-les\\\/#breadcrumb\",\"itemListElement\":[{\"@type\":\"ListItem\",\"position\":1,\"name\":\"Logiciel Gestion Locative En Ligne\",\"item\":\"https:\\\/\\\/www.monsieurhugo.com\\\/blog\\\/\"},{\"@type\":\"ListItem\",\"position\":2,\"name\":\"Gestion locative\",\"item\":\"https:\\\/\\\/www.monsieurhugo.com\\\/blog\\\/category\\\/gestion-locative\\\/\"},{\"@type\":\"ListItem\",\"position\":3,\"name\":\"Un rapport qui veut apaiser les tensions entre locataires et propri\u00e9taires ?\"}]},{\"@type\":\"WebSite\",\"@id\":\"https:\\\/\\\/www.monsieurhugo.com\\\/blog\\\/#website\",\"url\":\"https:\\\/\\\/www.monsieurhugo.com\\\/blog\\\/\",\"name\":\"Monsieur Hugo\",\"description\":\"Votre logiciel de gestion locative\",\"publisher\":{\"@id\":\"https:\\\/\\\/www.monsieurhugo.com\\\/blog\\\/#organization\"},\"potentialAction\":[{\"@type\":\"SearchAction\",\"target\":{\"@type\":\"EntryPoint\",\"urlTemplate\":\"https:\\\/\\\/www.monsieurhugo.com\\\/blog\\\/?s={search_term_string}\"},\"query-input\":{\"@type\":\"PropertyValueSpecification\",\"valueRequired\":true,\"valueName\":\"search_term_string\"}}],\"inLanguage\":\"fr-FR\"},{\"@type\":\"Organization\",\"@id\":\"https:\\\/\\\/www.monsieurhugo.com\\\/blog\\\/#organization\",\"name\":\"Monsieur Hugo\",\"url\":\"https:\\\/\\\/www.monsieurhugo.com\\\/blog\\\/\",\"logo\":{\"@type\":\"ImageObject\",\"inLanguage\":\"fr-FR\",\"@id\":\"https:\\\/\\\/www.monsieurhugo.com\\\/blog\\\/#\\\/schema\\\/logo\\\/image\\\/\",\"url\":\"https:\\\/\\\/www.monsieurhugo.com\\\/blog\\\/wp-content\\\/uploads\\\/2020\\\/06\\\/Logotype-final-v2.png\",\"contentUrl\":\"https:\\\/\\\/www.monsieurhugo.com\\\/blog\\\/wp-content\\\/uploads\\\/2020\\\/06\\\/Logotype-final-v2.png\",\"width\":898,\"height\":234,\"caption\":\"Monsieur Hugo\"},\"image\":{\"@id\":\"https:\\\/\\\/www.monsieurhugo.com\\\/blog\\\/#\\\/schema\\\/logo\\\/image\\\/\"},\"sameAs\":[\"https:\\\/\\\/www.facebook.com\\\/assistantmonsieurhugo\\\/\",\"https:\\\/\\\/x.com\\\/monsieurhugo_\",\"https:\\\/\\\/www.linkedin.com\\\/company\\\/18421005\\\/\"]},{\"@type\":\"Person\",\"@id\":\"https:\\\/\\\/www.monsieurhugo.com\\\/blog\\\/#\\\/schema\\\/person\\\/c46c67fabd9bedfa0ce7d1f4142116c3\",\"name\":\"Bruno Cantegrel\",\"image\":{\"@type\":\"ImageObject\",\"inLanguage\":\"fr-FR\",\"@id\":\"https:\\\/\\\/secure.gravatar.com\\\/avatar\\\/627f29f4ef165adeb61765fbeaf70336b3653293cbe1ba89fccd189379833b3a?s=96&d=mm&r=g\",\"url\":\"https:\\\/\\\/secure.gravatar.com\\\/avatar\\\/627f29f4ef165adeb61765fbeaf70336b3653293cbe1ba89fccd189379833b3a?s=96&d=mm&r=g\",\"contentUrl\":\"https:\\\/\\\/secure.gravatar.com\\\/avatar\\\/627f29f4ef165adeb61765fbeaf70336b3653293cbe1ba89fccd189379833b3a?s=96&d=mm&r=g\",\"caption\":\"Bruno Cantegrel\"},\"description\":\"Fondateur de Monsieur Hugo, dipl\u00f4m\u00e9 d'un MBA \u00e0 l'EDHEC et professeur \u00e0 HEC Paris. Expert en investissement locatif avec plus de 20 ans d'exp\u00e9rience, il est l'auteur de l'ouvrage 'Trouver un locataire pour son logement' aux \u00e9ditions Studyrama\",\"sameAs\":[\"https:\\\/\\\/www.monsieurhugo.com\\\/blog\\\/a-propos\\\/\",\"https:\\\/\\\/www.linkedin.com\\\/in\\\/bruno-bruno-4336096\\\/\"],\"alumniOf\":[{\"@type\":\"Organization\",\"name\":\"EDHEC Business School\"},{\"@type\":\"Organization\",\"name\":\"HEC Paris\"}],\"knowsAbout\":[\"Gestion locative\",\"Investissement immobilier\",\"Droit immobilier\",\"Proptech\"]}]}<\/script>\n<!-- \/ Yoast SEO plugin. -->","yoast_head_json":{"title":"Un rapport qui veut apaiser les tensions entre locataires et propri\u00e9taires ? - Monsieur Hugo","robots":{"index":"index","follow":"follow","max-snippet":"max-snippet:-1","max-image-preview":"max-image-preview:large","max-video-preview":"max-video-preview:-1"},"canonical":"https:\/\/www.monsieurhugo.com\/blog\/2019\/06\/19\/un-rapport-qui-veut-apaiser-les\/","og_locale":"fr_FR","og_type":"article","og_title":"Un rapport qui veut apaiser les tensions entre locataires et propri\u00e9taires ? - Monsieur Hugo","og_description":"Dans un rapport pr\u00e9sent\u00e9 ce mardi 18 juin, un d\u00e9put\u00e9 de la majorit\u00e9 Micka\u00ebl Nogal a pr\u00e9sent\u00e9 un rapport avec 37 mesures pour apaiser les tensions entre les propri\u00e9taires et les locataires dans le parc locatif priv\u00e9.\u00a0 Parmi les mesures phares, le d\u00e9put\u00e9 propose de s\u2019attaquer au litige num\u00e9ro 1 de la relation locataires\/propri\u00e9taires : [&hellip;]","og_url":"https:\/\/www.monsieurhugo.com\/blog\/2019\/06\/19\/un-rapport-qui-veut-apaiser-les\/","og_site_name":"Monsieur Hugo","article_publisher":"https:\/\/www.facebook.com\/assistantmonsieurhugo\/","article_published_time":"2019-06-19T07:30:00+00:00","article_modified_time":"2026-01-20T14:42:57+00:00","og_image":[{"width":559,"height":373,"url":"https:\/\/www.monsieurhugo.com\/blog\/wp-content\/uploads\/2019\/06\/litige-locatif.jpeg","type":"image\/jpeg"}],"author":"Bruno Cantegrel","twitter_card":"summary_large_image","twitter_creator":"@monsieurhugo_","twitter_site":"@monsieurhugo_","twitter_misc":{"\u00c9crit par":"Bruno Cantegrel","Dur\u00e9e de lecture estim\u00e9e":"4 minutes"},"schema":{"@context":"https:\/\/schema.org","@graph":[{"@type":"Article","@id":"https:\/\/www.monsieurhugo.com\/blog\/2019\/06\/19\/un-rapport-qui-veut-apaiser-les\/#article","isPartOf":{"@id":"https:\/\/www.monsieurhugo.com\/blog\/2019\/06\/19\/un-rapport-qui-veut-apaiser-les\/"},"author":{"name":"Bruno Cantegrel","@id":"https:\/\/www.monsieurhugo.com\/blog\/#\/schema\/person\/c46c67fabd9bedfa0ce7d1f4142116c3"},"headline":"Un rapport qui veut apaiser les tensions entre locataires et propri\u00e9taires ?","datePublished":"2019-06-19T07:30:00+00:00","dateModified":"2026-01-20T14:42:57+00:00","mainEntityOfPage":{"@id":"https:\/\/www.monsieurhugo.com\/blog\/2019\/06\/19\/un-rapport-qui-veut-apaiser-les\/"},"wordCount":795,"publisher":{"@id":"https:\/\/www.monsieurhugo.com\/blog\/#organization"},"image":{"@id":"https:\/\/www.monsieurhugo.com\/blog\/2019\/06\/19\/un-rapport-qui-veut-apaiser-les\/#primaryimage"},"thumbnailUrl":"https:\/\/www.monsieurhugo.com\/blog\/wp-content\/uploads\/2019\/06\/litige-locatif.jpeg","articleSection":["Gestion locative"],"inLanguage":"fr-FR"},{"@type":"WebPage","@id":"https:\/\/www.monsieurhugo.com\/blog\/2019\/06\/19\/un-rapport-qui-veut-apaiser-les\/","url":"https:\/\/www.monsieurhugo.com\/blog\/2019\/06\/19\/un-rapport-qui-veut-apaiser-les\/","name":"Un rapport qui veut apaiser les tensions entre locataires et propri\u00e9taires ? - Monsieur Hugo","isPartOf":{"@id":"https:\/\/www.monsieurhugo.com\/blog\/#website"},"primaryImageOfPage":{"@id":"https:\/\/www.monsieurhugo.com\/blog\/2019\/06\/19\/un-rapport-qui-veut-apaiser-les\/#primaryimage"},"image":{"@id":"https:\/\/www.monsieurhugo.com\/blog\/2019\/06\/19\/un-rapport-qui-veut-apaiser-les\/#primaryimage"},"thumbnailUrl":"https:\/\/www.monsieurhugo.com\/blog\/wp-content\/uploads\/2019\/06\/litige-locatif.jpeg","datePublished":"2019-06-19T07:30:00+00:00","dateModified":"2026-01-20T14:42:57+00:00","breadcrumb":{"@id":"https:\/\/www.monsieurhugo.com\/blog\/2019\/06\/19\/un-rapport-qui-veut-apaiser-les\/#breadcrumb"},"inLanguage":"fr-FR","potentialAction":[{"@type":"ReadAction","target":["https:\/\/www.monsieurhugo.com\/blog\/2019\/06\/19\/un-rapport-qui-veut-apaiser-les\/"]}]},{"@type":"ImageObject","inLanguage":"fr-FR","@id":"https:\/\/www.monsieurhugo.com\/blog\/2019\/06\/19\/un-rapport-qui-veut-apaiser-les\/#primaryimage","url":"https:\/\/www.monsieurhugo.com\/blog\/wp-content\/uploads\/2019\/06\/litige-locatif.jpeg","contentUrl":"https:\/\/www.monsieurhugo.com\/blog\/wp-content\/uploads\/2019\/06\/litige-locatif.jpeg","width":559,"height":373},{"@type":"BreadcrumbList","@id":"https:\/\/www.monsieurhugo.com\/blog\/2019\/06\/19\/un-rapport-qui-veut-apaiser-les\/#breadcrumb","itemListElement":[{"@type":"ListItem","position":1,"name":"Logiciel Gestion Locative En Ligne","item":"https:\/\/www.monsieurhugo.com\/blog\/"},{"@type":"ListItem","position":2,"name":"Gestion locative","item":"https:\/\/www.monsieurhugo.com\/blog\/category\/gestion-locative\/"},{"@type":"ListItem","position":3,"name":"Un rapport qui veut apaiser les tensions entre locataires et propri\u00e9taires ?"}]},{"@type":"WebSite","@id":"https:\/\/www.monsieurhugo.com\/blog\/#website","url":"https:\/\/www.monsieurhugo.com\/blog\/","name":"Monsieur Hugo","description":"Votre logiciel de gestion locative","publisher":{"@id":"https:\/\/www.monsieurhugo.com\/blog\/#organization"},"potentialAction":[{"@type":"SearchAction","target":{"@type":"EntryPoint","urlTemplate":"https:\/\/www.monsieurhugo.com\/blog\/?s={search_term_string}"},"query-input":{"@type":"PropertyValueSpecification","valueRequired":true,"valueName":"search_term_string"}}],"inLanguage":"fr-FR"},{"@type":"Organization","@id":"https:\/\/www.monsieurhugo.com\/blog\/#organization","name":"Monsieur Hugo","url":"https:\/\/www.monsieurhugo.com\/blog\/","logo":{"@type":"ImageObject","inLanguage":"fr-FR","@id":"https:\/\/www.monsieurhugo.com\/blog\/#\/schema\/logo\/image\/","url":"https:\/\/www.monsieurhugo.com\/blog\/wp-content\/uploads\/2020\/06\/Logotype-final-v2.png","contentUrl":"https:\/\/www.monsieurhugo.com\/blog\/wp-content\/uploads\/2020\/06\/Logotype-final-v2.png","width":898,"height":234,"caption":"Monsieur Hugo"},"image":{"@id":"https:\/\/www.monsieurhugo.com\/blog\/#\/schema\/logo\/image\/"},"sameAs":["https:\/\/www.facebook.com\/assistantmonsieurhugo\/","https:\/\/x.com\/monsieurhugo_","https:\/\/www.linkedin.com\/company\/18421005\/"]},{"@type":"Person","@id":"https:\/\/www.monsieurhugo.com\/blog\/#\/schema\/person\/c46c67fabd9bedfa0ce7d1f4142116c3","name":"Bruno Cantegrel","image":{"@type":"ImageObject","inLanguage":"fr-FR","@id":"https:\/\/secure.gravatar.com\/avatar\/627f29f4ef165adeb61765fbeaf70336b3653293cbe1ba89fccd189379833b3a?s=96&d=mm&r=g","url":"https:\/\/secure.gravatar.com\/avatar\/627f29f4ef165adeb61765fbeaf70336b3653293cbe1ba89fccd189379833b3a?s=96&d=mm&r=g","contentUrl":"https:\/\/secure.gravatar.com\/avatar\/627f29f4ef165adeb61765fbeaf70336b3653293cbe1ba89fccd189379833b3a?s=96&d=mm&r=g","caption":"Bruno Cantegrel"},"description":"Fondateur de Monsieur Hugo, dipl\u00f4m\u00e9 d'un MBA \u00e0 l'EDHEC et professeur \u00e0 HEC Paris. Expert en investissement locatif avec plus de 20 ans d'exp\u00e9rience, il est l'auteur de l'ouvrage 'Trouver un locataire pour son logement' aux \u00e9ditions Studyrama","sameAs":["https:\/\/www.monsieurhugo.com\/blog\/a-propos\/","https:\/\/www.linkedin.com\/in\/bruno-bruno-4336096\/"],"alumniOf":[{"@type":"Organization","name":"EDHEC Business School"},{"@type":"Organization","name":"HEC Paris"}],"knowsAbout":["Gestion locative","Investissement immobilier","Droit immobilier","Proptech"]}]}},"_links":{"self":[{"href":"https:\/\/www.monsieurhugo.com\/blog\/wp-json\/wp\/v2\/posts\/351995","targetHints":{"allow":["GET"]}}],"collection":[{"href":"https:\/\/www.monsieurhugo.com\/blog\/wp-json\/wp\/v2\/posts"}],"about":[{"href":"https:\/\/www.monsieurhugo.com\/blog\/wp-json\/wp\/v2\/types\/post"}],"author":[{"embeddable":true,"href":"https:\/\/www.monsieurhugo.com\/blog\/wp-json\/wp\/v2\/users\/1"}],"replies":[{"embeddable":true,"href":"https:\/\/www.monsieurhugo.com\/blog\/wp-json\/wp\/v2\/comments?post=351995"}],"version-history":[{"count":1,"href":"https:\/\/www.monsieurhugo.com\/blog\/wp-json\/wp\/v2\/posts\/351995\/revisions"}],"predecessor-version":[{"id":355893,"href":"https:\/\/www.monsieurhugo.com\/blog\/wp-json\/wp\/v2\/posts\/351995\/revisions\/355893"}],"wp:featuredmedia":[{"embeddable":true,"href":"https:\/\/www.monsieurhugo.com\/blog\/wp-json\/wp\/v2\/media\/353337"}],"wp:attachment":[{"href":"https:\/\/www.monsieurhugo.com\/blog\/wp-json\/wp\/v2\/media?parent=351995"}],"wp:term":[{"taxonomy":"category","embeddable":true,"href":"https:\/\/www.monsieurhugo.com\/blog\/wp-json\/wp\/v2\/categories?post=351995"},{"taxonomy":"post_tag","embeddable":true,"href":"https:\/\/www.monsieurhugo.com\/blog\/wp-json\/wp\/v2\/tags?post=351995"}],"curies":[{"name":"wp","href":"https:\/\/api.w.org\/{rel}","templated":true}]}}