{"id":351955,"date":"2019-09-10T09:30:00","date_gmt":"2019-09-10T07:30:00","guid":{"rendered":""},"modified":"2026-01-20T15:42:53","modified_gmt":"2026-01-20T14:42:53","slug":"immobilier-les-prix-autour-de-63-gares","status":"publish","type":"post","link":"https:\/\/www.monsieurhugo.com\/blog\/2019\/09\/10\/immobilier-les-prix-autour-de-63-gares\/","title":{"rendered":"Immobilier : les prix autour de 63 gares du superm\u00e9tro du Grand Paris"},"content":{"rendered":"<p>[et_pb_section fb_built=\u00a0\u00bb1&Prime; _builder_version=\u00a0\u00bb3.22&Prime;][et_pb_row _builder_version=\u00a0\u00bb3.25&Prime; background_size=\u00a0\u00bbinitial\u00a0\u00bb background_position=\u00a0\u00bbtop_left\u00a0\u00bb background_repeat=\u00a0\u00bbrepeat\u00a0\u00bb][et_pb_column type=\u00a0\u00bb4_4&Prime; _builder_version=\u00a0\u00bb3.25&Prime; custom_padding=\u00a0\u00bb|||\u00a0\u00bb custom_padding__hover=\u00a0\u00bb|||\u00a0\u00bb][et_pb_text _builder_version=\u00a0\u00bb4.4.9&Prime; background_size=\u00a0\u00bbinitial\u00a0\u00bb background_position=\u00a0\u00bbtop_left\u00a0\u00bb background_repeat=\u00a0\u00bbrepeat\u00a0\u00bb hover_enabled=\u00a0\u00bb0&Prime; text_font_size=\u00a0\u00bb19px\u00a0\u00bb]<\/p>\n<h2 class=\"separator\"><span style=\"font-size: x-large;\"><span style=\"font-family: 'arial' , 'helvetica' , sans-serif;\">Le Grand Paris : qu&rsquo;est-ce-que c&rsquo;est ?<\/span><\/span><\/h2>\n<p><span style=\"font-size: large;\">En quelques chiffres, le Grand Paris c&rsquo;est :<\/span><\/p>\n<ul>\n<li><span style=\"font-size: large;\">1 projet urbain, social et \u00e9conomique, dont les fondements reposent sur la cr\u00e9ation d\u2019un nouveau r\u00e9seau de transports publics : le Grand Paris Express,<\/span><\/li>\n<li><span style=\"font-size: large;\">Un objectif de 70 000 logements neufs par an,<\/span><\/li>\n<li><span style=\"font-size: large;\">1 m\u00e9tro automatique en rocade autour de Paris,<\/span><\/li>\n<li><span style=\"font-size: large;\">Plus de 200 kilom\u00e8tres de r\u00e9seau, soit autant que le r\u00e9seau du m\u00e9tro parisien,<\/span><\/li>\n<li><span style=\"font-size: large;\">72 gares desservis, dont 57 nouvelles,<\/span><\/li>\n<li><span style=\"font-size: large;\">4 nouvelles lignes cr\u00e9\u00e9es,<\/span><\/li>\n<li><span style=\"font-size: large;\">2 millions de voyageurs qui emprunteront chaque jour ce nouveau r\u00e9seau,<\/span><\/li>\n<li><span style=\"font-size: large;\">Un investissement sans pr\u00e9c\u00e9dent de plus de 35 milliards d\u2019euros en 20 ans,<\/span><\/li>\n<li><span style=\"font-size: large;\">A long terme, apr\u00e8s la mise en service du r\u00e9seau, un gain d\u2019attractivit\u00e9 de l\u2019Ile-de-France qui\u00a0 pourrait cr\u00e9er de 115 000 \u00e0 315 000 emplois,<\/span><\/li>\n<li><span style=\"font-size: large;\">Un apport de 140 milliards d\u2019euros au PIB fran\u00e7ais selon la Chambre de Commerce et d\u2019Industrie d\u2019Ile-de-France.<\/span><\/li>\n<\/ul>\n<p><span style=\"font-size: large;\"><br \/> <\/span><span style=\"font-size: large;\">Le projet du Grand Paris est donc de transformer l\u2019agglom\u00e9ration parisienne en une grande m\u00e9tropole du XXI\u00e8me si\u00e8cle en axant les efforts sur :<\/span><\/p>\n<ul>\n<li><span style=\"font-size: large;\">l\u2019am\u00e9lioration du cadre de vie des habitants,\u00a0<\/span><\/li>\n<li><span style=\"font-size: large;\">la correction des in\u00e9galit\u00e9s territoriales,\u00a0<\/span><\/li>\n<li><span style=\"font-size: large;\">et la construction d\u2019une ville durable.<\/span><\/li>\n<\/ul>\n<p><span style=\"font-size: large;\">Pour cela, les transports et l&rsquo;habitat seront 2 axes majeurs.<\/span><\/p>\n<ul>\n<li><span style=\"font-size: large;\">L&rsquo;objectif en terme de transport est de relier plus rapidement les villes de banlieue en \u00e9vitant, comme c&rsquo;est le cas aujourd&rsquo;hui, de passer par Paris. Ce qui permettra un acc\u00e8s plus facile \u00e0 l&#8217;emploi, \u00e0 la culture, \u00e0 la sant\u00e9 et ouvrira la banlieue sur le reste de l&rsquo;Ile-de-France.<\/span><\/li>\n<\/ul>\n<p><span style=\"font-size: large;\"><br \/> <\/span><span style=\"font-size: large;\">La D\u00e9fense ne sera plus qu&rsquo;\u00e0 34 mn de l&rsquo;a\u00e9roport Charles-de-Gaulle, il ne faudra que 13 mn pour rejoindre Orly depuis Palaiseau contre une heure aujourd&rsquo;hui et Clichy-Montfermeil (Seine-Saint-Denis) sera enfin ouvert sur la r\u00e9gion, avec 20 mn pour relier Saint-Denis Pleyel contre une heure actuellement.<\/span><\/p>\n<p><span style=\"font-size: large;\">\u00a0<\/span><\/p>\n<ul>\n<li><span style=\"font-size: large;\">En terme d&rsquo;habitat, en 2030, date de mise en service de l&rsquo;ensemble des lignes du Grand Paris, l&rsquo;\u00cele-de-France devrait compter 12,8 millions d&rsquo;habitants, soit 672 000 de plus qu&rsquo;en 2017 (+ 5,5 %). Une population qu&rsquo;il faudra loger.<\/span><\/li>\n<\/ul>\n<p><span style=\"font-size: large;\">L&rsquo;objectif \u00e0 terme est la construction de 70 000 logements neufs par an pour faire face \u00e0 la crise de l\u2019habitat qui s\u00e9vit dans l\u2019agglom\u00e9ration. Seulement la moiti\u00e9 sort aujourd&rsquo;hui de terre.<\/span><\/p>\n<p><span style=\"font-size: large;\">Les futures gares du Grand Paris Express, identifi\u00e9es comme des lieux strat\u00e9giques du d\u00e9veloppement local, pourront notamment accueillir de nouveaux quartiers mixtes o\u00f9 logements, commerces, p\u00f4les universitaires et \u00e9quipements culturels se c\u00f4toieront.<\/span><\/p>\n<p><span style=\"font-size: large;\">Les acheteurs anticipent d\u00e9j\u00e0 l&rsquo;arriv\u00e9e du superm\u00e9tro. Dans le Val de Marne par exemple, les prix ont d\u00e9j\u00e0 commenc\u00e9 \u00e0 grimper<\/span><\/p>\n<p><span style=\"font-size: large;\">Ainsi, dans l&rsquo;ancien, plus les dates de mise en services sont proches, plus la pression sur les prix est forte.<\/span><\/p>\n<p><span style=\"font-size: large;\">La hausse, en 1 an, est ainsi plus \u00e9lev\u00e9e dans les villes qui accueilleront, \u00e0 l&rsquo;horizon mi-2024, la ligne 14 :<\/span><\/p>\n<ul>\n<li><span style=\"font-size: large;\">+ 5 % en un an au Kremlin-Bic\u00eatre,<\/span><\/li>\n<li><span style=\"font-size: large;\">+ 3 % \u00e0 Chevilly.<\/span><\/li>\n<\/ul>\n<p><span style=\"font-size: large;\">Elle est plus faible, pour le moment, dans les villes qui accueilleront la ligne 15 sud \u00e0 l&rsquo;horizon 2025 :\u00a0<\/span><\/p>\n<ul>\n<li><span style=\"font-size: large;\">+ 2,9 % \u00e0 Vitry,<\/span><\/li>\n<li><span style=\"font-size: large;\">+ 3,6 % \u00e0 Cachan,<\/span><\/li>\n<li><span style=\"font-size: large;\">+ 0,6 % \u00e0 Champigny-sur-Marne.<\/span><\/li>\n<\/ul>\n<p><span style=\"font-size: large;\">Mais attention, toutes les villes ne b\u00e9n\u00e9ficient pas (encore) de ce dynamisme.<\/span><\/p>\n<p><span style=\"font-size: large;\">Le magazine Capital a ainsi dress\u00e9 la liste des prix de l&rsquo;immobilier autour de 63 gares du Superm\u00e9tro.\u00a0 Retrouvez tous les prix <a href=\"https:\/\/www.capital.fr\/immobilier\/immobilier-voici-les-prix-autour-de-63-gares-du-supermetro-du-grand-paris-1349325\" target=\"_blank\" rel=\"noopener noreferrer\"><span style=\"color: blue;\"><u>ici<\/u><\/span><\/a>.<\/span><\/p>\n<p> <span style=\"font-size: large;\">Bon investissement,<\/span><\/p>\n<p><strong><span style=\"color: #006fad;\">Monsieur Hugo<\/span><\/strong>,<\/p>\n<p>Votre assistant personnel en gestion locative<\/p>\n<p><span style=\"font-size: large;\"><span style=\"font-family: 'arial' , 'helvetica' , sans-serif;\"><span style=\"font-size: large;\"><span style=\"color: black; font-family: 'arial' , 'helvetica' , sans-serif; font-size: large; font-style: normal; font-weight: 400; letter-spacing: normal; text-indent: 0px; text-transform: none; white-space: normal; word-spacing: 0px;\"><span style=\"font-family: 'arial' , 'helvetica' , sans-serif;\"><span style=\"font-family: 'arial' , 'helvetica' , sans-serif;\"><span style=\"font-size: large;\"><span style=\"font-family: 'arial' , 'helvetica' , sans-serif;\"><strong>Retrouvez-moi sur\u00a0<\/strong><a href=\"https:\/\/www.facebook.com\/assistantmonsieurhugo\" target=\"_blank\" rel=\"noopener noreferrer\"><span style=\"color: blue;\"><u>Facebook<\/u><\/span><\/a><\/span><\/span><\/span><\/span><\/span><\/span><\/span><\/span><\/p>\n<p><span style=\"font-size: large;\">Je vous sugg\u00e8re aussi :<br \/> &gt;\u00a0<a href=\"https:\/\/www.monsieurhugo.com\/blog\/2018\/07\/quelles-sont-les-reparations-locatives.html\" target=\"_blank\" rel=\"noopener noreferrer\"><span style=\"color: blue;\"><u>Quelles sont les r\u00e9parations locatives \u00e0 la charge de votre locataire ?<\/u><\/span><\/a><\/span><\/p>\n<p><span style=\"font-family: 'arial' , 'helvetica' , sans-serif;\"><span style=\"font-size: large;\">&gt;\u00a0<\/span><\/span><span style=\"font-size: large;\"><a href=\"https:\/\/www.monsieurhugo.com\/blog\/2018\/01\/etat-des-lieux-modele-a-telecharger.html\" target=\"_blank\" rel=\"noopener noreferrer\"><span style=\"font-family: 'arial' , 'helvetica' , sans-serif; font-size: large;\"><span style=\"color: blue;\"><u>Tout savoir sur l&rsquo;\u00e9tat des lieux (mod\u00e8le d&rsquo;\u00e9tat des lieux \u00e0 t\u00e9l\u00e9charger)<\/u><\/span><\/span><\/a><\/span><span style=\"font-size: large;\">\u00a0<\/span><\/p>\n<p><span style=\"font-size: large;\">&gt;\u00a0<a href=\"https:\/\/www.monsieurhugo.com\/blog\/2018\/03\/comment-garantir-ses-loyers.html\" target=\"_blank\" rel=\"noopener noreferrer\"><span style=\"color: blue;\"><u>Comment garantir vos loyers ? (acte de caution solidaire \u00e0 t\u00e9l\u00e9charger)<\/u><\/span><\/a><\/span><\/p>\n<p>[\/et_pb_text][\/et_pb_column][\/et_pb_row][\/et_pb_section]<\/p>\n","protected":false},"excerpt":{"rendered":"<p>Le Grand Paris : qu&rsquo;est-ce-que c&rsquo;est ? En quelques chiffres, le Grand Paris c&rsquo;est : 1 projet urbain, social et \u00e9conomique, dont les fondements reposent sur la cr\u00e9ation d\u2019un nouveau r\u00e9seau de transports publics : le Grand Paris Express, Un objectif de 70 000 logements neufs par an, 1 m\u00e9tro automatique en rocade autour de [&hellip;]<\/p>\n","protected":false},"author":1,"featured_media":352679,"comment_status":"closed","ping_status":"closed","sticky":false,"template":"","format":"standard","meta":{"_acf_changed":false,"_et_pb_use_builder":"on","_et_pb_old_content":"<p class=\"separator\"><img src=\"https:\/\/1.bp.blogspot.com\/-qmBuB9uTQpM\/XXd2qf2-05I\/AAAAAAAAAmM\/JnBUU27IR7wegnqchnYqhr1vXCYPIfLyACLcBGAs\/s1600\/Monsieur%2BHugo%2B-%2BGestion%2Blocative.jpg\" \/><\/p><h2>\u00a0<\/h2><h2><span style=\"font-size: x-large;\"><span style=\"font-family: 'arial' , 'helvetica' , sans-serif;\">Le Grand Paris : qu'est-ce-que c'est ?<\/span><\/span><\/h2><p><span style=\"font-size: large;\">En quelques chiffres, le Grand Paris c'est :<\/span><\/p><ul><li><span style=\"font-size: large;\">1 projet urbain, social et \u00e9conomique, dont les fondements reposent sur la cr\u00e9ation d\u2019un nouveau r\u00e9seau de transports publics : le Grand Paris Express,<\/span><\/li><li><span style=\"font-size: large;\">Un objectif de 70 000 logements neufs par an,<\/span><\/li><li><span style=\"font-size: large;\">1 m\u00e9tro automatique en rocade autour de Paris,<\/span><\/li><li><span style=\"font-size: large;\">Plus de 200 kilom\u00e8tres de r\u00e9seau, soit autant que le r\u00e9seau du m\u00e9tro parisien,<\/span><\/li><li><span style=\"font-size: large;\">72 gares desservis, dont 57 nouvelles,<\/span><\/li><li><span style=\"font-size: large;\">4 nouvelles lignes cr\u00e9\u00e9es,<\/span><\/li><li><span style=\"font-size: large;\">2 millions de voyageurs qui emprunteront chaque jour ce nouveau r\u00e9seau,<\/span><\/li><li><span style=\"font-size: large;\">Un investissement sans pr\u00e9c\u00e9dent de plus de 35 milliards d\u2019euros en 20 ans,<\/span><\/li><li><span style=\"font-size: large;\">A long terme, apr\u00e8s la mise en service du r\u00e9seau, un gain d\u2019attractivit\u00e9 de l\u2019Ile-de-France qui\u00a0 pourrait cr\u00e9er de 115 000 \u00e0 315 000 emplois,<\/span><\/li><li><span style=\"font-size: large;\">Un apport de 140 milliards d\u2019euros au PIB fran\u00e7ais selon la Chambre de Commerce et d\u2019Industrie d\u2019Ile-de-France.<\/span><\/li><\/ul><p><span style=\"font-size: large;\"><br \/><\/span><br \/><span style=\"font-size: large;\">Le projet du Grand Paris est donc de transformer l\u2019agglom\u00e9ration parisienne en une grande m\u00e9tropole du XXI\u00e8me si\u00e8cle en axant les efforts sur :<\/span><\/p><ul><li><span style=\"font-size: large;\">l\u2019am\u00e9lioration du cadre de vie des habitants,\u00a0<\/span><\/li><li><span style=\"font-size: large;\">la correction des in\u00e9galit\u00e9s territoriales,\u00a0<\/span><\/li><li><span style=\"font-size: large;\">et la construction d\u2019une ville durable.<\/span><\/li><\/ul><p><span style=\"font-size: large;\">Pour cela, les transports et l'habitat seront 2 axes majeurs.<\/span><\/p><ul><li><span style=\"font-size: large;\">L'objectif en terme de transport est de relier plus rapidement les villes de banlieue en \u00e9vitant, comme c'est le cas aujourd'hui, de passer par Paris. Ce qui permettra un acc\u00e8s plus facile \u00e0 l'emploi, \u00e0 la culture, \u00e0 la sant\u00e9 et ouvrira la banlieue sur le reste de l'Ile-de-France.<\/span><\/li><\/ul><p><span style=\"font-size: large;\"><br \/><\/span><br \/><span style=\"font-size: large;\">La D\u00e9fense ne sera plus qu'\u00e0 34 mn de l'a\u00e9roport Charles-de-Gaulle, il ne faudra que 13 mn pour rejoindre Orly depuis Palaiseau contre une heure aujourd'hui et Clichy-Montfermeil (Seine-Saint-Denis) sera enfin ouvert sur la r\u00e9gion, avec 20 mn pour relier Saint-Denis Pleyel contre une heure actuellement.<\/span><\/p><p><span style=\"font-size: large;\">\u00a0<\/span><\/p><ul><li><span style=\"font-size: large;\">En terme d'habitat, en 2030, date de mise en service de l'ensemble des lignes du Grand Paris, l'\u00cele-de-France devrait compter 12,8 millions d'habitants, soit 672 000 de plus qu'en 2017 (+ 5,5 %). Une population qu'il faudra loger.<\/span><\/li><\/ul><p><span style=\"font-size: large;\">L'objectif \u00e0 terme est la construction de 70 000 logements neufs par an pour faire face \u00e0 la crise de l\u2019habitat qui s\u00e9vit dans l\u2019agglom\u00e9ration. Seulement la moiti\u00e9 sort aujourd'hui de terre.<\/span><\/p><p><span style=\"font-size: large;\">Les futures gares du Grand Paris Express, identifi\u00e9es comme des lieux strat\u00e9giques du d\u00e9veloppement local, pourront notamment accueillir de nouveaux quartiers mixtes o\u00f9 logements, commerces, p\u00f4les universitaires et \u00e9quipements culturels se c\u00f4toieront.<\/span><\/p><p><span style=\"font-size: large;\">Les acheteurs anticipent d\u00e9j\u00e0 l'arriv\u00e9e du superm\u00e9tro. Dans le Val de Marne par exemple, les prix ont d\u00e9j\u00e0 commenc\u00e9 \u00e0 grimper<\/span><\/p><p><span style=\"font-size: large;\">Ainsi, dans l'ancien, plus les dates de mise en services sont proches, plus la pression sur les prix est forte.<\/span><\/p><p><span style=\"font-size: large;\">La hausse, en 1 an, est ainsi plus \u00e9lev\u00e9e dans les villes qui accueilleront, \u00e0 l'horizon mi-2024, la ligne 14 :<\/span><\/p><ul><li><span style=\"font-size: large;\">+ 5 % en un an au Kremlin-Bic\u00eatre,<\/span><\/li><li><span style=\"font-size: large;\">+ 3 % \u00e0 Chevilly.<\/span><\/li><\/ul><p><span style=\"font-size: large;\">Elle est plus faible, pour le moment, dans les villes qui accueilleront la ligne 15 sud \u00e0 l'horizon 2025 :\u00a0<\/span><\/p><ul><li><span style=\"font-size: large;\">+ 2,9 % \u00e0 Vitry,<\/span><\/li><li><span style=\"font-size: large;\">+ 3,6 % \u00e0 Cachan,<\/span><\/li><li><span style=\"font-size: large;\">+ 0,6 % \u00e0 Champigny-sur-Marne.<\/span><\/li><\/ul><p>\u00a0<\/p><p><span style=\"font-size: large;\">Mais attention, toutes les villes ne b\u00e9n\u00e9ficient pas (encore) de ce dynamisme.<\/span><\/p><p><span style=\"font-size: large;\">Le magazine Capital a ainsi dress\u00e9 la liste des prix de l'immobilier autour de 63 gares du Superm\u00e9tro.\u00a0 Retrouvez tous les prix <a href=\"https:\/\/www.capital.fr\/immobilier\/immobilier-voici-les-prix-autour-de-63-gares-du-supermetro-du-grand-paris-1349325\" target=\"_blank\" rel=\"noopener noreferrer\"><span style=\"color: blue;\"><u>ici<\/u><\/span><\/a>.<\/span><\/p><p><span style=\"font-size: large;\"><br \/><\/span><br \/><span style=\"font-size: large;\">Bon investissement,<\/span><\/p><p><strong><span style=\"color: #006fad;\">Monsieur Hugo<\/span><\/strong>,<\/p><p>Votre assistant personnel en gestion locative<\/p><p><span style=\"font-size: large;\"><span style=\"font-family: 'arial' , 'helvetica' , sans-serif;\"><span style=\"font-size: large;\"><span style=\"color: black; display: inline; float: none; font-family: 'arial' , 'helvetica' , sans-serif; font-size: large;\">Inscrivez-vous d\u00e8s maintenant \u00e0 ma\u00a0<\/span><a href=\"https:\/\/www.monsieurhugo.com\/blog\/p\/blog-page.html\" target=\"_blank\" rel=\"noopener noreferrer\"><span style=\"color: blue;\"><u><strong>NEWSLETTER<\/strong><\/u><\/span><\/a><span style=\"color: black; display: inline; float: none; font-family: 'arial' , 'helvetica' , sans-serif; font-size: large;\">, pour tout savoir sur la\u00a0<strong>gestion locative en ligne<\/strong>, b\u00e9n\u00e9ficier de conseils et\u00a0<\/span><span style=\"color: black; font-family: 'arial' , 'helvetica' , sans-serif; font-size: large; font-style: normal; font-weight: 400; letter-spacing: normal; text-indent: 0px; text-transform: none; white-space: normal; word-spacing: 0px;\">\u00eatre averti<span style=\"font-family: 'arial' , 'helvetica' , sans-serif;\">s des \u00e9volutions importantes pour louer en toute s\u00e9curit\u00e9.<\/span><\/span><\/span><\/span><\/span><\/p><p><span style=\"font-size: large;\"><span style=\"font-family: 'arial' , 'helvetica' , sans-serif;\"><span style=\"font-size: large;\"><span style=\"color: black; font-family: 'arial' , 'helvetica' , sans-serif; font-size: large; font-style: normal; font-weight: 400; letter-spacing: normal; text-indent: 0px; text-transform: none; white-space: normal; word-spacing: 0px;\"><span style=\"font-family: 'arial' , 'helvetica' , sans-serif;\"><span style=\"font-family: 'arial' , 'helvetica' , sans-serif;\"><span style=\"font-size: large;\"><span style=\"font-family: 'arial' , 'helvetica' , sans-serif;\"><strong>Retrouvez-moi sur\u00a0<\/strong><a href=\"https:\/\/www.facebook.com\/assistantmonsieurhugo\" target=\"_blank\" rel=\"noopener noreferrer\"><span style=\"color: blue;\"><u>Facebook<\/u><\/span><\/a><\/span><\/span><\/span><\/span><\/span><\/span><\/span><\/span><\/p><p><span style=\"font-size: large;\">Je vous sugg\u00e8re aussi :<br \/>>\u00a0<a href=\"https:\/\/www.monsieurhugo.com\/blog\/2018\/07\/quelles-sont-les-reparations-locatives.html\" target=\"_blank\" rel=\"noopener noreferrer\"><span style=\"color: blue;\"><u>Quelles sont les r\u00e9parations locatives \u00e0 la charge de votre locataire ?<\/u><\/span><\/a><\/span><\/p><p><span style=\"font-family: 'arial' , 'helvetica' , sans-serif;\"><span style=\"font-size: large;\">>\u00a0<\/span><\/span><span style=\"font-size: large;\"><a href=\"https:\/\/www.monsieurhugo.com\/blog\/2018\/01\/etat-des-lieux-modele-a-telecharger.html\" target=\"_blank\" rel=\"noopener noreferrer\"><span style=\"font-family: 'arial' , 'helvetica' , sans-serif; font-size: large;\"><span style=\"color: blue;\"><u>Tout savoir sur l'\u00e9tat des lieux (mod\u00e8le d'\u00e9tat des lieux \u00e0 t\u00e9l\u00e9charger)<\/u><\/span><\/span><\/a><\/span><span style=\"font-size: large;\">\u00a0<\/span><\/p><p><span style=\"font-size: large;\">>\u00a0<a href=\"https:\/\/www.monsieurhugo.com\/blog\/2018\/03\/comment-garantir-ses-loyers.html\" target=\"_blank\" rel=\"noopener noreferrer\"><span style=\"color: blue;\"><u>Comment garantir vos loyers ? (acte de caution solidaire \u00e0 t\u00e9l\u00e9charger)<\/u><\/span><\/a><\/span><\/p>","_et_gb_content_width":"","footnotes":""},"categories":[51],"tags":[],"class_list":["post-351955","post","type-post","status-publish","format-standard","has-post-thumbnail","hentry","category-investissement"],"acf":[],"yoast_head":"<!-- This site is optimized with the Yoast SEO plugin v27.5 - https:\/\/yoast.com\/product\/yoast-seo-wordpress\/ -->\n<title>Immobilier : les prix autour de 63 gares du superm\u00e9tro du Grand Paris - Monsieur Hugo<\/title>\n<meta name=\"robots\" content=\"index, follow, max-snippet:-1, max-image-preview:large, max-video-preview:-1\" \/>\n<link rel=\"canonical\" href=\"https:\/\/www.monsieurhugo.com\/blog\/2019\/09\/10\/immobilier-les-prix-autour-de-63-gares\/\" \/>\n<meta property=\"og:locale\" content=\"fr_FR\" \/>\n<meta property=\"og:type\" content=\"article\" \/>\n<meta property=\"og:title\" content=\"Immobilier : les prix autour de 63 gares du superm\u00e9tro du Grand Paris - Monsieur Hugo\" \/>\n<meta property=\"og:description\" content=\"Le Grand Paris : qu&#039;est-ce-que c&#039;est ? En quelques chiffres, le Grand Paris c&#039;est : 1 projet urbain, social et \u00e9conomique, dont les fondements reposent sur la cr\u00e9ation d\u2019un nouveau r\u00e9seau de transports publics : le Grand Paris Express, Un objectif de 70 000 logements neufs par an, 1 m\u00e9tro automatique en rocade autour de [&hellip;]\" \/>\n<meta property=\"og:url\" content=\"https:\/\/www.monsieurhugo.com\/blog\/2019\/09\/10\/immobilier-les-prix-autour-de-63-gares\/\" \/>\n<meta property=\"og:site_name\" content=\"Monsieur Hugo\" \/>\n<meta property=\"article:publisher\" content=\"https:\/\/www.facebook.com\/assistantmonsieurhugo\/\" \/>\n<meta property=\"article:published_time\" content=\"2019-09-10T07:30:00+00:00\" \/>\n<meta property=\"article:modified_time\" content=\"2026-01-20T14:42:53+00:00\" \/>\n<meta property=\"og:image\" content=\"https:\/\/www.monsieurhugo.com\/blog\/wp-content\/uploads\/2019\/09\/Logo_grand_paris.png\" \/>\n\t<meta property=\"og:image:width\" content=\"2577\" \/>\n\t<meta property=\"og:image:height\" content=\"1520\" \/>\n\t<meta property=\"og:image:type\" content=\"image\/png\" \/>\n<meta name=\"author\" content=\"Bruno Cantegrel\" \/>\n<meta name=\"twitter:card\" content=\"summary_large_image\" \/>\n<meta name=\"twitter:creator\" content=\"@monsieurhugo_\" \/>\n<meta name=\"twitter:site\" content=\"@monsieurhugo_\" \/>\n<meta name=\"twitter:label1\" content=\"\u00c9crit par\" \/>\n\t<meta name=\"twitter:data1\" content=\"Bruno Cantegrel\" \/>\n\t<meta name=\"twitter:label2\" content=\"Dur\u00e9e de lecture estim\u00e9e\" \/>\n\t<meta name=\"twitter:data2\" content=\"3 minutes\" \/>\n<script type=\"application\/ld+json\" class=\"yoast-schema-graph\">{\"@context\":\"https:\\\/\\\/schema.org\",\"@graph\":[{\"@type\":\"Article\",\"@id\":\"https:\\\/\\\/www.monsieurhugo.com\\\/blog\\\/2019\\\/09\\\/10\\\/immobilier-les-prix-autour-de-63-gares\\\/#article\",\"isPartOf\":{\"@id\":\"https:\\\/\\\/www.monsieurhugo.com\\\/blog\\\/2019\\\/09\\\/10\\\/immobilier-les-prix-autour-de-63-gares\\\/\"},\"author\":{\"name\":\"Bruno Cantegrel\",\"@id\":\"https:\\\/\\\/www.monsieurhugo.com\\\/blog\\\/#\\\/schema\\\/person\\\/c46c67fabd9bedfa0ce7d1f4142116c3\"},\"headline\":\"Immobilier : les prix autour de 63 gares du superm\u00e9tro du Grand Paris\",\"datePublished\":\"2019-09-10T07:30:00+00:00\",\"dateModified\":\"2026-01-20T14:42:53+00:00\",\"mainEntityOfPage\":{\"@id\":\"https:\\\/\\\/www.monsieurhugo.com\\\/blog\\\/2019\\\/09\\\/10\\\/immobilier-les-prix-autour-de-63-gares\\\/\"},\"wordCount\":685,\"publisher\":{\"@id\":\"https:\\\/\\\/www.monsieurhugo.com\\\/blog\\\/#organization\"},\"image\":{\"@id\":\"https:\\\/\\\/www.monsieurhugo.com\\\/blog\\\/2019\\\/09\\\/10\\\/immobilier-les-prix-autour-de-63-gares\\\/#primaryimage\"},\"thumbnailUrl\":\"https:\\\/\\\/www.monsieurhugo.com\\\/blog\\\/wp-content\\\/uploads\\\/2019\\\/09\\\/Logo_grand_paris.png\",\"articleSection\":[\"Investissement\"],\"inLanguage\":\"fr-FR\"},{\"@type\":\"WebPage\",\"@id\":\"https:\\\/\\\/www.monsieurhugo.com\\\/blog\\\/2019\\\/09\\\/10\\\/immobilier-les-prix-autour-de-63-gares\\\/\",\"url\":\"https:\\\/\\\/www.monsieurhugo.com\\\/blog\\\/2019\\\/09\\\/10\\\/immobilier-les-prix-autour-de-63-gares\\\/\",\"name\":\"Immobilier : les prix autour de 63 gares du superm\u00e9tro du Grand Paris - Monsieur Hugo\",\"isPartOf\":{\"@id\":\"https:\\\/\\\/www.monsieurhugo.com\\\/blog\\\/#website\"},\"primaryImageOfPage\":{\"@id\":\"https:\\\/\\\/www.monsieurhugo.com\\\/blog\\\/2019\\\/09\\\/10\\\/immobilier-les-prix-autour-de-63-gares\\\/#primaryimage\"},\"image\":{\"@id\":\"https:\\\/\\\/www.monsieurhugo.com\\\/blog\\\/2019\\\/09\\\/10\\\/immobilier-les-prix-autour-de-63-gares\\\/#primaryimage\"},\"thumbnailUrl\":\"https:\\\/\\\/www.monsieurhugo.com\\\/blog\\\/wp-content\\\/uploads\\\/2019\\\/09\\\/Logo_grand_paris.png\",\"datePublished\":\"2019-09-10T07:30:00+00:00\",\"dateModified\":\"2026-01-20T14:42:53+00:00\",\"breadcrumb\":{\"@id\":\"https:\\\/\\\/www.monsieurhugo.com\\\/blog\\\/2019\\\/09\\\/10\\\/immobilier-les-prix-autour-de-63-gares\\\/#breadcrumb\"},\"inLanguage\":\"fr-FR\",\"potentialAction\":[{\"@type\":\"ReadAction\",\"target\":[\"https:\\\/\\\/www.monsieurhugo.com\\\/blog\\\/2019\\\/09\\\/10\\\/immobilier-les-prix-autour-de-63-gares\\\/\"]}]},{\"@type\":\"ImageObject\",\"inLanguage\":\"fr-FR\",\"@id\":\"https:\\\/\\\/www.monsieurhugo.com\\\/blog\\\/2019\\\/09\\\/10\\\/immobilier-les-prix-autour-de-63-gares\\\/#primaryimage\",\"url\":\"https:\\\/\\\/www.monsieurhugo.com\\\/blog\\\/wp-content\\\/uploads\\\/2019\\\/09\\\/Logo_grand_paris.png\",\"contentUrl\":\"https:\\\/\\\/www.monsieurhugo.com\\\/blog\\\/wp-content\\\/uploads\\\/2019\\\/09\\\/Logo_grand_paris.png\",\"width\":2577,\"height\":1520},{\"@type\":\"BreadcrumbList\",\"@id\":\"https:\\\/\\\/www.monsieurhugo.com\\\/blog\\\/2019\\\/09\\\/10\\\/immobilier-les-prix-autour-de-63-gares\\\/#breadcrumb\",\"itemListElement\":[{\"@type\":\"ListItem\",\"position\":1,\"name\":\"Logiciel Gestion Locative En Ligne\",\"item\":\"https:\\\/\\\/www.monsieurhugo.com\\\/blog\\\/\"},{\"@type\":\"ListItem\",\"position\":2,\"name\":\"Investissement\",\"item\":\"https:\\\/\\\/www.monsieurhugo.com\\\/blog\\\/category\\\/investissement\\\/\"},{\"@type\":\"ListItem\",\"position\":3,\"name\":\"Immobilier : les prix autour de 63 gares du superm\u00e9tro du Grand Paris\"}]},{\"@type\":\"WebSite\",\"@id\":\"https:\\\/\\\/www.monsieurhugo.com\\\/blog\\\/#website\",\"url\":\"https:\\\/\\\/www.monsieurhugo.com\\\/blog\\\/\",\"name\":\"Monsieur Hugo\",\"description\":\"Votre logiciel de gestion locative\",\"publisher\":{\"@id\":\"https:\\\/\\\/www.monsieurhugo.com\\\/blog\\\/#organization\"},\"potentialAction\":[{\"@type\":\"SearchAction\",\"target\":{\"@type\":\"EntryPoint\",\"urlTemplate\":\"https:\\\/\\\/www.monsieurhugo.com\\\/blog\\\/?s={search_term_string}\"},\"query-input\":{\"@type\":\"PropertyValueSpecification\",\"valueRequired\":true,\"valueName\":\"search_term_string\"}}],\"inLanguage\":\"fr-FR\"},{\"@type\":\"Organization\",\"@id\":\"https:\\\/\\\/www.monsieurhugo.com\\\/blog\\\/#organization\",\"name\":\"Monsieur Hugo\",\"url\":\"https:\\\/\\\/www.monsieurhugo.com\\\/blog\\\/\",\"logo\":{\"@type\":\"ImageObject\",\"inLanguage\":\"fr-FR\",\"@id\":\"https:\\\/\\\/www.monsieurhugo.com\\\/blog\\\/#\\\/schema\\\/logo\\\/image\\\/\",\"url\":\"https:\\\/\\\/www.monsieurhugo.com\\\/blog\\\/wp-content\\\/uploads\\\/2020\\\/06\\\/Logotype-final-v2.png\",\"contentUrl\":\"https:\\\/\\\/www.monsieurhugo.com\\\/blog\\\/wp-content\\\/uploads\\\/2020\\\/06\\\/Logotype-final-v2.png\",\"width\":898,\"height\":234,\"caption\":\"Monsieur Hugo\"},\"image\":{\"@id\":\"https:\\\/\\\/www.monsieurhugo.com\\\/blog\\\/#\\\/schema\\\/logo\\\/image\\\/\"},\"sameAs\":[\"https:\\\/\\\/www.facebook.com\\\/assistantmonsieurhugo\\\/\",\"https:\\\/\\\/x.com\\\/monsieurhugo_\",\"https:\\\/\\\/www.linkedin.com\\\/company\\\/18421005\\\/\"]},{\"@type\":\"Person\",\"@id\":\"https:\\\/\\\/www.monsieurhugo.com\\\/blog\\\/#\\\/schema\\\/person\\\/c46c67fabd9bedfa0ce7d1f4142116c3\",\"name\":\"Bruno Cantegrel\",\"image\":{\"@type\":\"ImageObject\",\"inLanguage\":\"fr-FR\",\"@id\":\"https:\\\/\\\/secure.gravatar.com\\\/avatar\\\/627f29f4ef165adeb61765fbeaf70336b3653293cbe1ba89fccd189379833b3a?s=96&d=mm&r=g\",\"url\":\"https:\\\/\\\/secure.gravatar.com\\\/avatar\\\/627f29f4ef165adeb61765fbeaf70336b3653293cbe1ba89fccd189379833b3a?s=96&d=mm&r=g\",\"contentUrl\":\"https:\\\/\\\/secure.gravatar.com\\\/avatar\\\/627f29f4ef165adeb61765fbeaf70336b3653293cbe1ba89fccd189379833b3a?s=96&d=mm&r=g\",\"caption\":\"Bruno Cantegrel\"},\"description\":\"Je suis le CEO et le fondateur de Monsieur Hugo : le 1er assistant personnel en gestion locative\u00a0des propri\u00e9taires malins. J'ai maintenant plus de 15 ans d'exp\u00e9rience en investissement et gestion locative.\",\"sameAs\":[\"https:\\\/\\\/www.monsieurhugo.com\\\/blog\\\/a-propos\\\/\",\"https:\\\/\\\/www.linkedin.com\\\/in\\\/bruno-bruno-4336096\\\/\"]}]}<\/script>\n<!-- \/ Yoast SEO plugin. -->","yoast_head_json":{"title":"Immobilier : les prix autour de 63 gares du superm\u00e9tro du Grand Paris - Monsieur Hugo","robots":{"index":"index","follow":"follow","max-snippet":"max-snippet:-1","max-image-preview":"max-image-preview:large","max-video-preview":"max-video-preview:-1"},"canonical":"https:\/\/www.monsieurhugo.com\/blog\/2019\/09\/10\/immobilier-les-prix-autour-de-63-gares\/","og_locale":"fr_FR","og_type":"article","og_title":"Immobilier : les prix autour de 63 gares du superm\u00e9tro du Grand Paris - Monsieur Hugo","og_description":"Le Grand Paris : qu'est-ce-que c'est ? En quelques chiffres, le Grand Paris c'est : 1 projet urbain, social et \u00e9conomique, dont les fondements reposent sur la cr\u00e9ation d\u2019un nouveau r\u00e9seau de transports publics : le Grand Paris Express, Un objectif de 70 000 logements neufs par an, 1 m\u00e9tro automatique en rocade autour de [&hellip;]","og_url":"https:\/\/www.monsieurhugo.com\/blog\/2019\/09\/10\/immobilier-les-prix-autour-de-63-gares\/","og_site_name":"Monsieur Hugo","article_publisher":"https:\/\/www.facebook.com\/assistantmonsieurhugo\/","article_published_time":"2019-09-10T07:30:00+00:00","article_modified_time":"2026-01-20T14:42:53+00:00","og_image":[{"width":2577,"height":1520,"url":"https:\/\/www.monsieurhugo.com\/blog\/wp-content\/uploads\/2019\/09\/Logo_grand_paris.png","type":"image\/png"}],"author":"Bruno Cantegrel","twitter_card":"summary_large_image","twitter_creator":"@monsieurhugo_","twitter_site":"@monsieurhugo_","twitter_misc":{"\u00c9crit par":"Bruno Cantegrel","Dur\u00e9e de lecture estim\u00e9e":"3 minutes"},"schema":{"@context":"https:\/\/schema.org","@graph":[{"@type":"Article","@id":"https:\/\/www.monsieurhugo.com\/blog\/2019\/09\/10\/immobilier-les-prix-autour-de-63-gares\/#article","isPartOf":{"@id":"https:\/\/www.monsieurhugo.com\/blog\/2019\/09\/10\/immobilier-les-prix-autour-de-63-gares\/"},"author":{"name":"Bruno Cantegrel","@id":"https:\/\/www.monsieurhugo.com\/blog\/#\/schema\/person\/c46c67fabd9bedfa0ce7d1f4142116c3"},"headline":"Immobilier : les prix autour de 63 gares du superm\u00e9tro du Grand Paris","datePublished":"2019-09-10T07:30:00+00:00","dateModified":"2026-01-20T14:42:53+00:00","mainEntityOfPage":{"@id":"https:\/\/www.monsieurhugo.com\/blog\/2019\/09\/10\/immobilier-les-prix-autour-de-63-gares\/"},"wordCount":685,"publisher":{"@id":"https:\/\/www.monsieurhugo.com\/blog\/#organization"},"image":{"@id":"https:\/\/www.monsieurhugo.com\/blog\/2019\/09\/10\/immobilier-les-prix-autour-de-63-gares\/#primaryimage"},"thumbnailUrl":"https:\/\/www.monsieurhugo.com\/blog\/wp-content\/uploads\/2019\/09\/Logo_grand_paris.png","articleSection":["Investissement"],"inLanguage":"fr-FR"},{"@type":"WebPage","@id":"https:\/\/www.monsieurhugo.com\/blog\/2019\/09\/10\/immobilier-les-prix-autour-de-63-gares\/","url":"https:\/\/www.monsieurhugo.com\/blog\/2019\/09\/10\/immobilier-les-prix-autour-de-63-gares\/","name":"Immobilier : les prix autour de 63 gares du superm\u00e9tro du Grand Paris - Monsieur Hugo","isPartOf":{"@id":"https:\/\/www.monsieurhugo.com\/blog\/#website"},"primaryImageOfPage":{"@id":"https:\/\/www.monsieurhugo.com\/blog\/2019\/09\/10\/immobilier-les-prix-autour-de-63-gares\/#primaryimage"},"image":{"@id":"https:\/\/www.monsieurhugo.com\/blog\/2019\/09\/10\/immobilier-les-prix-autour-de-63-gares\/#primaryimage"},"thumbnailUrl":"https:\/\/www.monsieurhugo.com\/blog\/wp-content\/uploads\/2019\/09\/Logo_grand_paris.png","datePublished":"2019-09-10T07:30:00+00:00","dateModified":"2026-01-20T14:42:53+00:00","breadcrumb":{"@id":"https:\/\/www.monsieurhugo.com\/blog\/2019\/09\/10\/immobilier-les-prix-autour-de-63-gares\/#breadcrumb"},"inLanguage":"fr-FR","potentialAction":[{"@type":"ReadAction","target":["https:\/\/www.monsieurhugo.com\/blog\/2019\/09\/10\/immobilier-les-prix-autour-de-63-gares\/"]}]},{"@type":"ImageObject","inLanguage":"fr-FR","@id":"https:\/\/www.monsieurhugo.com\/blog\/2019\/09\/10\/immobilier-les-prix-autour-de-63-gares\/#primaryimage","url":"https:\/\/www.monsieurhugo.com\/blog\/wp-content\/uploads\/2019\/09\/Logo_grand_paris.png","contentUrl":"https:\/\/www.monsieurhugo.com\/blog\/wp-content\/uploads\/2019\/09\/Logo_grand_paris.png","width":2577,"height":1520},{"@type":"BreadcrumbList","@id":"https:\/\/www.monsieurhugo.com\/blog\/2019\/09\/10\/immobilier-les-prix-autour-de-63-gares\/#breadcrumb","itemListElement":[{"@type":"ListItem","position":1,"name":"Logiciel Gestion Locative En Ligne","item":"https:\/\/www.monsieurhugo.com\/blog\/"},{"@type":"ListItem","position":2,"name":"Investissement","item":"https:\/\/www.monsieurhugo.com\/blog\/category\/investissement\/"},{"@type":"ListItem","position":3,"name":"Immobilier : les prix autour de 63 gares du superm\u00e9tro du Grand Paris"}]},{"@type":"WebSite","@id":"https:\/\/www.monsieurhugo.com\/blog\/#website","url":"https:\/\/www.monsieurhugo.com\/blog\/","name":"Monsieur Hugo","description":"Votre logiciel de gestion locative","publisher":{"@id":"https:\/\/www.monsieurhugo.com\/blog\/#organization"},"potentialAction":[{"@type":"SearchAction","target":{"@type":"EntryPoint","urlTemplate":"https:\/\/www.monsieurhugo.com\/blog\/?s={search_term_string}"},"query-input":{"@type":"PropertyValueSpecification","valueRequired":true,"valueName":"search_term_string"}}],"inLanguage":"fr-FR"},{"@type":"Organization","@id":"https:\/\/www.monsieurhugo.com\/blog\/#organization","name":"Monsieur Hugo","url":"https:\/\/www.monsieurhugo.com\/blog\/","logo":{"@type":"ImageObject","inLanguage":"fr-FR","@id":"https:\/\/www.monsieurhugo.com\/blog\/#\/schema\/logo\/image\/","url":"https:\/\/www.monsieurhugo.com\/blog\/wp-content\/uploads\/2020\/06\/Logotype-final-v2.png","contentUrl":"https:\/\/www.monsieurhugo.com\/blog\/wp-content\/uploads\/2020\/06\/Logotype-final-v2.png","width":898,"height":234,"caption":"Monsieur Hugo"},"image":{"@id":"https:\/\/www.monsieurhugo.com\/blog\/#\/schema\/logo\/image\/"},"sameAs":["https:\/\/www.facebook.com\/assistantmonsieurhugo\/","https:\/\/x.com\/monsieurhugo_","https:\/\/www.linkedin.com\/company\/18421005\/"]},{"@type":"Person","@id":"https:\/\/www.monsieurhugo.com\/blog\/#\/schema\/person\/c46c67fabd9bedfa0ce7d1f4142116c3","name":"Bruno Cantegrel","image":{"@type":"ImageObject","inLanguage":"fr-FR","@id":"https:\/\/secure.gravatar.com\/avatar\/627f29f4ef165adeb61765fbeaf70336b3653293cbe1ba89fccd189379833b3a?s=96&d=mm&r=g","url":"https:\/\/secure.gravatar.com\/avatar\/627f29f4ef165adeb61765fbeaf70336b3653293cbe1ba89fccd189379833b3a?s=96&d=mm&r=g","contentUrl":"https:\/\/secure.gravatar.com\/avatar\/627f29f4ef165adeb61765fbeaf70336b3653293cbe1ba89fccd189379833b3a?s=96&d=mm&r=g","caption":"Bruno Cantegrel"},"description":"Je suis le CEO et le fondateur de Monsieur Hugo : le 1er assistant personnel en gestion locative\u00a0des propri\u00e9taires malins. J'ai maintenant plus de 15 ans d'exp\u00e9rience en investissement et gestion locative.","sameAs":["https:\/\/www.monsieurhugo.com\/blog\/a-propos\/","https:\/\/www.linkedin.com\/in\/bruno-bruno-4336096\/"]}]}},"_links":{"self":[{"href":"https:\/\/www.monsieurhugo.com\/blog\/wp-json\/wp\/v2\/posts\/351955","targetHints":{"allow":["GET"]}}],"collection":[{"href":"https:\/\/www.monsieurhugo.com\/blog\/wp-json\/wp\/v2\/posts"}],"about":[{"href":"https:\/\/www.monsieurhugo.com\/blog\/wp-json\/wp\/v2\/types\/post"}],"author":[{"embeddable":true,"href":"https:\/\/www.monsieurhugo.com\/blog\/wp-json\/wp\/v2\/users\/1"}],"replies":[{"embeddable":true,"href":"https:\/\/www.monsieurhugo.com\/blog\/wp-json\/wp\/v2\/comments?post=351955"}],"version-history":[{"count":1,"href":"https:\/\/www.monsieurhugo.com\/blog\/wp-json\/wp\/v2\/posts\/351955\/revisions"}],"predecessor-version":[{"id":355880,"href":"https:\/\/www.monsieurhugo.com\/blog\/wp-json\/wp\/v2\/posts\/351955\/revisions\/355880"}],"wp:featuredmedia":[{"embeddable":true,"href":"https:\/\/www.monsieurhugo.com\/blog\/wp-json\/wp\/v2\/media\/352679"}],"wp:attachment":[{"href":"https:\/\/www.monsieurhugo.com\/blog\/wp-json\/wp\/v2\/media?parent=351955"}],"wp:term":[{"taxonomy":"category","embeddable":true,"href":"https:\/\/www.monsieurhugo.com\/blog\/wp-json\/wp\/v2\/categories?post=351955"},{"taxonomy":"post_tag","embeddable":true,"href":"https:\/\/www.monsieurhugo.com\/blog\/wp-json\/wp\/v2\/tags?post=351955"}],"curies":[{"name":"wp","href":"https:\/\/api.w.org\/{rel}","templated":true}]}}