{"id":351326,"date":"2019-12-27T09:30:00","date_gmt":"2019-12-27T08:30:00","guid":{"rendered":"https:\/\/www.blog.monsieurhugo.com\/2019\/12\/27\/pourquoi-est-il-risque-de-sous-louer\/"},"modified":"2026-01-20T15:42:45","modified_gmt":"2026-01-20T14:42:45","slug":"pourquoi-est-il-risque-de-sous-louer","status":"publish","type":"post","link":"https:\/\/www.monsieurhugo.com\/blog\/2019\/12\/27\/pourquoi-est-il-risque-de-sous-louer\/","title":{"rendered":"Pourquoi est-il risqu\u00e9 de sous-louer son appartement sur AirBnb ?"},"content":{"rendered":"<p>[et_pb_section fb_built=\u00a0\u00bb1&Prime; _builder_version=\u00a0\u00bb3.22&Prime;][et_pb_row _builder_version=\u00a0\u00bb3.25&Prime; background_size=\u00a0\u00bbinitial\u00a0\u00bb background_position=\u00a0\u00bbtop_left\u00a0\u00bb background_repeat=\u00a0\u00bbrepeat\u00a0\u00bb][et_pb_column type=\u00a0\u00bb4_4&Prime; _builder_version=\u00a0\u00bb3.25&Prime; custom_padding=\u00a0\u00bb|||\u00a0\u00bb custom_padding__hover=\u00a0\u00bb|||\u00a0\u00bb][et_pb_text _builder_version=\u00a0\u00bb4.4.9&Prime; background_size=\u00a0\u00bbinitial\u00a0\u00bb background_position=\u00a0\u00bbtop_left\u00a0\u00bb background_repeat=\u00a0\u00bbrepeat\u00a0\u00bb]<\/p>\n<h2><span style=\"color: #006fad;\"><span style=\"font-family: 'arial' , 'helvetica' , sans-serif;\"><span style=\"font-size: x-large;\">Attention \u00e0 la sous location ill\u00e9gale !<\/span><\/span><\/span><\/h2>\n<p><span style=\"font-family: 'arial' , 'helvetica' , sans-serif; font-size: large;\">Si vous \u00eates locataire et que vous faites de la location courte dur\u00e9e, cette d\u00e9cision judiciaire pourrait vous concerner !!!<\/span><\/p>\n<p>La Cour de Cassation vient en date du 12 septembre 2019, de condamner des locataires \u00e0 rembourser \u00e0 leur propri\u00e9taire des sommes qu&rsquo;ils ont per\u00e7ues lors de sous-locations.<\/p>\n<p>La Cour a ainsi rejet\u00e9 le pourvoi de locataires qui l&rsquo;avait saisie apr\u00e8s avoir \u00e9t\u00e9 condamn\u00e9 par la Cour d&rsquo;Appel \u00e0 rembourser les loyers per\u00e7us dans le cadre d\u2019une sous-location ill\u00e9gale.<\/p>\n<blockquote class=\"tr_bq\">\n<p><span style=\"font-family: 'arial' , 'helvetica' , sans-serif; font-size: large;\">Selon la Cour de cassation \u00absauf lorsque la sous-location a \u00e9t\u00e9 autoris\u00e9e par le bailleur, les sous-loyers per\u00e7us par le preneur constituent des fruits civils qui appartiennent par accession au propri\u00e9taire\u00bb. Elle ajoute : \u00ab ayant relev\u00e9 que les locataires avaient sous-lou\u00e9 l\u2019appartement pendant plusieurs ann\u00e9es sans l\u2019accord du bailleur, la cour d\u2019appel en a d\u00e9duit, \u00e0 bon droit, nonobstant l\u2019inopposabilit\u00e9 de la sous-location au bailleur, que les sommes per\u00e7ues \u00e0 ce titre devaient lui \u00eatre rembours\u00e9es \u00bb.<\/span><\/p>\n<\/blockquote>\n<p><span style=\"font-family: 'arial' , 'helvetica' , sans-serif; font-size: large;\"><br \/> <a href=\"https:\/\/www.courdecassation.fr\/jurisprudence_2\/troisieme_chambre_civile_572\/745_12_43550.html\" target=\"_blank\" rel=\"noopener noreferrer\"><span style=\"color: blue;\"><u>Arr\u00eat n\u00b0745 du 12 septembre 2019<\/u><\/span><\/a> (18-20.727) &#8211; Cour de cassation &#8211; Troisi\u00e8me chambre civile<\/span><\/p>\n<div><span style=\"font-family: 'arial' , 'helvetica' , sans-serif; font-size: large;\">\u00a0<\/span><\/div>\n<div><\/div>\n<div><\/div>\n<div><span style=\"font-family: 'arial' , 'helvetica' , sans-serif; font-size: large;\">Les affaires en cours vont donc profiter de cette jurisprudence&#8230;<\/span><\/div>\n<div><span style=\"font-family: 'arial' , 'helvetica' , sans-serif; font-size: large;\"><\/span><\/div>\n<div><span style=\"font-family: 'arial' , 'helvetica' , sans-serif; font-size: large;\">Donc sans autorisation : pas de sous-location !<\/span><\/div>\n<div><span style=\"font-family: 'arial' , 'helvetica' , sans-serif; font-size: large;\"><\/span><\/div>\n<div><span style=\"font-family: 'arial' , 'helvetica' , sans-serif; font-size: large;\">Bonne location,<\/span><\/div>\n<div>\n<div style=\"text-align: justify;\"><b><span style=\"font-family: 'arial' , 'helvetica' , sans-serif; font-size: large;\"><span style=\"color: #006fad;\">Monsieur Hugo<\/span><\/span><\/b><br \/> <span style=\"font-family: 'arial' , 'helvetica' , sans-serif; font-size: large;\">Votre assistant personnel en gestion locative.<\/span><\/div>\n<div style=\"text-align: justify;\"><span style=\"font-family: 'arial' , 'helvetica' , sans-serif; font-size: large;\"> <span style=\"font-family: 'arial' , 'helvetica' , sans-serif;\"><span style=\"font-size: large;\"><b>Restons en conta<\/b><span style=\"font-family: 'arial' , 'helvetica' , sans-serif;\"><b>ct !<\/b><\/span><\/span><\/span><\/span><\/div>\n<div style=\"text-align: justify;\"><\/div>\n<div style=\"text-align: justify;\"><\/div>\n<div style=\"text-align: justify;\"><span style=\"font-family: 'arial' , 'helvetica' , sans-serif; font-size: large;\"><span style=\"font-family: 'arial' , 'helvetica' , sans-serif;\"><span style=\"font-size: large;\"><span style=\"font-family: 'arial' , 'helvetica' , sans-serif;\"><b>Retrouvez-moi sur<\/b> <a href=\"https:\/\/www.facebook.com\/assistantmonsieurhugo\" target=\"_blank\" rel=\"noopener noreferrer\"><span style=\"color: blue;\"><u>Facebook<\/u><\/span><\/a><\/span><u> <\/u><\/span><\/span><\/span><\/div>\n<div style=\"text-align: justify;\"><span style=\"font-family: 'arial' , 'helvetica' , sans-serif; font-size: large;\">\u00a0<\/span>\u00a0<\/div>\n<div style=\"text-align: justify;\"><span style=\"font-family: 'arial' , 'helvetica' , sans-serif; font-size: large;\">Je vous sugg\u00e8re aussi :<\/span>\u00a0<\/div>\n<div style=\"text-align: justify;\"><span style=\"font-family: 'arial' , 'helvetica' , sans-serif;\"><span style=\"font-size: large;\">&gt; <a href=\"http:\/\/www.monsieurhugo.com\/blog\/2018\/01\/guide-de-la-gestion-locative-monsieur-hugo.html\" target=\"_blank\" rel=\"noopener noreferrer\"><span style=\"color: blue;\"><u>Ce que vous devez savoir pour g\u00e9rer seul votre bien<\/u><\/span><\/a><\/span><\/span><\/div>\n<div style=\"text-align: justify;\"><span style=\"font-family: 'arial' , 'helvetica' , sans-serif;\"><span style=\"font-size: large;\">&gt; <a href=\"https:\/\/www.monsieurhugo.com\/blog\/2018\/03\/comment-donner-conge-au-locataire-dune.html\" target=\"_blank\" rel=\"noopener noreferrer\"><span style=\"color: blue;\"><u>En savoir plus sur le cong\u00e9 \u00e0 l&rsquo;initiative du bailleur<\/u><\/span><\/a><\/span><\/span><\/div>\n<\/div>\n<p>[\/et_pb_text][\/et_pb_column][\/et_pb_row][\/et_pb_section]<\/p>\n","protected":false},"excerpt":{"rendered":"<p>Attention \u00e0 la sous location ill\u00e9gale ! Si vous \u00eates locataire et que vous faites de la location courte dur\u00e9e, cette d\u00e9cision judiciaire pourrait vous concerner !!! La Cour de Cassation vient en date du 12 septembre 2019, de condamner des locataires \u00e0 rembourser \u00e0 leur propri\u00e9taire des sommes qu&rsquo;ils ont per\u00e7ues lors de sous-locations. [&hellip;]<\/p>\n","protected":false},"author":1,"featured_media":351327,"comment_status":"closed","ping_status":"closed","sticky":false,"template":"","format":"standard","meta":{"_acf_changed":false,"_et_pb_use_builder":"on","_et_pb_old_content":"<div class=\"separator\" style=\"clear: both; text-align: center;\">\u00a0<\/div><div class=\"separator\" style=\"clear: both; text-align: center;\"><img src=\"https:\/\/www.monsieurhugo.com\/blog\/wp-content\/uploads\/2019\/12\/airbnb.jpg\" width=\"320\" height=\"160\" border=\"0\" data-original-height=\"375\" data-original-width=\"750\" \/><\/div><h2><span style=\"color: #006fad;\"><span style=\"font-family: 'arial' , 'helvetica' , sans-serif;\"><span style=\"font-size: x-large;\">Attention \u00e0 la sous location ill\u00e9gale !<\/span><\/span><\/span><\/h2><p><span style=\"font-family: 'arial' , 'helvetica' , sans-serif; font-size: large;\">Si vous \u00eates locataire et que vous faites de la location courte dur\u00e9e, cette d\u00e9cision judiciaire pourrait vous concerner !!!<\/span><\/p><p>La Cour de Cassation vient en date du 12 septembre 2019, de condamner des locataires \u00e0 rembourser \u00e0 leur propri\u00e9taire des sommes qu'ils ont per\u00e7ues lors de sous-locations.<\/p><p>La Cour a ainsi rejet\u00e9 le pourvoi de locataires qui l'avait saisie apr\u00e8s avoir \u00e9t\u00e9 condamn\u00e9 par la Cour d'Appel \u00e0 rembourser les loyers per\u00e7us dans le cadre d\u2019une sous-location ill\u00e9gale.<\/p><blockquote class=\"tr_bq\"><p><span style=\"font-family: 'arial' , 'helvetica' , sans-serif; font-size: large;\">Selon la Cour de cassation \u00absauf lorsque la sous-location a \u00e9t\u00e9 autoris\u00e9e par le bailleur, les sous-loyers per\u00e7us par le preneur constituent des fruits civils qui appartiennent par accession au propri\u00e9taire\u00bb. Elle ajoute : \u00ab ayant relev\u00e9 que les locataires avaient sous-lou\u00e9 l\u2019appartement pendant plusieurs ann\u00e9es sans l\u2019accord du bailleur, la cour d\u2019appel en a d\u00e9duit, \u00e0 bon droit, nonobstant l\u2019inopposabilit\u00e9 de la sous-location au bailleur, que les sommes per\u00e7ues \u00e0 ce titre devaient lui \u00eatre rembours\u00e9es \u00bb.<\/span><\/p><\/blockquote><p><span style=\"font-family: 'arial' , 'helvetica' , sans-serif; font-size: large;\"><br \/><a href=\"https:\/\/www.courdecassation.fr\/jurisprudence_2\/troisieme_chambre_civile_572\/745_12_43550.html\" target=\"_blank\" rel=\"noopener noreferrer\"><span style=\"color: blue;\"><u>Arr\u00eat n\u00b0745 du 12 septembre 2019<\/u><\/span><\/a> (18-20.727) - Cour de cassation - Troisi\u00e8me chambre civile<\/span><\/p><div><span style=\"font-family: 'arial' , 'helvetica' , sans-serif; font-size: large;\">\u00a0<\/span><\/div><div>\u00a0<\/div><div>\u00a0<\/div><div><span style=\"font-family: 'arial' , 'helvetica' , sans-serif; font-size: large;\">Les affaires en cours vont donc profiter de cette jurisprudence...Donc sans autorisation : pas de sous-location !<\/span><p><span style=\"font-family: 'arial' , 'helvetica' , sans-serif; font-size: large;\">Bonne location,<\/span><\/p><\/div><div><div style=\"text-align: justify;\"><b><span style=\"font-family: 'arial' , 'helvetica' , sans-serif; font-size: large;\"><span style=\"color: #006fad;\">Monsieur Hugo<\/span><\/span><\/b><br \/><span style=\"font-family: 'arial' , 'helvetica' , sans-serif; font-size: large;\">Votre assistant personnel en gestion locative.<\/span><\/div><div style=\"text-align: justify;\"><span style=\"font-family: 'arial' , 'helvetica' , sans-serif; font-size: large;\"> <span style=\"font-family: 'arial' , 'helvetica' , sans-serif;\"><span style=\"font-size: large;\"><b>Restons en conta<\/b><span style=\"font-family: 'arial' , 'helvetica' , sans-serif;\"><b>ct !<\/b><\/span><\/span><\/span><\/span><\/div><div style=\"text-align: justify;\">\u00a0<\/div><div style=\"text-align: justify;\"><span style=\"font-family: 'arial' , 'helvetica' , sans-serif; font-size: large;\"><span style=\"font-family: 'arial' , 'helvetica' , sans-serif;\"><b><span style=\"font-family: 'arial' , 'helvetica' , sans-serif;\">Inscrive<span style=\"font-family: 'arial' , 'helvetica' , sans-serif;\">z-vous \u00e0 <span style=\"font-family: 'arial' , 'helvetica' , sans-serif;\">ma <span style=\"font-family: 'arial' , 'helvetica' , sans-serif;\">NEWSLETTER <\/span><\/span><\/span><\/span><\/b><\/span><\/span><span style=\"font-size: large;\"><span style=\"font-family: 'arial' , 'helvetica' , sans-serif;\"><span style=\"font-family: 'arial' , 'helvetica' , sans-serif;\">pour <span style=\"font-family: 'arial' , 'helvetica' , sans-serif;\">recevoir<\/span> les dernie<span style=\"font-family: 'arial' , 'helvetica' , sans-serif;\">rs docu<span style=\"font-family: 'arial' , 'helvetica' , sans-serif;\">ments contractu<span style=\"font-family: 'arial' , 'helvetica' , sans-serif;\">els \u00e0 jour (bail, \u00e9tat des lieux, mod\u00e8les de lettres, acte de ca<span style=\"font-family: 'arial' , 'helvetica' , sans-serif;\">ution<\/span>...), je les mets \u00e0 jour r\u00e9guli\u00e8rement en fonction des \u00e9volution<span style=\"font-family: 'arial' , 'helvetica' , sans-serif;\">s r\u00e9glementaires.<\/span><\/span><\/span><\/span><\/span><\/span><\/span><b> <\/b><\/div><div style=\"text-align: justify;\">\u00a0<\/div><div style=\"text-align: justify;\"><span style=\"font-family: 'arial' , 'helvetica' , sans-serif; font-size: large;\"><span style=\"font-family: 'arial' , 'helvetica' , sans-serif;\"><span style=\"font-size: large;\"><span style=\"font-family: 'arial' , 'helvetica' , sans-serif;\"><b>Retrouvez-moi sur<\/b> <a href=\"https:\/\/www.facebook.com\/assistantmonsieurhugo\" target=\"_blank\" rel=\"noopener noreferrer\"><span style=\"color: blue;\"><u>Facebook<\/u><\/span><\/a><\/span><u> <\/u><\/span><\/span><\/span><\/div><div style=\"text-align: justify;\"><span style=\"font-family: 'arial' , 'helvetica' , sans-serif; font-size: large;\">\u00a0<\/span><\/div><p>\u00a0<\/p><div style=\"text-align: justify;\"><span style=\"font-family: 'arial' , 'helvetica' , sans-serif; font-size: large;\">Je vous sugg\u00e8re aussi :<\/span><\/div><p>\u00a0<\/p><div style=\"text-align: justify;\"><span style=\"font-family: 'arial' , 'helvetica' , sans-serif;\"><span style=\"font-size: large;\">> <a href=\"http:\/\/www.monsieurhugo.com\/blog\/2018\/01\/guide-de-la-gestion-locative-monsieur-hugo.html\" target=\"_blank\" rel=\"noopener noreferrer\"><span style=\"color: blue;\"><u>Ce que vous devez savoir pour g\u00e9rer seul votre bien<\/u><\/span><\/a><\/span><\/span><\/div><div style=\"text-align: justify;\"><span style=\"font-family: 'arial' , 'helvetica' , sans-serif;\"><span style=\"font-size: large;\">> <a href=\"https:\/\/www.monsieurhugo.com\/blog\/2018\/03\/comment-donner-conge-au-locataire-dune.html\" target=\"_blank\" rel=\"noopener noreferrer\"><span style=\"color: blue;\"><u>En savoir plus sur le cong\u00e9 \u00e0 l'initiative du bailleur<\/u><\/span><\/a><\/span><\/span><\/div><\/div>","_et_gb_content_width":"","footnotes":""},"categories":[49],"tags":[],"class_list":["post-351326","post","type-post","status-publish","format-standard","has-post-thumbnail","hentry","category-location-saisonniere"],"acf":[],"yoast_head":"<!-- This site is optimized with the Yoast SEO plugin v27.5 - https:\/\/yoast.com\/product\/yoast-seo-wordpress\/ -->\n<title>Pourquoi est-il risqu\u00e9 de sous-louer son appartement sur AirBnb ? - Monsieur Hugo<\/title>\n<meta name=\"robots\" content=\"index, follow, max-snippet:-1, max-image-preview:large, max-video-preview:-1\" \/>\n<link rel=\"canonical\" href=\"https:\/\/www.monsieurhugo.com\/blog\/2019\/12\/27\/pourquoi-est-il-risque-de-sous-louer\/\" \/>\n<meta property=\"og:locale\" content=\"fr_FR\" \/>\n<meta property=\"og:type\" content=\"article\" \/>\n<meta property=\"og:title\" content=\"Pourquoi est-il risqu\u00e9 de sous-louer son appartement sur AirBnb ? - Monsieur Hugo\" \/>\n<meta property=\"og:description\" content=\"Attention \u00e0 la sous location ill\u00e9gale ! Si vous \u00eates locataire et que vous faites de la location courte dur\u00e9e, cette d\u00e9cision judiciaire pourrait vous concerner !!! La Cour de Cassation vient en date du 12 septembre 2019, de condamner des locataires \u00e0 rembourser \u00e0 leur propri\u00e9taire des sommes qu&#039;ils ont per\u00e7ues lors de sous-locations. [&hellip;]\" \/>\n<meta property=\"og:url\" content=\"https:\/\/www.monsieurhugo.com\/blog\/2019\/12\/27\/pourquoi-est-il-risque-de-sous-louer\/\" \/>\n<meta property=\"og:site_name\" content=\"Monsieur Hugo\" \/>\n<meta property=\"article:publisher\" content=\"https:\/\/www.facebook.com\/assistantmonsieurhugo\/\" \/>\n<meta property=\"article:published_time\" content=\"2019-12-27T08:30:00+00:00\" \/>\n<meta property=\"article:modified_time\" content=\"2026-01-20T14:42:45+00:00\" \/>\n<meta property=\"og:image\" content=\"https:\/\/www.monsieurhugo.com\/blog\/wp-content\/uploads\/2019\/12\/airbnb.jpg\" \/>\n\t<meta property=\"og:image:width\" content=\"750\" \/>\n\t<meta property=\"og:image:height\" content=\"375\" \/>\n\t<meta property=\"og:image:type\" content=\"image\/jpeg\" \/>\n<meta name=\"author\" content=\"Bruno Cantegrel\" \/>\n<meta name=\"twitter:card\" content=\"summary_large_image\" \/>\n<meta name=\"twitter:creator\" content=\"@monsieurhugo_\" \/>\n<meta name=\"twitter:site\" content=\"@monsieurhugo_\" \/>\n<meta name=\"twitter:label1\" content=\"\u00c9crit par\" \/>\n\t<meta name=\"twitter:data1\" content=\"Bruno Cantegrel\" \/>\n\t<meta name=\"twitter:label2\" content=\"Dur\u00e9e de lecture estim\u00e9e\" \/>\n\t<meta name=\"twitter:data2\" content=\"2 minutes\" \/>\n<script type=\"application\/ld+json\" class=\"yoast-schema-graph\">{\"@context\":\"https:\\\/\\\/schema.org\",\"@graph\":[{\"@type\":\"Article\",\"@id\":\"https:\\\/\\\/www.monsieurhugo.com\\\/blog\\\/2019\\\/12\\\/27\\\/pourquoi-est-il-risque-de-sous-louer\\\/#article\",\"isPartOf\":{\"@id\":\"https:\\\/\\\/www.monsieurhugo.com\\\/blog\\\/2019\\\/12\\\/27\\\/pourquoi-est-il-risque-de-sous-louer\\\/\"},\"author\":{\"name\":\"Bruno Cantegrel\",\"@id\":\"https:\\\/\\\/www.monsieurhugo.com\\\/blog\\\/#\\\/schema\\\/person\\\/c46c67fabd9bedfa0ce7d1f4142116c3\"},\"headline\":\"Pourquoi est-il risqu\u00e9 de sous-louer son appartement sur AirBnb ?\",\"datePublished\":\"2019-12-27T08:30:00+00:00\",\"dateModified\":\"2026-01-20T14:42:45+00:00\",\"mainEntityOfPage\":{\"@id\":\"https:\\\/\\\/www.monsieurhugo.com\\\/blog\\\/2019\\\/12\\\/27\\\/pourquoi-est-il-risque-de-sous-louer\\\/\"},\"wordCount\":319,\"publisher\":{\"@id\":\"https:\\\/\\\/www.monsieurhugo.com\\\/blog\\\/#organization\"},\"image\":{\"@id\":\"https:\\\/\\\/www.monsieurhugo.com\\\/blog\\\/2019\\\/12\\\/27\\\/pourquoi-est-il-risque-de-sous-louer\\\/#primaryimage\"},\"thumbnailUrl\":\"https:\\\/\\\/www.monsieurhugo.com\\\/blog\\\/wp-content\\\/uploads\\\/2019\\\/12\\\/airbnb.jpg\",\"articleSection\":[\"location saisonni\u00e8re\"],\"inLanguage\":\"fr-FR\"},{\"@type\":\"WebPage\",\"@id\":\"https:\\\/\\\/www.monsieurhugo.com\\\/blog\\\/2019\\\/12\\\/27\\\/pourquoi-est-il-risque-de-sous-louer\\\/\",\"url\":\"https:\\\/\\\/www.monsieurhugo.com\\\/blog\\\/2019\\\/12\\\/27\\\/pourquoi-est-il-risque-de-sous-louer\\\/\",\"name\":\"Pourquoi est-il risqu\u00e9 de sous-louer son appartement sur AirBnb ? - Monsieur Hugo\",\"isPartOf\":{\"@id\":\"https:\\\/\\\/www.monsieurhugo.com\\\/blog\\\/#website\"},\"primaryImageOfPage\":{\"@id\":\"https:\\\/\\\/www.monsieurhugo.com\\\/blog\\\/2019\\\/12\\\/27\\\/pourquoi-est-il-risque-de-sous-louer\\\/#primaryimage\"},\"image\":{\"@id\":\"https:\\\/\\\/www.monsieurhugo.com\\\/blog\\\/2019\\\/12\\\/27\\\/pourquoi-est-il-risque-de-sous-louer\\\/#primaryimage\"},\"thumbnailUrl\":\"https:\\\/\\\/www.monsieurhugo.com\\\/blog\\\/wp-content\\\/uploads\\\/2019\\\/12\\\/airbnb.jpg\",\"datePublished\":\"2019-12-27T08:30:00+00:00\",\"dateModified\":\"2026-01-20T14:42:45+00:00\",\"breadcrumb\":{\"@id\":\"https:\\\/\\\/www.monsieurhugo.com\\\/blog\\\/2019\\\/12\\\/27\\\/pourquoi-est-il-risque-de-sous-louer\\\/#breadcrumb\"},\"inLanguage\":\"fr-FR\",\"potentialAction\":[{\"@type\":\"ReadAction\",\"target\":[\"https:\\\/\\\/www.monsieurhugo.com\\\/blog\\\/2019\\\/12\\\/27\\\/pourquoi-est-il-risque-de-sous-louer\\\/\"]}]},{\"@type\":\"ImageObject\",\"inLanguage\":\"fr-FR\",\"@id\":\"https:\\\/\\\/www.monsieurhugo.com\\\/blog\\\/2019\\\/12\\\/27\\\/pourquoi-est-il-risque-de-sous-louer\\\/#primaryimage\",\"url\":\"https:\\\/\\\/www.monsieurhugo.com\\\/blog\\\/wp-content\\\/uploads\\\/2019\\\/12\\\/airbnb.jpg\",\"contentUrl\":\"https:\\\/\\\/www.monsieurhugo.com\\\/blog\\\/wp-content\\\/uploads\\\/2019\\\/12\\\/airbnb.jpg\",\"width\":750,\"height\":375},{\"@type\":\"BreadcrumbList\",\"@id\":\"https:\\\/\\\/www.monsieurhugo.com\\\/blog\\\/2019\\\/12\\\/27\\\/pourquoi-est-il-risque-de-sous-louer\\\/#breadcrumb\",\"itemListElement\":[{\"@type\":\"ListItem\",\"position\":1,\"name\":\"Logiciel Gestion Locative En Ligne\",\"item\":\"https:\\\/\\\/www.monsieurhugo.com\\\/blog\\\/\"},{\"@type\":\"ListItem\",\"position\":2,\"name\":\"location saisonni\u00e8re\",\"item\":\"https:\\\/\\\/www.monsieurhugo.com\\\/blog\\\/category\\\/location-saisonniere\\\/\"},{\"@type\":\"ListItem\",\"position\":3,\"name\":\"Pourquoi est-il risqu\u00e9 de sous-louer son appartement sur AirBnb ?\"}]},{\"@type\":\"WebSite\",\"@id\":\"https:\\\/\\\/www.monsieurhugo.com\\\/blog\\\/#website\",\"url\":\"https:\\\/\\\/www.monsieurhugo.com\\\/blog\\\/\",\"name\":\"Monsieur Hugo\",\"description\":\"Votre logiciel de gestion locative\",\"publisher\":{\"@id\":\"https:\\\/\\\/www.monsieurhugo.com\\\/blog\\\/#organization\"},\"potentialAction\":[{\"@type\":\"SearchAction\",\"target\":{\"@type\":\"EntryPoint\",\"urlTemplate\":\"https:\\\/\\\/www.monsieurhugo.com\\\/blog\\\/?s={search_term_string}\"},\"query-input\":{\"@type\":\"PropertyValueSpecification\",\"valueRequired\":true,\"valueName\":\"search_term_string\"}}],\"inLanguage\":\"fr-FR\"},{\"@type\":\"Organization\",\"@id\":\"https:\\\/\\\/www.monsieurhugo.com\\\/blog\\\/#organization\",\"name\":\"Monsieur Hugo\",\"url\":\"https:\\\/\\\/www.monsieurhugo.com\\\/blog\\\/\",\"logo\":{\"@type\":\"ImageObject\",\"inLanguage\":\"fr-FR\",\"@id\":\"https:\\\/\\\/www.monsieurhugo.com\\\/blog\\\/#\\\/schema\\\/logo\\\/image\\\/\",\"url\":\"https:\\\/\\\/www.monsieurhugo.com\\\/blog\\\/wp-content\\\/uploads\\\/2020\\\/06\\\/Logotype-final-v2.png\",\"contentUrl\":\"https:\\\/\\\/www.monsieurhugo.com\\\/blog\\\/wp-content\\\/uploads\\\/2020\\\/06\\\/Logotype-final-v2.png\",\"width\":898,\"height\":234,\"caption\":\"Monsieur Hugo\"},\"image\":{\"@id\":\"https:\\\/\\\/www.monsieurhugo.com\\\/blog\\\/#\\\/schema\\\/logo\\\/image\\\/\"},\"sameAs\":[\"https:\\\/\\\/www.facebook.com\\\/assistantmonsieurhugo\\\/\",\"https:\\\/\\\/x.com\\\/monsieurhugo_\",\"https:\\\/\\\/www.linkedin.com\\\/company\\\/18421005\\\/\"]},{\"@type\":\"Person\",\"@id\":\"https:\\\/\\\/www.monsieurhugo.com\\\/blog\\\/#\\\/schema\\\/person\\\/c46c67fabd9bedfa0ce7d1f4142116c3\",\"name\":\"Bruno Cantegrel\",\"image\":{\"@type\":\"ImageObject\",\"inLanguage\":\"fr-FR\",\"@id\":\"https:\\\/\\\/secure.gravatar.com\\\/avatar\\\/627f29f4ef165adeb61765fbeaf70336b3653293cbe1ba89fccd189379833b3a?s=96&d=mm&r=g\",\"url\":\"https:\\\/\\\/secure.gravatar.com\\\/avatar\\\/627f29f4ef165adeb61765fbeaf70336b3653293cbe1ba89fccd189379833b3a?s=96&d=mm&r=g\",\"contentUrl\":\"https:\\\/\\\/secure.gravatar.com\\\/avatar\\\/627f29f4ef165adeb61765fbeaf70336b3653293cbe1ba89fccd189379833b3a?s=96&d=mm&r=g\",\"caption\":\"Bruno Cantegrel\"},\"description\":\"Je suis le CEO et le fondateur de Monsieur Hugo : le 1er assistant personnel en gestion locative\u00a0des propri\u00e9taires malins. J'ai maintenant plus de 15 ans d'exp\u00e9rience en investissement et gestion locative.\",\"sameAs\":[\"https:\\\/\\\/www.monsieurhugo.com\\\/blog\\\/a-propos\\\/\",\"https:\\\/\\\/www.linkedin.com\\\/in\\\/bruno-bruno-4336096\\\/\"]}]}<\/script>\n<!-- \/ Yoast SEO plugin. -->","yoast_head_json":{"title":"Pourquoi est-il risqu\u00e9 de sous-louer son appartement sur AirBnb ? - Monsieur Hugo","robots":{"index":"index","follow":"follow","max-snippet":"max-snippet:-1","max-image-preview":"max-image-preview:large","max-video-preview":"max-video-preview:-1"},"canonical":"https:\/\/www.monsieurhugo.com\/blog\/2019\/12\/27\/pourquoi-est-il-risque-de-sous-louer\/","og_locale":"fr_FR","og_type":"article","og_title":"Pourquoi est-il risqu\u00e9 de sous-louer son appartement sur AirBnb ? - Monsieur Hugo","og_description":"Attention \u00e0 la sous location ill\u00e9gale ! Si vous \u00eates locataire et que vous faites de la location courte dur\u00e9e, cette d\u00e9cision judiciaire pourrait vous concerner !!! La Cour de Cassation vient en date du 12 septembre 2019, de condamner des locataires \u00e0 rembourser \u00e0 leur propri\u00e9taire des sommes qu'ils ont per\u00e7ues lors de sous-locations. [&hellip;]","og_url":"https:\/\/www.monsieurhugo.com\/blog\/2019\/12\/27\/pourquoi-est-il-risque-de-sous-louer\/","og_site_name":"Monsieur Hugo","article_publisher":"https:\/\/www.facebook.com\/assistantmonsieurhugo\/","article_published_time":"2019-12-27T08:30:00+00:00","article_modified_time":"2026-01-20T14:42:45+00:00","og_image":[{"width":750,"height":375,"url":"https:\/\/www.monsieurhugo.com\/blog\/wp-content\/uploads\/2019\/12\/airbnb.jpg","type":"image\/jpeg"}],"author":"Bruno Cantegrel","twitter_card":"summary_large_image","twitter_creator":"@monsieurhugo_","twitter_site":"@monsieurhugo_","twitter_misc":{"\u00c9crit par":"Bruno Cantegrel","Dur\u00e9e de lecture estim\u00e9e":"2 minutes"},"schema":{"@context":"https:\/\/schema.org","@graph":[{"@type":"Article","@id":"https:\/\/www.monsieurhugo.com\/blog\/2019\/12\/27\/pourquoi-est-il-risque-de-sous-louer\/#article","isPartOf":{"@id":"https:\/\/www.monsieurhugo.com\/blog\/2019\/12\/27\/pourquoi-est-il-risque-de-sous-louer\/"},"author":{"name":"Bruno Cantegrel","@id":"https:\/\/www.monsieurhugo.com\/blog\/#\/schema\/person\/c46c67fabd9bedfa0ce7d1f4142116c3"},"headline":"Pourquoi est-il risqu\u00e9 de sous-louer son appartement sur AirBnb ?","datePublished":"2019-12-27T08:30:00+00:00","dateModified":"2026-01-20T14:42:45+00:00","mainEntityOfPage":{"@id":"https:\/\/www.monsieurhugo.com\/blog\/2019\/12\/27\/pourquoi-est-il-risque-de-sous-louer\/"},"wordCount":319,"publisher":{"@id":"https:\/\/www.monsieurhugo.com\/blog\/#organization"},"image":{"@id":"https:\/\/www.monsieurhugo.com\/blog\/2019\/12\/27\/pourquoi-est-il-risque-de-sous-louer\/#primaryimage"},"thumbnailUrl":"https:\/\/www.monsieurhugo.com\/blog\/wp-content\/uploads\/2019\/12\/airbnb.jpg","articleSection":["location saisonni\u00e8re"],"inLanguage":"fr-FR"},{"@type":"WebPage","@id":"https:\/\/www.monsieurhugo.com\/blog\/2019\/12\/27\/pourquoi-est-il-risque-de-sous-louer\/","url":"https:\/\/www.monsieurhugo.com\/blog\/2019\/12\/27\/pourquoi-est-il-risque-de-sous-louer\/","name":"Pourquoi est-il risqu\u00e9 de sous-louer son appartement sur AirBnb ? - Monsieur Hugo","isPartOf":{"@id":"https:\/\/www.monsieurhugo.com\/blog\/#website"},"primaryImageOfPage":{"@id":"https:\/\/www.monsieurhugo.com\/blog\/2019\/12\/27\/pourquoi-est-il-risque-de-sous-louer\/#primaryimage"},"image":{"@id":"https:\/\/www.monsieurhugo.com\/blog\/2019\/12\/27\/pourquoi-est-il-risque-de-sous-louer\/#primaryimage"},"thumbnailUrl":"https:\/\/www.monsieurhugo.com\/blog\/wp-content\/uploads\/2019\/12\/airbnb.jpg","datePublished":"2019-12-27T08:30:00+00:00","dateModified":"2026-01-20T14:42:45+00:00","breadcrumb":{"@id":"https:\/\/www.monsieurhugo.com\/blog\/2019\/12\/27\/pourquoi-est-il-risque-de-sous-louer\/#breadcrumb"},"inLanguage":"fr-FR","potentialAction":[{"@type":"ReadAction","target":["https:\/\/www.monsieurhugo.com\/blog\/2019\/12\/27\/pourquoi-est-il-risque-de-sous-louer\/"]}]},{"@type":"ImageObject","inLanguage":"fr-FR","@id":"https:\/\/www.monsieurhugo.com\/blog\/2019\/12\/27\/pourquoi-est-il-risque-de-sous-louer\/#primaryimage","url":"https:\/\/www.monsieurhugo.com\/blog\/wp-content\/uploads\/2019\/12\/airbnb.jpg","contentUrl":"https:\/\/www.monsieurhugo.com\/blog\/wp-content\/uploads\/2019\/12\/airbnb.jpg","width":750,"height":375},{"@type":"BreadcrumbList","@id":"https:\/\/www.monsieurhugo.com\/blog\/2019\/12\/27\/pourquoi-est-il-risque-de-sous-louer\/#breadcrumb","itemListElement":[{"@type":"ListItem","position":1,"name":"Logiciel Gestion Locative En Ligne","item":"https:\/\/www.monsieurhugo.com\/blog\/"},{"@type":"ListItem","position":2,"name":"location saisonni\u00e8re","item":"https:\/\/www.monsieurhugo.com\/blog\/category\/location-saisonniere\/"},{"@type":"ListItem","position":3,"name":"Pourquoi est-il risqu\u00e9 de sous-louer son appartement sur AirBnb ?"}]},{"@type":"WebSite","@id":"https:\/\/www.monsieurhugo.com\/blog\/#website","url":"https:\/\/www.monsieurhugo.com\/blog\/","name":"Monsieur Hugo","description":"Votre logiciel de gestion locative","publisher":{"@id":"https:\/\/www.monsieurhugo.com\/blog\/#organization"},"potentialAction":[{"@type":"SearchAction","target":{"@type":"EntryPoint","urlTemplate":"https:\/\/www.monsieurhugo.com\/blog\/?s={search_term_string}"},"query-input":{"@type":"PropertyValueSpecification","valueRequired":true,"valueName":"search_term_string"}}],"inLanguage":"fr-FR"},{"@type":"Organization","@id":"https:\/\/www.monsieurhugo.com\/blog\/#organization","name":"Monsieur Hugo","url":"https:\/\/www.monsieurhugo.com\/blog\/","logo":{"@type":"ImageObject","inLanguage":"fr-FR","@id":"https:\/\/www.monsieurhugo.com\/blog\/#\/schema\/logo\/image\/","url":"https:\/\/www.monsieurhugo.com\/blog\/wp-content\/uploads\/2020\/06\/Logotype-final-v2.png","contentUrl":"https:\/\/www.monsieurhugo.com\/blog\/wp-content\/uploads\/2020\/06\/Logotype-final-v2.png","width":898,"height":234,"caption":"Monsieur Hugo"},"image":{"@id":"https:\/\/www.monsieurhugo.com\/blog\/#\/schema\/logo\/image\/"},"sameAs":["https:\/\/www.facebook.com\/assistantmonsieurhugo\/","https:\/\/x.com\/monsieurhugo_","https:\/\/www.linkedin.com\/company\/18421005\/"]},{"@type":"Person","@id":"https:\/\/www.monsieurhugo.com\/blog\/#\/schema\/person\/c46c67fabd9bedfa0ce7d1f4142116c3","name":"Bruno Cantegrel","image":{"@type":"ImageObject","inLanguage":"fr-FR","@id":"https:\/\/secure.gravatar.com\/avatar\/627f29f4ef165adeb61765fbeaf70336b3653293cbe1ba89fccd189379833b3a?s=96&d=mm&r=g","url":"https:\/\/secure.gravatar.com\/avatar\/627f29f4ef165adeb61765fbeaf70336b3653293cbe1ba89fccd189379833b3a?s=96&d=mm&r=g","contentUrl":"https:\/\/secure.gravatar.com\/avatar\/627f29f4ef165adeb61765fbeaf70336b3653293cbe1ba89fccd189379833b3a?s=96&d=mm&r=g","caption":"Bruno Cantegrel"},"description":"Je suis le CEO et le fondateur de Monsieur Hugo : le 1er assistant personnel en gestion locative\u00a0des propri\u00e9taires malins. J'ai maintenant plus de 15 ans d'exp\u00e9rience en investissement et gestion locative.","sameAs":["https:\/\/www.monsieurhugo.com\/blog\/a-propos\/","https:\/\/www.linkedin.com\/in\/bruno-bruno-4336096\/"]}]}},"_links":{"self":[{"href":"https:\/\/www.monsieurhugo.com\/blog\/wp-json\/wp\/v2\/posts\/351326","targetHints":{"allow":["GET"]}}],"collection":[{"href":"https:\/\/www.monsieurhugo.com\/blog\/wp-json\/wp\/v2\/posts"}],"about":[{"href":"https:\/\/www.monsieurhugo.com\/blog\/wp-json\/wp\/v2\/types\/post"}],"author":[{"embeddable":true,"href":"https:\/\/www.monsieurhugo.com\/blog\/wp-json\/wp\/v2\/users\/1"}],"replies":[{"embeddable":true,"href":"https:\/\/www.monsieurhugo.com\/blog\/wp-json\/wp\/v2\/comments?post=351326"}],"version-history":[{"count":1,"href":"https:\/\/www.monsieurhugo.com\/blog\/wp-json\/wp\/v2\/posts\/351326\/revisions"}],"predecessor-version":[{"id":354424,"href":"https:\/\/www.monsieurhugo.com\/blog\/wp-json\/wp\/v2\/posts\/351326\/revisions\/354424"}],"wp:featuredmedia":[{"embeddable":true,"href":"https:\/\/www.monsieurhugo.com\/blog\/wp-json\/wp\/v2\/media\/351327"}],"wp:attachment":[{"href":"https:\/\/www.monsieurhugo.com\/blog\/wp-json\/wp\/v2\/media?parent=351326"}],"wp:term":[{"taxonomy":"category","embeddable":true,"href":"https:\/\/www.monsieurhugo.com\/blog\/wp-json\/wp\/v2\/categories?post=351326"},{"taxonomy":"post_tag","embeddable":true,"href":"https:\/\/www.monsieurhugo.com\/blog\/wp-json\/wp\/v2\/tags?post=351326"}],"curies":[{"name":"wp","href":"https:\/\/api.w.org\/{rel}","templated":true}]}}